{"id":518182,"date":"2024-03-25T09:29:02","date_gmt":"2024-03-25T13:29:02","guid":{"rendered":"https:\/\/diariodominicano.com\/?p=518182"},"modified":"2024-03-25T16:48:56","modified_gmt":"2024-03-25T20:48:56","slug":"mide-y-adeofa-llevan-alegria-a-pobladores-de-azua-con-los-mini-conciertos-sorpresas","status":"publish","type":"post","link":"https:\/\/diariodominicano.com\/?p=518182","title":{"rendered":"MIDE y ADEOFA llevan alegr\u00eda a pobladores de Azua con los Mini conciertos sorpresas"},"content":{"rendered":"\n<p>diariodominicano.com<\/p>\n\n\n\n<p>Azua, R. D., 25 de marzo, 2024.- El Ministerio de Defensa (MIDE) y la Asociaci\u00f3n Dominicana de Esposas de Oficiales de las Fuerzas Armadas (ADEOFA) ofrecieron un emocionante Mini concierto sorpresa para disfrute de ni\u00f1os y adultos de esta comunidad.<\/p>\n\n\n\n<p>El excepcional evento, adem\u00e1s de una muestra de aprecio, resalt\u00f3 el compromiso de las Fuerzas Armadas con el bienestar y la cultura de nuestra naci\u00f3n.<\/p>\n\n\n\n<p>El Mini concierto sorpresa se desarroll\u00f3 en el Parque Duarte y atrajo a una multitud entusiasta de residentes y visitantes. Consisti\u00f3 en m\u00fasica en vivo interpretada por talentosos artistas de la Banda de m\u00fasica del MIDE.<\/p>\n\n\n\n<p>La iniciativa, impulsada por el deseo de fortalecer los lazos entre las fuerzas armadas y la comunidad, fue recibida con entusiasmo y gratitud. Adem\u00e1s de ofrecer entretenimiento de alta calidad tambi\u00e9n sirvi\u00f3 de plataforma para resaltar el papel esencial que desempe\u00f1an los cuerpos castrenses en la protecci\u00f3n y el servicio a nuestra patria.<\/p>\n\n\n\n<p>Estos eventos se continuar\u00e1n realizando en diversos espacios p\u00fablicos y privados, llevando alegr\u00eda y promoviendo los valores patrios.<\/p>\n\n\n\n<p>Estuvieron presentes, el comandante del Comando Conjunto Sur, general de brigada Euler Sierra P\u00e9rez, FARD, el director de Asuntos Civiles del Estado Mayor Conjunto del MIDE (J5) general de brigada Piloto, Juan Carlos Vicente P\u00e9rez, FARD, la gobernadora de Azua, se\u00f1ora Grey P\u00e9rez D\u00edaz, el presidente del Centro Duartiano, Filial Azua y vicepresidente del Comit\u00e9 de Festejos, fiestas Patri\u00f3ticas Azua 2024, se\u00f1or Apolinar De Le\u00f3n Medrano.&nbsp;<\/p>\n\n\n\n<p><strong><em>Departamento de Prensa<\/em><\/strong><\/p>\n\n\n\n<p><em><strong>Direcci\u00f3n de Asuntos Civiles del Estado Mayor Conjunto, J5<\/strong><\/em><\/p>\n\n\n\n<p><em><strong>Ministerio de Defensa de Rep\u00fablica Dominicana<\/strong><\/em> <\/p>\n","protected":false},"excerpt":{"rendered":"<p>diariodominicano.com Azua, R. D., 25 de marzo, 2024.- El Ministerio de Defensa (MIDE) y la Asociaci\u00f3n Dominicana de Esposas de Oficiales de las Fuerzas Armadas (ADEOFA) ofrecieron un emocionante Mini concierto sorpresa para disfrute de ni\u00f1os y adultos de esta comunidad. El excepcional evento, adem\u00e1s de una muestra de aprecio, resalt\u00f3 el compromiso de las [&hellip;]<\/p>\n","protected":false},"author":5,"featured_media":518183,"comment_status":"closed","ping_status":"","sticky":true,"template":"","format":"standard","meta":{"footnotes":""},"categories":[20,25,27],"tags":[],"class_list":["post-518182","post","type-post","status-publish","format-standard","has-post-thumbnail","hentry","category-dominicana-hoy","category-gente","category-portada"],"_links":{"self":[{"href":"https:\/\/diariodominicano.com\/index.php?rest_route=\/wp\/v2\/posts\/518182","targetHints":{"allow":["GET"]}}],"collection":[{"href":"https:\/\/diariodominicano.com\/index.php?rest_route=\/wp\/v2\/posts"}],"about":[{"href":"https:\/\/diariodominicano.com\/index.php?rest_route=\/wp\/v2\/types\/post"}],"author":[{"embeddable":true,"href":"https:\/\/diariodominicano.com\/index.php?rest_route=\/wp\/v2\/users\/5"}],"replies":[{"embeddable":true,"href":"https:\/\/diariodominicano.com\/index.php?rest_route=%2Fwp%2Fv2%2Fcomments&post=518182"}],"version-history":[{"count":3,"href":"https:\/\/diariodominicano.com\/index.php?rest_route=\/wp\/v2\/posts\/518182\/revisions"}],"predecessor-version":[{"id":518350,"href":"https:\/\/diariodominicano.com\/index.php?rest_route=\/wp\/v2\/posts\/518182\/revisions\/518350"}],"wp:featuredmedia":[{"embeddable":true,"href":"https:\/\/diariodominicano.com\/index.php?rest_route=\/wp\/v2\/media\/518183"}],"wp:attachment":[{"href":"https:\/\/diariodominicano.com\/index.php?rest_route=%2Fwp%2Fv2%2Fmedia&parent=518182"}],"wp:term":[{"taxonomy":"category","embeddable":true,"href":"https:\/\/diariodominicano.com\/index.php?rest_route=%2Fwp%2Fv2%2Fcategories&post=518182"},{"taxonomy":"post_tag","embeddable":true,"href":"https:\/\/diariodominicano.com\/index.php?rest_route=%2Fwp%2Fv2%2Ftags&post=518182"}],"curies":[{"name":"wp","href":"https:\/\/api.w.org\/{rel}","templated":true}]}}