{"id":518137,"date":"2024-03-25T12:08:07","date_gmt":"2024-03-25T16:08:07","guid":{"rendered":"https:\/\/diariodominicano.com\/?p=518137"},"modified":"2024-03-25T12:08:07","modified_gmt":"2024-03-25T16:08:07","slug":"ozuna-promete-un-show-unico-y-nunca-antes-visto-en-altos-de-chavon","status":"publish","type":"post","link":"https:\/\/diariodominicano.com\/?p=518137","title":{"rendered":"Ozuna promete un show \u00fanico y nunca antes visto en Altos de Chav\u00f3n"},"content":{"rendered":"\n<p>La estrella de la m\u00fasica urbana, Ozuna, se presentar\u00e1 el pr\u00f3ximo s\u00e1bado 30 de marzo en lo que ser\u00e1 un espect\u00e1culo nunca antes visto en su larga carrera musical.<\/p>\n\n\n\n<p>El evento, que forma parte del ya tradicional S\u00e1bado Santo de Altos de Chav\u00f3n, contar\u00e1 con despliegues de tecnolog\u00eda visual, auditiva y una puesta en escena que ser\u00e1 complementada con el amplio repertorio del artista puertorrique\u00f1o.<\/p>\n\n\n\n<p>\u201cEste concierto ser\u00e1 un gran regalo para mis seguidores dominicanos, esos que desde el principio han estado apoyando mi carrera\u201d, expres\u00f3 la estrella de la noche.<\/p>\n\n\n\n<p>Por su lado, el empresario Gamal Hach\u00e9,&nbsp;responsable de la producci\u00f3n del evento, asegur\u00f3 que todo se alista para que los presentes puedan disfrutar de un show de calidad, como la empresa ha sabido hacer durante d\u00e9cadas.<\/p>\n\n\n\n<figure class=\"wp-block-gallery has-nested-images columns-default is-cropped wp-block-gallery-1 is-layout-flex wp-block-gallery-is-layout-flex\">\n<figure class=\"wp-block-image size-large\"><img loading=\"lazy\" decoding=\"async\" width=\"710\" height=\"1024\" data-id=\"518151\" src=\"https:\/\/diariodominicano.com\/wp-content\/uploads\/2024\/03\/Ozuna-promete-un-show-unico-y-nunca-antes-visto-en-Altos-de-Chavon-710x1024.jpg\" alt=\"\" class=\"wp-image-518151\" srcset=\"https:\/\/diariodominicano.com\/wp-content\/uploads\/2024\/03\/Ozuna-promete-un-show-unico-y-nunca-antes-visto-en-Altos-de-Chavon-710x1024.jpg 710w, https:\/\/diariodominicano.com\/wp-content\/uploads\/2024\/03\/Ozuna-promete-un-show-unico-y-nunca-antes-visto-en-Altos-de-Chavon-208x300.jpg 208w, https:\/\/diariodominicano.com\/wp-content\/uploads\/2024\/03\/Ozuna-promete-un-show-unico-y-nunca-antes-visto-en-Altos-de-Chavon-768x1107.jpg 768w, https:\/\/diariodominicano.com\/wp-content\/uploads\/2024\/03\/Ozuna-promete-un-show-unico-y-nunca-antes-visto-en-Altos-de-Chavon-1065x1536.jpg 1065w, https:\/\/diariodominicano.com\/wp-content\/uploads\/2024\/03\/Ozuna-promete-un-show-unico-y-nunca-antes-visto-en-Altos-de-Chavon-1420x2048.jpg 1420w, https:\/\/diariodominicano.com\/wp-content\/uploads\/2024\/03\/Ozuna-promete-un-show-unico-y-nunca-antes-visto-en-Altos-de-Chavon-816x1177.jpg 816w, https:\/\/diariodominicano.com\/wp-content\/uploads\/2024\/03\/Ozuna-promete-un-show-unico-y-nunca-antes-visto-en-Altos-de-Chavon-scaled.jpg 1775w\" sizes=\"auto, (max-width: 710px) 100vw, 710px\" \/><\/figure>\n<\/figure>\n\n\n\n<p>Temas como \u201cSe prepar\u00f3\u201d, \u201cDile\u201d, \u201cPor ti estoy\u201d, \u201cEl farsante\u201d, \u201cEsc\u00e1pate conmigo\u201d, \u201cSe\u00f1or juez\u201d, entre otros, ser\u00e1n interpretados en el concierto que cuenta con el patrocinio de Banreservas, Presidente y Pepsi.<\/p>\n\n\n\n<p>La producci\u00f3n resalt\u00f3 que las entradas para el show est\u00e1n disponibles en Uepa Tickets y en el Club de Due\u00f1os de Casa de Campo. <\/p>\n\n\n\n<p>H\u00e9ctor Romero <\/p>\n","protected":false},"excerpt":{"rendered":"<p>La estrella de la m\u00fasica urbana, Ozuna, se presentar\u00e1 el pr\u00f3ximo s\u00e1bado 30 de marzo en lo que ser\u00e1 un espect\u00e1culo nunca antes visto en su larga carrera musical. El evento, que forma parte del ya tradicional S\u00e1bado Santo de Altos de Chav\u00f3n, contar\u00e1 con despliegues de tecnolog\u00eda visual, auditiva y una puesta en escena [&hellip;]<\/p>\n","protected":false},"author":7,"featured_media":518152,"comment_status":"closed","ping_status":"","sticky":true,"template":"","format":"standard","meta":{"footnotes":""},"categories":[25,27],"tags":[],"class_list":["post-518137","post","type-post","status-publish","format-standard","has-post-thumbnail","hentry","category-gente","category-portada"],"_links":{"self":[{"href":"https:\/\/diariodominicano.com\/index.php?rest_route=\/wp\/v2\/posts\/518137","targetHints":{"allow":["GET"]}}],"collection":[{"href":"https:\/\/diariodominicano.com\/index.php?rest_route=\/wp\/v2\/posts"}],"about":[{"href":"https:\/\/diariodominicano.com\/index.php?rest_route=\/wp\/v2\/types\/post"}],"author":[{"embeddable":true,"href":"https:\/\/diariodominicano.com\/index.php?rest_route=\/wp\/v2\/users\/7"}],"replies":[{"embeddable":true,"href":"https:\/\/diariodominicano.com\/index.php?rest_route=%2Fwp%2Fv2%2Fcomments&post=518137"}],"version-history":[{"count":1,"href":"https:\/\/diariodominicano.com\/index.php?rest_route=\/wp\/v2\/posts\/518137\/revisions"}],"predecessor-version":[{"id":518225,"href":"https:\/\/diariodominicano.com\/index.php?rest_route=\/wp\/v2\/posts\/518137\/revisions\/518225"}],"wp:featuredmedia":[{"embeddable":true,"href":"https:\/\/diariodominicano.com\/index.php?rest_route=\/wp\/v2\/media\/518152"}],"wp:attachment":[{"href":"https:\/\/diariodominicano.com\/index.php?rest_route=%2Fwp%2Fv2%2Fmedia&parent=518137"}],"wp:term":[{"taxonomy":"category","embeddable":true,"href":"https:\/\/diariodominicano.com\/index.php?rest_route=%2Fwp%2Fv2%2Fcategories&post=518137"},{"taxonomy":"post_tag","embeddable":true,"href":"https:\/\/diariodominicano.com\/index.php?rest_route=%2Fwp%2Fv2%2Ftags&post=518137"}],"curies":[{"name":"wp","href":"https:\/\/api.w.org\/{rel}","templated":true}]}}