{"id":518127,"date":"2024-03-25T00:05:35","date_gmt":"2024-03-25T04:05:35","guid":{"rendered":"https:\/\/diariodominicano.com\/?p=518127"},"modified":"2024-03-25T00:05:35","modified_gmt":"2024-03-25T04:05:35","slug":"fallecio-destacada-excorredora-cubana-violeta-quesada","status":"publish","type":"post","link":"https:\/\/diariodominicano.com\/?p=518127","title":{"rendered":"Falleci\u00f3 destacada excorredora cubana Violeta Quesada"},"content":{"rendered":"\n<p>La Habana, 24 mar (Prensa Latina) La destacada excorredora cubana Violeta Quesada, medallista de plata del relevo 4&#215;100 de los Juegos Ol\u00edmpicos de M\u00e9xico 1968, falleci\u00f3 hoy a la edad de 76 a\u00f1os, divulg\u00f3 el semanario Jit.<\/p>\n\n\n\n<ul class=\"wp-block-list\">\n<li><a href=\"https:\/\/www.prensa-latina.cu\/2024\/03\/24\/\"><time>marzo 24, 2024 | 20:53<\/time><\/a><\/li>\n<\/ul>\n\n\n\n<p>Quesada, nacida en la central provincia de Villa Clara, integr\u00f3 la hist\u00f3rica posta de la cita mexicana bajo los cinco aros junto a otras grandes velocistas de la isla como Miguelina Cobi\u00e1n, Marlene Elejalde y Fulgencia Romay.<\/p>\n\n\n\n<p>El presidente del Instituto Nacional de Deportes, Osvaldo Vento, expres\u00f3 su pesar en su cuenta en la red social X.<\/p>\n\n\n\n<p>\u00abAcompa\u00f1amos en su dolor a familiares y amigos de Violeta Quesada, miembro de la posta de 4\u00d7100 metros que conquist\u00f3 plata para Cuba en los Juegos Ol\u00edmpicos de M\u00e9xico 1968. Tambi\u00e9n laureada en otros eventos, su fallecimiento genera profundo dolor en el deporte cubano\u00bb, escribi\u00f3.<\/p>\n\n\n\n<p>En declaraciones a Jit, la exjabalinista cubana Mar\u00eda Caridad Col\u00f3n, miembro del Comit\u00e9 Ol\u00edmpico Internacional y vicepresidenta de la Federaci\u00f3n Cubana de Atletismo, tambi\u00e9n lament\u00f3 el deceso de la corredora.<\/p>\n\n\n\n<p>\u00abElla fue una de las imprescindibles en esa generaci\u00f3n que abri\u00f3 el camino de los logros. Junto a sus compa\u00f1eras de aquella posta fue un ejemplo a seguir por todas las mujeres que luego continuamos cosechando triunfos para nuestro deporte\u00bb, dijo sobre la velocista.<\/p>\n\n\n\n<p>En la exitosa trayectoria de Quesada tambi\u00e9n destaca su participaci\u00f3n en la estafeta que conquist\u00f3 el t\u00edtulo de la misma especialidad en los Juegos Panamericanos de Winnipeg 1967, con r\u00e9cord nacional y triunfo sobre la favorita representaci\u00f3n de Estados Unidos.<\/p>\n\n\n\n<p>Un a\u00f1o antes form\u00f3 parte de la delegaci\u00f3n cubana a la cita multideportiva centrocaribe\u00f1a celebrada en San Juan, Puerto Rico, donde no pudo competir debido a una lesi\u00f3n.<\/p>\n\n\n\n<p>En el 2005, atendiendo a sus destacados resultados internacionales en las pistas, Quesada result\u00f3 exaltada al Sal\u00f3n de la Fama de la Confederaci\u00f3n Centroamericana y del Caribe de Atletismo (Nacac, por sus siglas en ingl\u00e9s).<\/p>\n\n\n\n<p>La antillana muri\u00f3 v\u00edctima de un accidente cerebral mientras se encontraba en la ciudad estadounidense de Tampa, a donde viaj\u00f3 de visita.<\/p>\n\n\n\n<p>npg\/am<\/p>\n","protected":false},"excerpt":{"rendered":"<p>La Habana, 24 mar (Prensa Latina) La destacada excorredora cubana Violeta Quesada, medallista de plata del relevo 4&#215;100 de los Juegos Ol\u00edmpicos de M\u00e9xico 1968, falleci\u00f3 hoy a la edad de 76 a\u00f1os, divulg\u00f3 el semanario Jit. Quesada, nacida en la central provincia de Villa Clara, integr\u00f3 la hist\u00f3rica posta de la cita mexicana bajo [&hellip;]<\/p>\n","protected":false},"author":28,"featured_media":518128,"comment_status":"closed","ping_status":"","sticky":false,"template":"","format":"standard","meta":{"footnotes":""},"categories":[17,26],"tags":[],"class_list":["post-518127","post","type-post","status-publish","format-standard","has-post-thumbnail","hentry","category-deportes","category-efemerides"],"_links":{"self":[{"href":"https:\/\/diariodominicano.com\/index.php?rest_route=\/wp\/v2\/posts\/518127","targetHints":{"allow":["GET"]}}],"collection":[{"href":"https:\/\/diariodominicano.com\/index.php?rest_route=\/wp\/v2\/posts"}],"about":[{"href":"https:\/\/diariodominicano.com\/index.php?rest_route=\/wp\/v2\/types\/post"}],"author":[{"embeddable":true,"href":"https:\/\/diariodominicano.com\/index.php?rest_route=\/wp\/v2\/users\/28"}],"replies":[{"embeddable":true,"href":"https:\/\/diariodominicano.com\/index.php?rest_route=%2Fwp%2Fv2%2Fcomments&post=518127"}],"version-history":[{"count":1,"href":"https:\/\/diariodominicano.com\/index.php?rest_route=\/wp\/v2\/posts\/518127\/revisions"}],"predecessor-version":[{"id":518129,"href":"https:\/\/diariodominicano.com\/index.php?rest_route=\/wp\/v2\/posts\/518127\/revisions\/518129"}],"wp:featuredmedia":[{"embeddable":true,"href":"https:\/\/diariodominicano.com\/index.php?rest_route=\/wp\/v2\/media\/518128"}],"wp:attachment":[{"href":"https:\/\/diariodominicano.com\/index.php?rest_route=%2Fwp%2Fv2%2Fmedia&parent=518127"}],"wp:term":[{"taxonomy":"category","embeddable":true,"href":"https:\/\/diariodominicano.com\/index.php?rest_route=%2Fwp%2Fv2%2Fcategories&post=518127"},{"taxonomy":"post_tag","embeddable":true,"href":"https:\/\/diariodominicano.com\/index.php?rest_route=%2Fwp%2Fv2%2Ftags&post=518127"}],"curies":[{"name":"wp","href":"https:\/\/api.w.org\/{rel}","templated":true}]}}