{"id":518124,"date":"2024-03-25T00:01:36","date_gmt":"2024-03-25T04:01:36","guid":{"rendered":"https:\/\/diariodominicano.com\/?p=518124"},"modified":"2024-03-25T00:01:36","modified_gmt":"2024-03-25T04:01:36","slug":"fallecio-cecilio-curbelo-destacado-periodista-de-cuba","status":"publish","type":"post","link":"https:\/\/diariodominicano.com\/?p=518124","title":{"rendered":"Falleci\u00f3 Cecilio Curbelo, destacado periodista de Cuba"},"content":{"rendered":"\n<p>La Habana, 24 mar (Prensa Latina) El periodista de Cuba Cecilio Curbelo Chongo, reconocido por su vasta trayectoria en la radio, falleci\u00f3 hoy en esta capital, inform\u00f3 la televisi\u00f3n nacional.<\/p>\n\n\n\n<ul class=\"wp-block-list\">\n<li><a href=\"https:\/\/www.prensa-latina.cu\/2024\/03\/24\/\"><time>marzo 24, 2024 | 21:58<\/time><\/a><\/li>\n<\/ul>\n\n\n\n<p>Curbelo labor\u00f3 durante m\u00e1s de 30 a\u00f1os en el programa Haciendo Radio, de la emisora Radio Rebelde, en la conocida secci\u00f3n sobre Medicina Natural y Tradicional, y adem\u00e1s en interacci\u00f3n permanente con los oyentes para tramitar quejas de la poblaci\u00f3n.<\/p>\n\n\n\n<p>Tambi\u00e9n dej\u00f3 su impronta en la emisora COCO, El Peri\u00f3dico del Aire, y como dirigente sindical de base.<\/p>\n\n\n\n<p>Durante varios a\u00f1os fue colaborador de la Agencia Informativa Latinoamericana Prensa Latina y guionista de un espacio dedicado a la Asociaci\u00f3n de Combatientes de la Revoluci\u00f3n Cubana.<\/p>\n\n\n\n<p>Curbelo fue considerado un periodista con un alto sentido del cumplimiento del deber, apego a la profesi\u00f3n y compromiso.<\/p>\n\n\n\n<p>npg\/mks<\/p>\n","protected":false},"excerpt":{"rendered":"<p>La Habana, 24 mar (Prensa Latina) El periodista de Cuba Cecilio Curbelo Chongo, reconocido por su vasta trayectoria en la radio, falleci\u00f3 hoy en esta capital, inform\u00f3 la televisi\u00f3n nacional. Curbelo labor\u00f3 durante m\u00e1s de 30 a\u00f1os en el programa Haciendo Radio, de la emisora Radio Rebelde, en la conocida secci\u00f3n sobre Medicina Natural y [&hellip;]<\/p>\n","protected":false},"author":28,"featured_media":518125,"comment_status":"closed","ping_status":"","sticky":false,"template":"","format":"standard","meta":{"footnotes":""},"categories":[25,23],"tags":[],"class_list":["post-518124","post","type-post","status-publish","format-standard","has-post-thumbnail","hentry","category-gente","category-internacional"],"_links":{"self":[{"href":"https:\/\/diariodominicano.com\/index.php?rest_route=\/wp\/v2\/posts\/518124","targetHints":{"allow":["GET"]}}],"collection":[{"href":"https:\/\/diariodominicano.com\/index.php?rest_route=\/wp\/v2\/posts"}],"about":[{"href":"https:\/\/diariodominicano.com\/index.php?rest_route=\/wp\/v2\/types\/post"}],"author":[{"embeddable":true,"href":"https:\/\/diariodominicano.com\/index.php?rest_route=\/wp\/v2\/users\/28"}],"replies":[{"embeddable":true,"href":"https:\/\/diariodominicano.com\/index.php?rest_route=%2Fwp%2Fv2%2Fcomments&post=518124"}],"version-history":[{"count":1,"href":"https:\/\/diariodominicano.com\/index.php?rest_route=\/wp\/v2\/posts\/518124\/revisions"}],"predecessor-version":[{"id":518126,"href":"https:\/\/diariodominicano.com\/index.php?rest_route=\/wp\/v2\/posts\/518124\/revisions\/518126"}],"wp:featuredmedia":[{"embeddable":true,"href":"https:\/\/diariodominicano.com\/index.php?rest_route=\/wp\/v2\/media\/518125"}],"wp:attachment":[{"href":"https:\/\/diariodominicano.com\/index.php?rest_route=%2Fwp%2Fv2%2Fmedia&parent=518124"}],"wp:term":[{"taxonomy":"category","embeddable":true,"href":"https:\/\/diariodominicano.com\/index.php?rest_route=%2Fwp%2Fv2%2Fcategories&post=518124"},{"taxonomy":"post_tag","embeddable":true,"href":"https:\/\/diariodominicano.com\/index.php?rest_route=%2Fwp%2Fv2%2Ftags&post=518124"}],"curies":[{"name":"wp","href":"https:\/\/api.w.org\/{rel}","templated":true}]}}