{"id":517984,"date":"2024-03-24T20:07:55","date_gmt":"2024-03-25T00:07:55","guid":{"rendered":"https:\/\/diariodominicano.com\/?p=517984"},"modified":"2024-03-24T20:09:08","modified_gmt":"2024-03-25T00:09:08","slug":"pelicula-familiar-que-despierta-emociones","status":"publish","type":"post","link":"https:\/\/diariodominicano.com\/?p=517984","title":{"rendered":"Pel\u00edcula familiar que despierta emociones"},"content":{"rendered":"\n<p><strong>Nosotros Los De La FE\u00a0 muestra diferentes historias transformaci\u00f3n y aceptaci\u00f3n\u00a0 .<\/strong><\/p>\n\n\n\n<figure class=\"wp-block-image size-large\"><img loading=\"lazy\" decoding=\"async\" width=\"768\" height=\"1024\" src=\"https:\/\/diariodominicano.com\/wp-content\/uploads\/2024\/03\/IMG-20240320-WA0009-768x1024.jpg\" alt=\"\" class=\"wp-image-517987\" srcset=\"https:\/\/diariodominicano.com\/wp-content\/uploads\/2024\/03\/IMG-20240320-WA0009-768x1024.jpg 768w, https:\/\/diariodominicano.com\/wp-content\/uploads\/2024\/03\/IMG-20240320-WA0009-225x300.jpg 225w, https:\/\/diariodominicano.com\/wp-content\/uploads\/2024\/03\/IMG-20240320-WA0009-1152x1536.jpg 1152w, https:\/\/diariodominicano.com\/wp-content\/uploads\/2024\/03\/IMG-20240320-WA0009-816x1088.jpg 816w, https:\/\/diariodominicano.com\/wp-content\/uploads\/2024\/03\/IMG-20240320-WA0009.jpg 1200w\" sizes=\"auto, (max-width: 768px) 100vw, 768px\" \/><\/figure>\n\n\n\n<p>Por Mario Antonio Lara Valdez&nbsp;<\/p>\n\n\n\n<p>Elias estuvo sorprendido de ver mi llegada a la presentaci\u00f3n de la pel\u00edcula Nosotros Los De La FE porque es una producci\u00f3n cristiana , pero se equivoco ya que esta pel\u00edcula la recomiendo de forma entusiasta para todos aquellos amantes del buen cine .&nbsp;<\/p>\n\n\n\n<p>Una invitaci\u00f3n al cine resulta muy interesante porque ese desaf\u00edo retador a nuestras preguntas que generalmente nunca tenemos tiempo para escuchar advertencia y respuestas pero sobretodo buscamos imponer nuestra visi\u00f3n .<\/p>\n\n\n\n<p>Caribbean Cinemas contribuye cada vez m\u00e1s a convertirse en el refugio ideal de los dominicanos que gustan de ir al cine a disfrutar entre palomitas y refrescos producciones cinematogr\u00e1fica dominicana y extranjeras cada vez de mejor calidad.&nbsp;<\/p>\n\n\n\n<figure class=\"wp-block-image size-large\"><img loading=\"lazy\" decoding=\"async\" width=\"1024\" height=\"576\" src=\"https:\/\/diariodominicano.com\/wp-content\/uploads\/2024\/03\/20240324_110138-1024x576.png\" alt=\"\" class=\"wp-image-517989\" srcset=\"https:\/\/diariodominicano.com\/wp-content\/uploads\/2024\/03\/20240324_110138-1024x576.png 1024w, https:\/\/diariodominicano.com\/wp-content\/uploads\/2024\/03\/20240324_110138-300x169.png 300w, https:\/\/diariodominicano.com\/wp-content\/uploads\/2024\/03\/20240324_110138-768x432.png 768w, https:\/\/diariodominicano.com\/wp-content\/uploads\/2024\/03\/20240324_110138-816x459.png 816w, https:\/\/diariodominicano.com\/wp-content\/uploads\/2024\/03\/20240324_110138.png 1200w\" sizes=\"auto, (max-width: 1024px) 100vw, 1024px\" \/><\/figure>\n\n\n\n<p>Lograr escribir ese gui\u00f3n que logre conectar emocionalmente pero tambi\u00e9n establecer una buena relaci\u00f3n entre actuaciones convincentes&nbsp; entrelazando a esa producci\u00f3n cinematogr\u00e1fica con todas las garant\u00edas de ser exitosa .<\/p>\n\n\n\n<p>Re\u00edr,&nbsp; llorar , reflexionar, se\u00f1alar,&nbsp; provocar discriminaci\u00f3n ,imponer dogmas religiosos , sentir amor , desarrollar empat\u00eda y respetar a los dem\u00e1s aunque no logremos entender sus forma de proceder y pensar .&nbsp;<\/p>\n\n\n\n<p>Conocer y escuchar al cineasta Arturo Allen director de CanZi\u00f3n Films&nbsp; mostr\u00e1ndonos esa pel\u00edcula de nombre&nbsp; \u201cNosotros, los De la Fe\u201d, un drama con colores diversos sobre la vida de una familia cristiana de tradici\u00f3n pastoral luchando entre sombras que opacan esa luz&nbsp; que solo la voluntad de Dios puede derramar en&nbsp; bendiciones pero nos hace tambien reflexionar sobre nosotros mismos.&nbsp;&nbsp;<\/p>\n\n\n\n<p>Esta comedia nos trae varias historias personales en lo que ocurre a lo interno de la familia tradici\u00f3n pastoral arrastrando equivocaciones y malas interpretaciones de la palabra escrita en la biblia pero tambi\u00e9n podemos observar c\u00f3mo transformarse logrando interpretar la real relaci\u00f3n con Dios .&nbsp;<\/p>\n\n\n\n<p>Esta producci\u00f3n fue&nbsp; realizada en la Ciudad de M\u00e9xico y&nbsp; producida por Leobardo Cisneros, \u201cNosotros, los De la Fe\u201d, tambi\u00e9n dirigida por el puertorrique\u00f1o Julio Rom\u00e1n como escrita por Arturo Allen y cuenta con las actuaciones de Gian Franco (wafe\/ Ap\u00f3stol) intrepretando a ese protagonista que logra robarse sonrisas&nbsp; &nbsp;ademas asistio a la presentaci\u00f3n en&nbsp; Rep\u00fablica Dominicana, Mayte Fierro, Juanpi Monterrubio, Violeta Isfel, Luz Edith Rojas, Andr\u00e9s Z\u00fa\u00f1iga, Paloma Jim\u00e9nez y Ver\u00f3nica Mac\u00edas logrando cada uno penetrar de forma sutil a todo tipo de p\u00fablico.<\/p>\n\n\n\n<p>Mario Antonio Lara Valdez&nbsp;<\/p>\n\n\n\n<p>Twitter X @laravaldez27&nbsp;<\/p>\n\n\n\n<p>Instagram Marioantonio.laravaldez<\/p>\n","protected":false},"excerpt":{"rendered":"<p>Nosotros Los De La FE\u00a0 muestra diferentes historias transformaci\u00f3n y aceptaci\u00f3n\u00a0 . Por Mario Antonio Lara Valdez&nbsp; Elias estuvo sorprendido de ver mi llegada a la presentaci\u00f3n de la pel\u00edcula Nosotros Los De La FE porque es una producci\u00f3n cristiana , pero se equivoco ya que esta pel\u00edcula la recomiendo de forma entusiasta para todos [&hellip;]<\/p>\n","protected":false},"author":28,"featured_media":517985,"comment_status":"closed","ping_status":"","sticky":false,"template":"","format":"standard","meta":{"footnotes":""},"categories":[36,25,19],"tags":[],"class_list":["post-517984","post","type-post","status-publish","format-standard","has-post-thumbnail","hentry","category-hombresmujeresycosas","category-gente","category-mi-voz"],"_links":{"self":[{"href":"https:\/\/diariodominicano.com\/index.php?rest_route=\/wp\/v2\/posts\/517984","targetHints":{"allow":["GET"]}}],"collection":[{"href":"https:\/\/diariodominicano.com\/index.php?rest_route=\/wp\/v2\/posts"}],"about":[{"href":"https:\/\/diariodominicano.com\/index.php?rest_route=\/wp\/v2\/types\/post"}],"author":[{"embeddable":true,"href":"https:\/\/diariodominicano.com\/index.php?rest_route=\/wp\/v2\/users\/28"}],"replies":[{"embeddable":true,"href":"https:\/\/diariodominicano.com\/index.php?rest_route=%2Fwp%2Fv2%2Fcomments&post=517984"}],"version-history":[{"count":3,"href":"https:\/\/diariodominicano.com\/index.php?rest_route=\/wp\/v2\/posts\/517984\/revisions"}],"predecessor-version":[{"id":517990,"href":"https:\/\/diariodominicano.com\/index.php?rest_route=\/wp\/v2\/posts\/517984\/revisions\/517990"}],"wp:featuredmedia":[{"embeddable":true,"href":"https:\/\/diariodominicano.com\/index.php?rest_route=\/wp\/v2\/media\/517985"}],"wp:attachment":[{"href":"https:\/\/diariodominicano.com\/index.php?rest_route=%2Fwp%2Fv2%2Fmedia&parent=517984"}],"wp:term":[{"taxonomy":"category","embeddable":true,"href":"https:\/\/diariodominicano.com\/index.php?rest_route=%2Fwp%2Fv2%2Fcategories&post=517984"},{"taxonomy":"post_tag","embeddable":true,"href":"https:\/\/diariodominicano.com\/index.php?rest_route=%2Fwp%2Fv2%2Ftags&post=517984"}],"curies":[{"name":"wp","href":"https:\/\/api.w.org\/{rel}","templated":true}]}}