{"id":517980,"date":"2024-03-24T19:50:03","date_gmt":"2024-03-24T23:50:03","guid":{"rendered":"https:\/\/diariodominicano.com\/?p=517980"},"modified":"2024-03-24T19:50:54","modified_gmt":"2024-03-24T23:50:54","slug":"develan-bustos-de-jose-marti-y-maximo-gomez-en-dominicana","status":"publish","type":"post","link":"https:\/\/diariodominicano.com\/?p=517980","title":{"rendered":"Develan bustos de Jos\u00e9 Mart\u00ed y M\u00e1ximo G\u00f3mez en Dominicana"},"content":{"rendered":"\n<p>Santo Domingo, 24 mar (Prensa Latina) Bustos con las efigies del H\u00e9roe Nacional de Cuba, Jos\u00e9 Mart\u00ed, y del General\u00edsimo M\u00e1ximo G\u00f3mez fueron develados hoy en esta capital, en ocasi\u00f3n del 129 aniversario de la firma del Manifiesto de Montecristi por los dos patriotas.<\/p>\n\n\n\n<ul class=\"wp-block-list\">\n<li><a href=\"https:\/\/www.prensa-latina.cu\/2024\/03\/24\/\"><time>marzo 24, 2024 | 19:35<\/time><\/a><\/li>\n<\/ul>\n\n\n\n<p>El alcalde de Santo Domingo Este, Manuel Jim\u00e9nez, destac\u00f3 la importancia de preservar la historia como legado para las nuevas generaciones y no olvidar a los grandes protagonistas, \u00abque han luchado por construir ciudadan\u00eda e identidad, como lo hicieron Jos\u00e9 Mart\u00ed y M\u00e1ximo G\u00f3mez\u00bb.<\/p>\n\n\n\n<p>En el acto, que cont\u00f3 con la presencia del embajador de Cuba en este pa\u00eds, \u00c1ngel Arzuaga, el diplom\u00e1tico inici\u00f3 su intervenci\u00f3n con uno de los versos m\u00e1s conmovedores de la obra po\u00e9tica martiana \u00a1Morir\u00e9 de cara al Sol!<\/p>\n\n\n\n<p>As\u00ed cay\u00f3 el h\u00e9roe de la independencia de Cuba en Dos R\u00edos, el 19 de mayo de 1895 -de cara al sol- como anhelaba; para Mart\u00ed, quien no le tem\u00eda a ese momento como dej\u00f3 ver en sus escritos, \u00ab\u2026 la muerte no debe ser penosa para los que han vivido bien, ni para los que le conoc\u00edan de cerca las virtudes. Morir es seguir viaje\u201d.<\/p>\n\n\n\n<p>Arzuaga destac\u00f3 el valor de la hermandad entre los pueblos cubano y dominicano, subrayando la belleza de la historia cuando se cuenta con honestidad y verdad.<\/p>\n\n\n\n<p>Que estos bustos erigidos en honor a Mart\u00ed y G\u00f3mez sean recordatorios vivos de la lucha constante por la libertad y la justicia, puntualiz\u00f3.<\/p>\n\n\n\n<p>Las dos esculturas est\u00e1n ubicadas en el Paseo de la Historia, en la avenida Coronel Rafael Tom\u00e1s Fern\u00e1ndez Dom\u00ednguez, una plaza construida por la gesti\u00f3n del alcalde Manuel Jim\u00e9nez para rendir homenaje a grandes figuras de la historia nacional y del mundo.<\/p>\n\n\n\n<p>All\u00ed se recuerda a l\u00edderes como Juan Bosch, Jos\u00e9 Francisco Pe\u00f1a G\u00f3mez, el expresidente paname\u00f1o Omar Torrijos, la hero\u00edna Mar\u00eda Trinidad S\u00e1nchez y el l\u00edder del Movimiento 14 de Junio, Manolo Tav\u00e1rez Justo.<\/p>\n\n\n\n<p>El busto al General\u00edsimo M\u00e1ximo G\u00f3mez (1836-1905) fue esculpido por el artista dominicano Jensy Ferreiras, mientras que el de Jos\u00e9 Mart\u00ed (1853-1895) estuvo a cargo del tambi\u00e9n criollo Javier Ben\u00edtez.<\/p>\n\n\n\n<p>Jos\u00e9 Mart\u00ed y M\u00e1ximo G\u00f3mez constituyen un s\u00edmbolo de la uni\u00f3n patri\u00f3tica y de amistad entre las dos naciones.<\/p>\n\n\n\n<p>La historia de la independencia de Cuba no puede separarse de la figura de G\u00f3mez, un guerrero que usaba el machete como si en las manos atesorara un rel\u00e1mpago y quien, como Jos\u00e9 Mart\u00ed y el lugarteniente general del Ej\u00e9rcito mamb\u00ed, Antonio Maceo, jam\u00e1s dej\u00f3 de conspirar para lograr la libertad de la naci\u00f3n caribe\u00f1a.<\/p>\n\n\n\n<p>Para sellar la uni\u00f3n entre aquellos libertadores, unidos en sentimientos y responsabilidades, Mart\u00ed y G\u00f3mez firmaron en la localidad dominicana de Montecristi (lugar de residencia del dominicano y su familia) un manifiesto que constitu\u00eda el programa de la Revoluci\u00f3n.<\/p>\n\n\n\n<p>Cuando estamparon su firma el 25 de marzo de 1895 en el Manifiesto de Montecristi, muy cerca del mar, qued\u00f3 sellado el compromiso a los planes libertadores esbozados a ra\u00edz del anuncio, en 1891, de la creaci\u00f3n del Partido Revolucionario Cubano.<\/p>\n\n\n\n<p>npg\/mpv<\/p>\n","protected":false},"excerpt":{"rendered":"<p>Santo Domingo, 24 mar (Prensa Latina) Bustos con las efigies del H\u00e9roe Nacional de Cuba, Jos\u00e9 Mart\u00ed, y del General\u00edsimo M\u00e1ximo G\u00f3mez fueron develados hoy en esta capital, en ocasi\u00f3n del 129 aniversario de la firma del Manifiesto de Montecristi por los dos patriotas. El alcalde de Santo Domingo Este, Manuel Jim\u00e9nez, destac\u00f3 la importancia [&hellip;]<\/p>\n","protected":false},"author":28,"featured_media":412152,"comment_status":"closed","ping_status":"","sticky":true,"template":"","format":"standard","meta":{"footnotes":""},"categories":[21,26],"tags":[],"class_list":["post-517980","post","type-post","status-publish","format-standard","has-post-thumbnail","hentry","category-cultura","category-efemerides"],"_links":{"self":[{"href":"https:\/\/diariodominicano.com\/index.php?rest_route=\/wp\/v2\/posts\/517980","targetHints":{"allow":["GET"]}}],"collection":[{"href":"https:\/\/diariodominicano.com\/index.php?rest_route=\/wp\/v2\/posts"}],"about":[{"href":"https:\/\/diariodominicano.com\/index.php?rest_route=\/wp\/v2\/types\/post"}],"author":[{"embeddable":true,"href":"https:\/\/diariodominicano.com\/index.php?rest_route=\/wp\/v2\/users\/28"}],"replies":[{"embeddable":true,"href":"https:\/\/diariodominicano.com\/index.php?rest_route=%2Fwp%2Fv2%2Fcomments&post=517980"}],"version-history":[{"count":1,"href":"https:\/\/diariodominicano.com\/index.php?rest_route=\/wp\/v2\/posts\/517980\/revisions"}],"predecessor-version":[{"id":517981,"href":"https:\/\/diariodominicano.com\/index.php?rest_route=\/wp\/v2\/posts\/517980\/revisions\/517981"}],"wp:featuredmedia":[{"embeddable":true,"href":"https:\/\/diariodominicano.com\/index.php?rest_route=\/wp\/v2\/media\/412152"}],"wp:attachment":[{"href":"https:\/\/diariodominicano.com\/index.php?rest_route=%2Fwp%2Fv2%2Fmedia&parent=517980"}],"wp:term":[{"taxonomy":"category","embeddable":true,"href":"https:\/\/diariodominicano.com\/index.php?rest_route=%2Fwp%2Fv2%2Fcategories&post=517980"},{"taxonomy":"post_tag","embeddable":true,"href":"https:\/\/diariodominicano.com\/index.php?rest_route=%2Fwp%2Fv2%2Ftags&post=517980"}],"curies":[{"name":"wp","href":"https:\/\/api.w.org\/{rel}","templated":true}]}}