{"id":517954,"date":"2024-03-24T17:59:51","date_gmt":"2024-03-24T21:59:51","guid":{"rendered":"https:\/\/diariodominicano.com\/?p=517954"},"modified":"2024-03-24T17:59:51","modified_gmt":"2024-03-24T21:59:51","slug":"estrellas-del-ballet-nacional-de-cuba-brillan-en-italia-foto","status":"publish","type":"post","link":"https:\/\/diariodominicano.com\/?p=517954","title":{"rendered":"Estrellas del Ballet Nacional de Cuba brillan en Italia (+Foto)"},"content":{"rendered":"\n<p>Roma, 24 mar (Prensa Latina) El Teatro Moderno de la ciudad italiana de Grosetto, se engalana hoy con la actuaci\u00f3n de la directora del Ballet Nacional de Cuba (BNC), Viengsay Vald\u00e9s y del bailar\u00edn principal de esa compa\u00f1\u00eda, \u00c1nyelo Montero, destacan medios de prensa.<\/p>\n\n\n\n<ul class=\"wp-block-list\">\n<li><a href=\"https:\/\/www.prensa-latina.cu\/2024\/03\/24\/\"><time>marzo 24, 2024 | 04:36<\/time><\/a><\/li>\n<\/ul>\n\n\n\n<p>El alcalde de esa localidad, Antonfrancesco Vivarelli, se\u00f1al\u00f3 en declaraciones divulgadas en el sitio digital del diario La Nazione, que esa ciudad de la central regi\u00f3n de Toscana acoge \u201ccon gran entusiasmo\u201d esta noche esa Gran Gala de las Estrellas, con figuras relevantes del BNC, en \u201cun espect\u00e1culo \u00fanico\u201d.<\/p>\n\n\n\n<figure class=\"wp-block-image\"><img decoding=\"async\" src=\"https:\/\/www.prensa-latina.cu\/wp-content\/uploads\/2024\/03\/V2-500x369.jpeg\" alt=\"\" class=\"wp-image-781434\"\/><\/figure>\n\n\n\n<p>\u201cSer\u00e1 un evento de gran valor cultural\u201d, indic\u00f3 por su parte la promotora del mismo, D\u00e9bora Ferretti, quien se\u00f1al\u00f3 que estas presentaciones \u201cdar\u00e1n prestigio a la ciudad\u201d pues \u201cnunca antes en la historia de la danza de Grosseto se hab\u00eda creado un espect\u00e1culo de tan alta profundidad art\u00edstica\u201d.<\/p>\n\n\n\n<p>Esta Gran Gala de las Estrellas del Ballet, es patrocinada por el gobierno de la regi\u00f3n de Toscana, por las autoridades municipales de las ciudades de Grosseto y Follonica, as\u00ed como por el municipio de Castiglione della Pescaia.<\/p>\n\n\n\n<p>Viengsay Vald\u00e9s y \u00c1nyelo Montero interpretar\u00e1n selecciones del ballet Carmen, de Alberto Alonso, adem\u00e1s de un pas de deux de Love Fear Loss, coreograf\u00eda del brasile\u00f1o Ricardo Amarante, un ballet inspirado en la vida de la cantante francesa Edith Piaff, en cuya ejecuci\u00f3n los acompa\u00f1ar\u00e1 en la escena el renombrado pianista cubano Marcos Madrigal.<\/p>\n\n\n\n<p>Adem\u00e1s de la presentaci\u00f3n de los bailarines cubanos como figuras principales, la gala incluir\u00e1 la actuaci\u00f3n de otros altos exponentes de ese arte a nivel mundial, como Fumi Kaneko y Vadim Muntagirov, del Royal Ballet de Londres, as\u00ed como Elisa Carrillo y Mikhail Kaniski, del Staats Ballet Opera Berl\u00edn.<\/p>\n\n\n\n<p>\u201cEs la primera vez que bailar\u00e9 en Grosseto. Es una gran responsabilidad y una oportunidad para interactuar con otros bailarines de todo el mundo\u201d, declar\u00f3 la directora del BNC, Viengsay Vald\u00e9s, quien adem\u00e1s impartir\u00e1 un taller, sobre el m\u00e9todo cubano, a un grupo seleccionado de alumnos de escuelas de ballet europeas.<\/p>\n\n\n\n<p>mem\/ort<\/p>\n","protected":false},"excerpt":{"rendered":"<p>Roma, 24 mar (Prensa Latina) El Teatro Moderno de la ciudad italiana de Grosetto, se engalana hoy con la actuaci\u00f3n de la directora del Ballet Nacional de Cuba (BNC), Viengsay Vald\u00e9s y del bailar\u00edn principal de esa compa\u00f1\u00eda, \u00c1nyelo Montero, destacan medios de prensa. El alcalde de esa localidad, Antonfrancesco Vivarelli, se\u00f1al\u00f3 en declaraciones divulgadas [&hellip;]<\/p>\n","protected":false},"author":28,"featured_media":517955,"comment_status":"closed","ping_status":"","sticky":false,"template":"","format":"standard","meta":{"footnotes":""},"categories":[21,36,25],"tags":[],"class_list":["post-517954","post","type-post","status-publish","format-standard","has-post-thumbnail","hentry","category-cultura","category-hombresmujeresycosas","category-gente"],"_links":{"self":[{"href":"https:\/\/diariodominicano.com\/index.php?rest_route=\/wp\/v2\/posts\/517954","targetHints":{"allow":["GET"]}}],"collection":[{"href":"https:\/\/diariodominicano.com\/index.php?rest_route=\/wp\/v2\/posts"}],"about":[{"href":"https:\/\/diariodominicano.com\/index.php?rest_route=\/wp\/v2\/types\/post"}],"author":[{"embeddable":true,"href":"https:\/\/diariodominicano.com\/index.php?rest_route=\/wp\/v2\/users\/28"}],"replies":[{"embeddable":true,"href":"https:\/\/diariodominicano.com\/index.php?rest_route=%2Fwp%2Fv2%2Fcomments&post=517954"}],"version-history":[{"count":1,"href":"https:\/\/diariodominicano.com\/index.php?rest_route=\/wp\/v2\/posts\/517954\/revisions"}],"predecessor-version":[{"id":517956,"href":"https:\/\/diariodominicano.com\/index.php?rest_route=\/wp\/v2\/posts\/517954\/revisions\/517956"}],"wp:featuredmedia":[{"embeddable":true,"href":"https:\/\/diariodominicano.com\/index.php?rest_route=\/wp\/v2\/media\/517955"}],"wp:attachment":[{"href":"https:\/\/diariodominicano.com\/index.php?rest_route=%2Fwp%2Fv2%2Fmedia&parent=517954"}],"wp:term":[{"taxonomy":"category","embeddable":true,"href":"https:\/\/diariodominicano.com\/index.php?rest_route=%2Fwp%2Fv2%2Fcategories&post=517954"},{"taxonomy":"post_tag","embeddable":true,"href":"https:\/\/diariodominicano.com\/index.php?rest_route=%2Fwp%2Fv2%2Ftags&post=517954"}],"curies":[{"name":"wp","href":"https:\/\/api.w.org\/{rel}","templated":true}]}}