{"id":517891,"date":"2024-03-23T20:30:57","date_gmt":"2024-03-24T00:30:57","guid":{"rendered":"https:\/\/diariodominicano.com\/?p=517891"},"modified":"2024-03-23T20:45:28","modified_gmt":"2024-03-24T00:45:28","slug":"mide-participa-en-acto-de-inauguracion-del-centro-de-capacitacion-dalvis-garcia-volquez-en-duverge","status":"publish","type":"post","link":"https:\/\/diariodominicano.com\/?p=517891","title":{"rendered":"MIDE participa en acto de inauguraci\u00f3n del Centro de Capacitaci\u00f3n \u00abDalvis Garc\u00eda Volquez\u00bb en Duverg\u00e9"},"content":{"rendered":"\n<p><strong>Provincia Independencia.-<\/strong>&nbsp;Con el objetivo de apoyar al desarrollo agropecuario sostenible, el Ministerio de Defensa (MIDE), particip\u00f3 este viernes&nbsp; en la inauguraci\u00f3n del Centro de Capacitaci\u00f3n \u00abDalvis Garc\u00eda Volquez\u00bb de la Cooperativa Agropecuaria de Servicios M\u00faltiples de Ganaderos de Duverg\u00e9 (COOPASDUVE), iniciativa que es implementada por el Fondo Especial para el Desarrollo Agropecuario (FEDA), y tiene como objetivo fortalecer el sector agr\u00edcola y contribuir al progreso econ\u00f3mico de la regi\u00f3n.<\/p>\n\n\n\n<p>Esta infraestructura ser\u00e1 el s\u00edmbolo de la ganader\u00eda familiar a favor de los ganaderos y los productores agr\u00edcolas que desde hace d\u00e9cadas est\u00e1n produciendo leche de calidad grado A.<\/p>\n\n\n\n<p>En el acto que estuvo en representaci\u00f3n del ministro de Defensa, teniente general Carlos Luciano D\u00edaz Morfa, ERD, el general de brigada Germ\u00e1n Alejandro Rosario P\u00e9rez, ERD, es un claro ejemplo del compromiso que tienen las FF.AA con el bienestar y el progreso de las comunidades rurales.<\/p>\n\n\n\n<p>Se espera que estas acciones no solo impulsen el desarrollo agropecuario en Duverg\u00e9, sino que tambi\u00e9n sirvan como modelo para futuros proyectos que beneficien a otras regiones del pa\u00eds.<\/p>\n\n\n\n<p>Prensa Mide<\/p>\n\n\n\n<p><\/p>\n\n\n\n<p><a href=\"mailto:prensaj5mide@gmail.com\" target=\"_blank\" rel=\"noreferrer noopener\">prensaj5mide@gmail.com<\/a><\/p>\n\n\n\n<p><strong><em>Departamento de Prensa<\/em><\/strong><\/p>\n\n\n\n<p><em><strong>Direcci\u00f3n de Asuntos Civiles del Estado Mayor Conjunto, J5<\/strong><\/em><\/p>\n\n\n\n<p><em><strong>Ministerio de Defensa de Rep\u00fablica Dominicana<\/strong><\/em><\/p>\n","protected":false},"excerpt":{"rendered":"<p>Provincia Independencia.-&nbsp;Con el objetivo de apoyar al desarrollo agropecuario sostenible, el Ministerio de Defensa (MIDE), particip\u00f3 este viernes&nbsp; en la inauguraci\u00f3n del Centro de Capacitaci\u00f3n \u00abDalvis Garc\u00eda Volquez\u00bb de la Cooperativa Agropecuaria de Servicios M\u00faltiples de Ganaderos de Duverg\u00e9 (COOPASDUVE), iniciativa que es implementada por el Fondo Especial para el Desarrollo Agropecuario (FEDA), y tiene [&hellip;]<\/p>\n","protected":false},"author":28,"featured_media":517892,"comment_status":"closed","ping_status":"","sticky":false,"template":"","format":"standard","meta":{"footnotes":""},"categories":[20,18],"tags":[],"class_list":["post-517891","post","type-post","status-publish","format-standard","has-post-thumbnail","hentry","category-dominicana-hoy","category-economia"],"_links":{"self":[{"href":"https:\/\/diariodominicano.com\/index.php?rest_route=\/wp\/v2\/posts\/517891","targetHints":{"allow":["GET"]}}],"collection":[{"href":"https:\/\/diariodominicano.com\/index.php?rest_route=\/wp\/v2\/posts"}],"about":[{"href":"https:\/\/diariodominicano.com\/index.php?rest_route=\/wp\/v2\/types\/post"}],"author":[{"embeddable":true,"href":"https:\/\/diariodominicano.com\/index.php?rest_route=\/wp\/v2\/users\/28"}],"replies":[{"embeddable":true,"href":"https:\/\/diariodominicano.com\/index.php?rest_route=%2Fwp%2Fv2%2Fcomments&post=517891"}],"version-history":[{"count":2,"href":"https:\/\/diariodominicano.com\/index.php?rest_route=\/wp\/v2\/posts\/517891\/revisions"}],"predecessor-version":[{"id":517894,"href":"https:\/\/diariodominicano.com\/index.php?rest_route=\/wp\/v2\/posts\/517891\/revisions\/517894"}],"wp:featuredmedia":[{"embeddable":true,"href":"https:\/\/diariodominicano.com\/index.php?rest_route=\/wp\/v2\/media\/517892"}],"wp:attachment":[{"href":"https:\/\/diariodominicano.com\/index.php?rest_route=%2Fwp%2Fv2%2Fmedia&parent=517891"}],"wp:term":[{"taxonomy":"category","embeddable":true,"href":"https:\/\/diariodominicano.com\/index.php?rest_route=%2Fwp%2Fv2%2Fcategories&post=517891"},{"taxonomy":"post_tag","embeddable":true,"href":"https:\/\/diariodominicano.com\/index.php?rest_route=%2Fwp%2Fv2%2Ftags&post=517891"}],"curies":[{"name":"wp","href":"https:\/\/api.w.org\/{rel}","templated":true}]}}