{"id":517866,"date":"2024-03-23T20:11:11","date_gmt":"2024-03-24T00:11:11","guid":{"rendered":"https:\/\/diariodominicano.com\/?p=517866"},"modified":"2024-03-23T20:11:48","modified_gmt":"2024-03-24T00:11:48","slug":"arquidiocesis-de-santiago-realizo-con-exito-caminata-3k-parroquial","status":"publish","type":"post","link":"https:\/\/diariodominicano.com\/?p=517866","title":{"rendered":"Arquidi\u00f3cesis de Santiago realiz\u00f3 con \u00e9xito caminata 3K Parroquial"},"content":{"rendered":"\n<p>Monse\u00f1or H\u00e9ctor Rafael Rodr\u00edguez encabez\u00f3\u00a0la caminata\u00a03k Parroquial\u00a0<\/p>\n\n\n\n<p><strong><em>Estuvieron presentes las autoridades de la Iglesia<\/em><\/strong><\/p>\n\n\n\n<p><strong>SANTIAGO.<\/strong>\u00a0&#8211;\u00a0 Con la presencia del arzobispo metropolitano de la Arquidi\u00f3cesis de Santiago, Monse\u00f1or. H\u00e9ctor Rafael Rodr\u00edguez, y una gran participaci\u00f3n de cat\u00f3licos se realiz\u00f3 con \u00e9xitos la caminata 3K Parroquial con el lema \u00b4 Caminemos en Oraci\u00f3n para Transformar la Naci\u00f3n \u00b4\u00b4, en beneficio del sostenimiento de Radio Amistad.<\/p>\n\n\n\n<p><\/p>\n\n\n\n<p>En la caminata efectuada en el Jard\u00edn Bot\u00e1nico Profesor Eugenio de Jes\u00fas Marcano, el l\u00edder cat\u00f3lico resalt\u00f3 la importancia del 3k como espacio de recreaci\u00f3n,&nbsp; de compartir en familia y aporta al medio ambiente; al tiempo de agradecer a la multitud que respaldo la actividad, as\u00ed como a los patrocinadores.<\/p>\n\n\n\n<p>\u00a8Radio amistad no solo es un medio de comunicaci\u00f3n; sino el latido de nuestras comunidades, una voz que nos conecta a nosotros, pero tambi\u00e9n a nuestras familias y comunidades parroquiales. Recuerden que la magia de la emisora radica en la diversidad de programas, de voces y valores&nbsp;&nbsp; que se expresan a trav\u00e9s de ella\u00a8, indico Monse\u00f1or Rodr\u00edguez.&nbsp;&nbsp; &nbsp;<\/p>\n\n\n\n<p>De su lado el Obispo Auxiliar Monse\u00f1or Tom\u00e1s Morel, agradeci\u00f3 a las parroquias de los diferentes sectores de la provincia, por la participaci\u00f3n masiva de los fieles. Adem\u00e1s, exhort\u00f3 a los presentes a respaldar la tercera versi\u00f3n del 3k a efectuarse el pr\u00f3ximo a\u00f1o.<\/p>\n\n\n\n<p>La comisi\u00f3n organizadora entreg\u00f3 premios a los ganadores de las distintas categor\u00edas: primer abuelo en llegar, primer ni\u00f1o en llegar y primer joven en llegar. Todos recibieron obsequios de las empresas patrocinadoras.<\/p>\n\n\n\n<p>Al final de la caminata que recorri\u00f3 tres y cinco kil\u00f3metros en el campus del jard\u00edn bot\u00e1nico, la agrupaci\u00f3n Mambo Santo deleit\u00f3 a la concurrencia con un selecto repertorio de canciones de alabanza al Todopoderoso.&nbsp;<\/p>\n\n\n\n<p>La 3K es una iniciativa de la Arquidi\u00f3cesis de Santiago con el objetivo de recaudar fondos para el sostenimiento de la reci\u00e9n adquirida Radio Amistad \u00a8La emisora de la familia dominicana\u00a8, concientizar al cuidado de la salud y protecci\u00f3n del medio ambiente en el pa\u00eds. \/\/<\/p>\n\n\n\n<p><strong>Santiago, marzo 2024<\/strong><\/p>\n\n\n\n<p><strong>Comisi\u00f3n Nacional de Pastoral de Comunicaci\u00f3n \/ Arquidi\u00f3cesis de Santiago<\/strong><\/p>\n\n\n\n<p>&nbsp;fotos:<\/p>\n\n\n\n<p>&#8211; Monse\u00f1or H\u00e9ctor Rafael Rodriguez encabez\u00f3&nbsp;la caminata&nbsp;3k Parroquial&nbsp;<\/p>\n\n\n\n<p>El grupo Mambo Santo&nbsp;<\/p>\n\n\n\n<p>&#8211; Masiva la asistencia de los santiagueros&nbsp;en la caminata 3k&nbsp;<\/p>\n","protected":false},"excerpt":{"rendered":"<p>Monse\u00f1or H\u00e9ctor Rafael Rodr\u00edguez encabez\u00f3\u00a0la caminata\u00a03k Parroquial\u00a0 Estuvieron presentes las autoridades de la Iglesia SANTIAGO.\u00a0&#8211;\u00a0 Con la presencia del arzobispo metropolitano de la Arquidi\u00f3cesis de Santiago, Monse\u00f1or. H\u00e9ctor Rafael Rodr\u00edguez, y una gran participaci\u00f3n de cat\u00f3licos se realiz\u00f3 con \u00e9xitos la caminata 3K Parroquial con el lema \u00b4 Caminemos en Oraci\u00f3n para Transformar la Naci\u00f3n [&hellip;]<\/p>\n","protected":false},"author":28,"featured_media":0,"comment_status":"closed","ping_status":"","sticky":true,"template":"","format":"standard","meta":{"footnotes":""},"categories":[36,20,27],"tags":[],"class_list":["post-517866","post","type-post","status-publish","format-standard","hentry","category-hombresmujeresycosas","category-dominicana-hoy","category-portada"],"_links":{"self":[{"href":"https:\/\/diariodominicano.com\/index.php?rest_route=\/wp\/v2\/posts\/517866","targetHints":{"allow":["GET"]}}],"collection":[{"href":"https:\/\/diariodominicano.com\/index.php?rest_route=\/wp\/v2\/posts"}],"about":[{"href":"https:\/\/diariodominicano.com\/index.php?rest_route=\/wp\/v2\/types\/post"}],"author":[{"embeddable":true,"href":"https:\/\/diariodominicano.com\/index.php?rest_route=\/wp\/v2\/users\/28"}],"replies":[{"embeddable":true,"href":"https:\/\/diariodominicano.com\/index.php?rest_route=%2Fwp%2Fv2%2Fcomments&post=517866"}],"version-history":[{"count":2,"href":"https:\/\/diariodominicano.com\/index.php?rest_route=\/wp\/v2\/posts\/517866\/revisions"}],"predecessor-version":[{"id":517878,"href":"https:\/\/diariodominicano.com\/index.php?rest_route=\/wp\/v2\/posts\/517866\/revisions\/517878"}],"wp:attachment":[{"href":"https:\/\/diariodominicano.com\/index.php?rest_route=%2Fwp%2Fv2%2Fmedia&parent=517866"}],"wp:term":[{"taxonomy":"category","embeddable":true,"href":"https:\/\/diariodominicano.com\/index.php?rest_route=%2Fwp%2Fv2%2Fcategories&post=517866"},{"taxonomy":"post_tag","embeddable":true,"href":"https:\/\/diariodominicano.com\/index.php?rest_route=%2Fwp%2Fv2%2Ftags&post=517866"}],"curies":[{"name":"wp","href":"https:\/\/api.w.org\/{rel}","templated":true}]}}