{"id":517862,"date":"2024-03-23T20:00:46","date_gmt":"2024-03-24T00:00:46","guid":{"rendered":"https:\/\/diariodominicano.com\/?p=517862"},"modified":"2024-03-23T20:01:31","modified_gmt":"2024-03-24T00:01:31","slug":"prd-presenta-candidatura-de-jessica-lebron-a-diputada-por-santo-domingo-norte","status":"publish","type":"post","link":"https:\/\/diariodominicano.com\/?p=517862","title":{"rendered":"PRD presenta Candidatura de Jessica Lebr\u00f3n a Diputada por Santo Domingo Norte"},"content":{"rendered":"\n<p><strong>Santo Domingo Norte.-<\/strong>&nbsp;La ex candidata a senadora por la provincia Santo Domingo, Jessica Lebr\u00f3n, quien renunci\u00f3 a sus aspiraciones para facilitar los acuerdos de la Alianza Opositora Rescate RD, en esa importante demarcaci\u00f3n, fue presentada por el PRD como candidata en la boleta de Diputados por la Circunscripci\u00f3n No. 6 del Municipio Santo Domingo Norte, para las elecciones del pr\u00f3ximo 19 de mayo del 2024.<\/p>\n\n\n\n<p>La tambi\u00e9n miembro de la Comisi\u00f3n Pol\u00edtica y Secretaria General del PRD en el Gran Santo Domingo Jessica Lebr\u00f3n, cuenta con una dilatada militancia pol\u00edtica y social,&nbsp;es empresaria, abogada, especializada en Derecho de Familia, con estudios de grados en ciencias pol\u00edtica y administraci\u00f3n p\u00fablica.&nbsp;Presidenta-Fundadora de la Fundaci\u00f3n Jessica Lebr\u00f3n FUNJEL Inc., organizaci\u00f3n sin fines de lucro, que vela por la incorporaci\u00f3n y participaci\u00f3n plena en condiciones de igualdad de las mujeres en la sociedad dominicana, basado en el principio universal de igualdad, libertad y justicia social.<\/p>\n\n\n\n<p>Al anunciar que competir\u00e1 como candidata a diputada, manifest\u00f3 que fue convocada por el ing. Miguel Vargas Maldonado, para que aceptara una candidatura por la cuota de g\u00e9nero en nuestro municipio, a lo que respondi\u00f3 de inmediato \u201cHoy estamos orgullos\u00edsima de ser militante del Partido Revolucionario Dominicano, desde donde hemos demostrado que primero que todo est\u00e1 el pueblo dominicano. Estamos muy comprometida con la inmensa&nbsp;responsabilidad que supone representar a mi partido, abrazando los ideales de nuestro l\u00edder hist\u00f3rico Jos\u00e9 Francisco Pe\u00f1a G\u00f3mez\u201d dijo Jessica Lebr\u00f3n al presidente del PRD.<\/p>\n\n\n\n<p>\u201cCon esta candidatura surge la oportunidad de un nuevo liderazgo para crear un espacio competitivo en la confrontaci\u00f3n de nuestras ideas y propuestas legislativas, por reivindicar la Asamblea Constituyente que nos lleve&nbsp;a la revisi\u00f3n de la Carta Magna, la cual debe ser democr\u00e1tica, institucional y participativa, que renueve y revitalice nuestra democracia, para modernizar al Estado y construir una sociedad m\u00e1s abierta, diversa, pluralista y menos desigual\u201d.<\/p>\n\n\n\n<p>La candidata a diputada tambi\u00e9n profes\u00f3 su compromiso de impulsar desde el Congreso Nacional, la despenalizaci\u00f3n del aborto con las tres causales en el c\u00f3digo penal dominicano,&nbsp;la profundizaci\u00f3n de las reformas democr\u00e1ticas para replantear prioridades, mejorar las instituciones, recuperar la \u00e9tica perdida, fortalecer el estado de derecho, los procesos de descentralizaci\u00f3n, la rendici\u00f3n de cuenta, la universalidad de los derechos como fundamento e instrumento de la integraci\u00f3n social, mejor &nbsp;calidad y mayor &nbsp;cobertura &nbsp;de los bienes y servicios p\u00fablicos.<\/p>\n\n\n\n<p>Desde la C\u00e1mara de Diputados,\u00a0promoveremos el\u00a0desarrollo econ\u00f3mico regional y local, identificando sus recursos naturales, ambientales y las potencialidades humanas para darle un adecuado trato de conservaci\u00f3n, aprovechamiento y desarrollo sustentable. Seremos un contrapeso para garantizar equilibrio, control y fiscalizaci\u00f3n en el uso de los recursos del estado, fortaleciendo y reformulando pol\u00edticas p\u00fablicas para la independencia real y efectiva del aparato judicial contra la impunidad y la corrupci\u00f3n p\u00fablica y privada, concluy\u00f3 diciendo.<\/p>\n\n\n\n<p>Jessica Lebros<\/p>\n\n\n\n<p><a target=\"_blank\" href=\"mailto:comandoestrategicocampana@gmail.com\" rel=\"noreferrer noopener\">comandoestrategicocampana@gmail.com<\/a><\/p>\n\n\n\n<p><strong>Comando Estrat\u00e9gico de Campa\u00f1a CECAM.<\/strong><\/p>\n\n\n\n<p><strong>23 marzo 2024<\/strong><\/p>\n","protected":false},"excerpt":{"rendered":"<p>Santo Domingo Norte.-&nbsp;La ex candidata a senadora por la provincia Santo Domingo, Jessica Lebr\u00f3n, quien renunci\u00f3 a sus aspiraciones para facilitar los acuerdos de la Alianza Opositora Rescate RD, en esa importante demarcaci\u00f3n, fue presentada por el PRD como candidata en la boleta de Diputados por la Circunscripci\u00f3n No. 6 del Municipio Santo Domingo Norte, [&hellip;]<\/p>\n","protected":false},"author":28,"featured_media":517863,"comment_status":"closed","ping_status":"","sticky":true,"template":"","format":"standard","meta":{"footnotes":""},"categories":[22,27],"tags":[],"class_list":["post-517862","post","type-post","status-publish","format-standard","has-post-thumbnail","hentry","category-politica","category-portada"],"_links":{"self":[{"href":"https:\/\/diariodominicano.com\/index.php?rest_route=\/wp\/v2\/posts\/517862","targetHints":{"allow":["GET"]}}],"collection":[{"href":"https:\/\/diariodominicano.com\/index.php?rest_route=\/wp\/v2\/posts"}],"about":[{"href":"https:\/\/diariodominicano.com\/index.php?rest_route=\/wp\/v2\/types\/post"}],"author":[{"embeddable":true,"href":"https:\/\/diariodominicano.com\/index.php?rest_route=\/wp\/v2\/users\/28"}],"replies":[{"embeddable":true,"href":"https:\/\/diariodominicano.com\/index.php?rest_route=%2Fwp%2Fv2%2Fcomments&post=517862"}],"version-history":[{"count":2,"href":"https:\/\/diariodominicano.com\/index.php?rest_route=\/wp\/v2\/posts\/517862\/revisions"}],"predecessor-version":[{"id":517865,"href":"https:\/\/diariodominicano.com\/index.php?rest_route=\/wp\/v2\/posts\/517862\/revisions\/517865"}],"wp:featuredmedia":[{"embeddable":true,"href":"https:\/\/diariodominicano.com\/index.php?rest_route=\/wp\/v2\/media\/517863"}],"wp:attachment":[{"href":"https:\/\/diariodominicano.com\/index.php?rest_route=%2Fwp%2Fv2%2Fmedia&parent=517862"}],"wp:term":[{"taxonomy":"category","embeddable":true,"href":"https:\/\/diariodominicano.com\/index.php?rest_route=%2Fwp%2Fv2%2Fcategories&post=517862"},{"taxonomy":"post_tag","embeddable":true,"href":"https:\/\/diariodominicano.com\/index.php?rest_route=%2Fwp%2Fv2%2Ftags&post=517862"}],"curies":[{"name":"wp","href":"https:\/\/api.w.org\/{rel}","templated":true}]}}