{"id":51784,"date":"2020-07-13T11:43:33","date_gmt":"2020-07-13T11:43:33","guid":{"rendered":"http:\/\/diariodominicano.ddns.net\/?p=51784"},"modified":"2020-07-13T11:43:33","modified_gmt":"2020-07-13T11:43:33","slug":"maria-antonia-sama-mujer-laica-con-paralisis-por-mas-de-60-anos-sera-beatificada","status":"publish","type":"post","link":"https:\/\/diariodominicano.com\/?p=51784","title":{"rendered":"Mar\u00eda Antonia Sam\u00e0, mujer laica con par\u00e1lisis por m\u00e1s de 60 a\u00f1os, ser\u00e1 beatificada"},"content":{"rendered":"<p><body><\/p>\n<p><img decoding=\"async\" src=\"img3\/MaAntoniaSama13-7-20.jpg\" \/>  <\/p>\n<p><span class=\"text1noticias\">diariodominicano.com<\/span><\/p>\n<\/p>\n<p><span class=\"text1noticias\">Redacci\u00f3n ACI Prensa<\/span><\/p>\n<p><span class=\"text1noticias\">Santo Domingo, R. D., 13 de julio de 2020.- El s\u00e1bado pasado la Santa Sede anunci\u00f3 que la sierva de Dios italiana Mar\u00eda Antonia Sam\u00e0 ser\u00e1 beatificada, una laica que vivi\u00f3 m\u00e1s de 60 a\u00f1os inmovilizada en cama con par\u00e1lisis y que a pesar de eso, \u00abinvit\u00f3 a todos a confiar en Dios en cada situaci\u00f3n\u00bb, inform\u00f3 Vatican News.<\/span><\/p>\n<p><span class=\"text1noticias\"> <\/span><\/p>\n<p><span class=\"text1noticias\">Mar\u00eda Antonia Sam\u00e0 naci\u00f3 el 2 de marzo de 1875 en el sur de Italia, en la localidad de Sant?Andrea Jonio en la provincia de Catanzaro.<\/span><\/p>\n<p><span class=\"text1noticias\"> <\/span><\/p>\n<p><span class=\"text1noticias\">De joven tuvo una grave enfermedad que ocasion\u00f3 que se quedara paralizada con las rodillas levantadas y permaneci\u00f3 acostada en esa posici\u00f3n por m\u00e1s de 60 a\u00f1os, ofreciendo al Se\u00f1or todos sus sufrimientos.<\/span><\/p>\n<p><span class=\"text1noticias\"> <\/span><\/p>\n<p><span class=\"text1noticias\">Mar\u00eda Antonia vivi\u00f3 todo con fe e invit\u00f3 a quienes la visitaban a confiar siempre en Dios, en cualquier situaci\u00f3n.<\/span><\/p>\n<p><span class=\"text1noticias\"> <\/span><\/p>\n<p><span class=\"text1noticias\">La gente del pueblo la llamaba \u00abla monja de San Bruno\u00bb, muchas personas acud\u00edan a ella para pedirle consejos y oraciones, y encontraban paz y serenidad. Con ella rezan el Rosario tres veces al d\u00eda.<\/span><\/p>\n<p><span class=\"text1noticias\"> <\/span><\/p>\n<p><span class=\"text1noticias\">Muri\u00f3 el 27 de mayo de 1953 a la edad de 78 a\u00f1os.<\/span><\/p>\n<p><span class=\"text1noticias\"> <\/span><\/p>\n<p><span class=\"text1noticias\">El diario de la Conferencia Episcopal Italiana (CEI) Avvenire, se\u00f1al\u00f3 que la causa de postulaci\u00f3n present\u00f3 a la Congregaci\u00f3n para la Causa de los Santos las pruebas de una \u00abcuraci\u00f3n milagrosa\u00bb a una mujer que sufr\u00eda una \u00abgrave forma degenerativa de artrosis en las rodillas\u00bb y que le provocaba dolores muy fuertes.<\/span><\/p>\n<p><span class=\"text1noticias\"> <\/span><\/p>\n<p><span class=\"text1noticias\">\u00abEl hecho ocurri\u00f3 en la noche entre el 12 al 13 de diciembre de 2004 en G\u00e9nova. Cuando la se\u00f1ora sufr\u00eda dolores fuertes suplic\u00f3 a la venerable sierva de Dios que hab\u00eda conocido cuando era joven. Despu\u00e9s de la invocaci\u00f3n se durmi\u00f3 y a la ma\u00f1ana siguiente, al levantarse, se dio cuenta que hab\u00edan desaparecido los dolores y pudo retomar todas sus activ<\/span>idades\u00bb.<\/p>\n<h6> 2020-07-13 11:43:33 <\/h6>\n<p><!--\n<link rel=\"stylesheet\" href=\"css\/bootstrap.min.css\">\n\n\n<ul class=\"pagination\">\n\t    \n\t\n\n<li >\n\t<a href='?page_no=418'>Previous<\/a>\n\t<\/li>\n\n\n       \n    \n\n<li><a href='?page_no=1'>1<\/a><\/li>\n\n\n\n<li><a href='?page_no=2'>2<\/a><\/li>\n\n\n\n<li><a>...<\/a><\/li>\n\n\n\n<li><a href='?page_no=417'>417<\/a><\/li>\n\n\n\n<li><a href='?page_no=418'>418<\/a><\/li>\n\n\n\n<li class='active'><a>419<\/a><\/li>\n\n\n\n<li><a href='?page_no=420'>420<\/a><\/li>\n\n\n\n<li><a href='?page_no=421'>421<\/a><\/li>\n\n\n\n<li><a>...<\/a><\/li>\n\n\n\n<li><a href='?page_no=22911'>22911<\/a><\/li>\n\n\n\n<li><a href='?page_no=22912'>22912<\/a><\/li>\n\n    \n\t\n\n<li >\n\t<a href='?page_no=420'>Next<\/a>\n\t<\/li>\n\n\n    \n\n<li><a href='?page_no=22912'>Last &rsaquo;&rsaquo;<\/a><\/li>\n\n<\/ul>\n\n\n--><br \/>\n<\/body><\/p>\n","protected":false},"excerpt":{"rendered":"<p>diariodominicano.com Redacci\u00f3n ACI Prensa Santo Domingo, R. D., 13 de julio de 2020.- El s\u00e1bado pasado la Santa Sede anunci\u00f3 que la sierva de Dios italiana Mar\u00eda Antonia Sam\u00e0 ser\u00e1 beatificada, una laica que vivi\u00f3 m\u00e1s de 60 a\u00f1os inmovilizada en cama con par\u00e1lisis y que a pesar de eso, \u00abinvit\u00f3 a todos a confiar [&hellip;]<\/p>\n","protected":false},"author":3,"featured_media":0,"comment_status":"open","ping_status":"open","sticky":false,"template":"","format":"standard","meta":{"footnotes":""},"categories":[21],"tags":[],"class_list":["post-51784","post","type-post","status-publish","format-standard","hentry","category-cultura"],"_links":{"self":[{"href":"https:\/\/diariodominicano.com\/index.php?rest_route=\/wp\/v2\/posts\/51784","targetHints":{"allow":["GET"]}}],"collection":[{"href":"https:\/\/diariodominicano.com\/index.php?rest_route=\/wp\/v2\/posts"}],"about":[{"href":"https:\/\/diariodominicano.com\/index.php?rest_route=\/wp\/v2\/types\/post"}],"author":[{"embeddable":true,"href":"https:\/\/diariodominicano.com\/index.php?rest_route=\/wp\/v2\/users\/3"}],"replies":[{"embeddable":true,"href":"https:\/\/diariodominicano.com\/index.php?rest_route=%2Fwp%2Fv2%2Fcomments&post=51784"}],"version-history":[{"count":0,"href":"https:\/\/diariodominicano.com\/index.php?rest_route=\/wp\/v2\/posts\/51784\/revisions"}],"wp:attachment":[{"href":"https:\/\/diariodominicano.com\/index.php?rest_route=%2Fwp%2Fv2%2Fmedia&parent=51784"}],"wp:term":[{"taxonomy":"category","embeddable":true,"href":"https:\/\/diariodominicano.com\/index.php?rest_route=%2Fwp%2Fv2%2Fcategories&post=51784"},{"taxonomy":"post_tag","embeddable":true,"href":"https:\/\/diariodominicano.com\/index.php?rest_route=%2Fwp%2Fv2%2Ftags&post=51784"}],"curies":[{"name":"wp","href":"https:\/\/api.w.org\/{rel}","templated":true}]}}