{"id":51773,"date":"2020-07-14T01:21:08","date_gmt":"2020-07-14T01:21:08","guid":{"rendered":"http:\/\/diariodominicano.ddns.net\/?p=51773"},"modified":"2020-07-14T01:21:08","modified_gmt":"2020-07-14T01:21:08","slug":"el-dia-que-murio-joaquin-balaguer","status":"publish","type":"post","link":"https:\/\/diariodominicano.com\/?p=51773","title":{"rendered":"El d\u00eda que muri\u00f3  Joaqu\u00edn Balaguer"},"content":{"rendered":"<p><body><\/p>\n<p><img decoding=\"async\" src=\"img3\/Joaquin-Balaguer-1.jpg\" \/>  <\/p>\n<p><strong>Diariodominicano.com<\/strong><\/p>\n<p><strong>El d\u00eda que muri\u00f3  Joaqu\u00edn Balaguer<\/strong><\/p>\n<p>Joaqu\u00edn Balaguer tuvo tiempo para todo.  Estuvo en  el ejercicio pol\u00edtico  m\u00e1s  tiempo que la edad de cada uno de sus principales colaboradores. Fue  un caso excepcional en la historia dominicana.<\/p>\n<\/p>\n<p>Por H\u00e9ctor Tineo Nolasco<\/p>\n<p>Diariodominicano.com<\/p>\n<\/p>\n<p><strong>SANTO DOMINGO, la madrugada del 14 de julio de 2002,<\/strong> falleci\u00f3  de un paro card\u00edaco  mientras dorm\u00eda  el ex presidente  Joaqu\u00edn Balaguer, en la cl\u00ednica   Abr\u00e9u donde se encontraba internado desde hac\u00eda m\u00e1s de una semana.  El doctor Luis Rojas, director del centro m\u00e9dico, inform\u00f3 que el deceso se produjo a las 4:30 de la madrugada del  domingo 14 de julio. <\/p>\n<\/p>\n<p><strong>A petici\u00f3n de la familia Balaguer, el cad\u00e1ver del l\u00edder reformista fue trasladado de la cl\u00ednica Abr\u00e9u a la funeraria Blandino  desde donde luego fue llevado a la que fue  su residencia, en la M\u00e1ximo G\u00f3mez n\u00famero  25, para el velatorio. <\/strong><\/p>\n<p><strong>                <\/strong><\/p>\n<p>Joaqu\u00edn Ricardo, sobrino de Balaguer y miembro de la Comisi\u00f3n ejecutiva del Partido Reformista Social Cristiano, dijo que el cad\u00e1ver del ex  mandatario estar\u00eda  por 72 horas en la que fue su  residencia. Y precis\u00f3 que luego de los actos funerales en la residencia se cumplir\u00e1 con los ritos oficiales que prepar\u00f3 el Gobierno.  <\/p>\n<p>Como anunci\u00f3 Ricardo, el cad\u00e1ver fue  llevado de la residencia al Palacio Nacional donde se le rindieron  los honores correspondientes  a su condici\u00f3n de ex  presidente de la Rep\u00fablica. <\/p>\n<\/p>\n<p> Joaqu\u00edn Ricardo expres\u00f3 su gratitud y agradecimiento a todos los que se preocuparon por la salud del l\u00edder Reformista. <\/p>\n<p><strong>Particip\u00f3 en  pol\u00edtica durante m\u00e1s de 70 a\u00f1os<\/strong><\/p>\n<\/p>\n<p>  Joaqu\u00edn Balaguer tuvo tiempo para todo.  Estuvo en  el ejercicio pol\u00edtico  m\u00e1s  tiempo que la edad de cada uno de sus principales colaboradores. Fue  un caso excepcional en la historia dominicana.<\/p>\n<p> De los principales caudillos dominicanos el que m\u00e1s vivi\u00f3  fue Buenaventura B\u00e1ez, cinco veces Presidente de la Rep\u00fablica, quien muri\u00f3 a la edad de 72  a\u00f1os exiliado en Hormiguero, Puerto Rico. <\/p>\n<p>    \tPedro Santana  muri\u00f3 a los 63 a\u00f1os,  Gregorio Luper\u00f3n,   a los 58 a\u00f1os,  Ulises -Lil\u00eds-  Heureaux,  asesinado a los 54 a\u00f1os,  Horacio V\u00e1squez, muri\u00f3  a los 62 a\u00f1os, y el dictador Rafael Le\u00f3nidas Trujillo Molina, fue muerto a los 70 a\u00f1os.<\/p>\n<p>      \tCuando  nacieron los principales  funcionarios   de su \u00faltima administraci\u00f3n, Balaguer era un actor de la pol\u00edtica dominicana. Los ex vicepresidentes Carlos Morales Troncoso y Jacinto Peynado, fueron  dos ejemplos de los que nacieron despu\u00e9s de Joaqu\u00edn Balaguer estar en la vida pol\u00edtica. <\/p>\n<p>     \tJacinto Peynado ten\u00eda  m\u00e1s de 50 a\u00f1os de edad y Carlos Morales hab\u00eda  cumplido 60. Balaguer  particip\u00f3 en pol\u00edtica   durante m\u00e1s de 70 a\u00f1os como figura pol\u00edtica de primer plano. <\/p>\n<p>      El 23 de febrero de 1930,  particip\u00f3 en el golpe que derroc\u00f3 al presidente Horacio V\u00e1squez. Fue el redactor del Manifiesto del Movimiento que puso fin al Gobierno de Horacio V\u00e1squez, con lo que comenz\u00f3 el proyecto para el general Rafael Le\u00f3nidas Trujillo, tomar el poder.<\/p>\n<p>      \tEn la dictadura de Trujillo fue uno de sus principales colaboradores, de cuya experiencia presenta constancia en su Obra Memoria de Un Cortesano de la Era de Trujillo.<\/p>\n<\/p>\n<p>      \tJoaqu\u00edn Balaguer tambi\u00e9n disfrut\u00f3 en la \u00faltima etapa de su vida,  de un tratamiento de sus adversarios que no lo ha alcanzado ning\u00fan otro pol\u00edtico dominicano. Y fue  el dominicano que fuera del poder &#8211;y  nonagenario&#8211;  mantuvo  el liderazgo de su partido, el Reformista Social Cristiano.<\/p>\n<\/p>\n<p><strong>                  La residencia de Balaguer<\/strong><\/p>\n<\/p>\n<p>    \tSu residencia, en la avenida M\u00e1ximo G\u00f3mez 25, en la ciudad de Santo Domingo,  fue  un lugar al que acudieron  pol\u00edticos y personalidades de distintas creencias pol\u00edticas y religiosas,  desde el ex presidente estadounidense Jimmy Carter, al  ex presidente de Cuba, Fidel Castro. <\/p>\n<\/p>\n<p>    \tEn la pol\u00edtica dominicana su figura fue  tomada en cuenta para las grandes decisiones, como lo prueba el acuerdo de \u00abCaballeros\u00bb que suscribi\u00f3 con el presidente Hip\u00f3lito Mej\u00eda y el presidente del PRD, licenciado Hatuey Decamps, para aprobar los proyectos de reformas del C\u00f3digo Tributario y el desmonte arancelario.<\/p>\n<\/p>\n<p>       \tJoaqu\u00edn Balaguer naci\u00f3 el 1 de septiembre de 1906,  en la villa de Navarrete, a 22 kil\u00f3metros de Santiago. Desde muy joven se  destac\u00f3  como  orador, pol\u00edtico y escritor.<\/p>\n<\/p>\n<p>     Balaguer fue el  \u00fanico pol\u00edtico  dominicano  juramentado siete veces como  Presidente de la Rep\u00fablica. Adem\u00e1s, es el \u00fanico declarado ganador de seis elecciones presidenciales.  <\/p>\n<\/p>\n<p>   Joaqu\u00edn Balaguer es  el \u00fanico dominicano, de m\u00e1s de 90 a\u00f1os, que tuvo  la oportunidad de mantener el liderazgo pol\u00edtico  de uno de los partidos mayoritarios del pa\u00eds, el Reformista Social Cristiano, el cual fund\u00f3 en Puerto Rico, cuando se encontraba en  el exilio en  1964.<\/p>\n<\/p>\n<p>     \tParticip\u00f3  en pol\u00edtica  desde muy joven. \u00abEn Memorias de un Cortesano de la Era de Trujillo\u00bb, deja constancia de que \u00e9l fue el redactor del Manifiesto del Movimiento del 23 de febrero de 1930,  que puso fin al Gobierno de Horacio V\u00e1squez. Es  el \u00fanico protagonista que pudo  contar la historia de aquel d\u00eda, porque los dem\u00e1s, como el poeta Tom\u00e1s Hern\u00e1ndez Franco, Rafael Estrella Ure\u00f1a, Rafael Vidal Torres, Emilio A. Morel y Rafael C\u00e9sar Tolentino, fallecieron antes.<\/p>\n<\/p>\n<p>     \tJoaqu\u00edn Balaguer estudi\u00f3 derecho en la Universidad de Santo Domingo, donde fue investido como licenciado en derecho. Luego hizo el doctorado en la Universidad francesa de la Sorbona.<\/p>\n<\/p>\n<p>    \tEn su obra \u00abCrisis de la Democracia en Am\u00e9rica\u00bb,  publicada en 1964, el ex presidente Juan Bosch afirma que Joaqu\u00edn Balaguer, es el primer dominicano que recibi\u00f3 el t\u00edtulo de Doctor en Derecho, porque lo hizo en Francia, ya que en sus d\u00edas de estudiante aqu\u00ed s\u00f3lo se cursaba la licenciatura.<\/p>\n<\/p>\n<p>      \tDurante la dictadura de Trujillo ocup\u00f3 varios cargos p\u00fablicos, incluidos Canciller de la Rep\u00fablica y Secretario de Educaci\u00f3n.<\/p>\n<\/p>\n<p>     \tEl 3 de agosto de 1960  fue juramentado como Presidente de la Rep\u00fablica por la renuncia del Presidente General\u00edsimo H\u00e9ctor Bienvenido Trujillo. En esas funciones se encontraba la noche del 30 de mayo de 1961, cuando fue ultimado el tirano Trujillo.<\/p>\n<\/p>\n<p>     \tEl d\u00eda 7 de marzo de 1962 sali\u00f3 al exilio y retorn\u00f3 al pa\u00eds el 25 de junio de 1965, durante la Guerra de Abril. Resisti\u00f3 presiones de los sectores que se opon\u00edan a que permaneciera en el pa\u00eds, como el general Antonio Imbert Barreras, presidente del Gobierno de Reconstrucci\u00f3n  y el doctor Donald Reid Cabral, ex presidente del Triunvirato.<\/p>\n<\/p>\n<p>Pasado el tiempo, el  primero fue su amigo y ex colaborador y el segundo, presidente en funciones del partido Reformista Social Cristiano.<\/p>\n<\/p>\n<p>     \tEn las elecciones de 1966, supervisadas por la Organizaci\u00f3n de los Estados Americanos (OEA) y la Organizaci\u00f3n de las Naciones Unidas, fue declarado ganador  de los comicios. <\/p>\n<p>Tom\u00f3 posesi\u00f3n de la Presidencia el 1 de julio de 1966, con lo que inici\u00f3 un r\u00e9gimen que se prolong\u00f3 hasta el 16 de agosto de 1978.<\/p>\n<\/p>\n<p>     \tLuego de sufrir dos derrotas electorales consecutivas, retorn\u00f3 al poder el 16 de agosto de 1986, al ganar los comicios del 16 de mayo de ese a\u00f1o.<\/p>\n<\/p>\n<p>     \tEn 1994, fue declarado ganador de las elecciones generales por la Junta Central Electoral, pero una crisis postelectoral lo oblig\u00f3 a suscribir un acuerdo con su principal adversario pol\u00edtico, el doctor Jos\u00e9 Francisco Pe\u00f1a G\u00f3mez, candidato presidencial del PRD, quien lo hab\u00eda acusado  de cometer un fraude electoral.<\/p>\n<\/p>\n<p>      \tTodo termin\u00f3 con el Pacto de la Democracia, suscrito en el Palacio Nacional el 10 de agosto de 1994, en virtud del cual se redujo a dos a\u00f1os el per\u00edodo de Gobierno del doctor Joaqu\u00edn Balaguer.   <\/p>\n<\/p>\n<p>    \tLa \u00faltima administraci\u00f3n de su Gobierno termin\u00f3 el 16 de agosto de 1996, pero el hecho de que no pudiera ser candidato presidencial, cre\u00f3 las condiciones para que llegara a un acuerdo pol\u00edtico con el Partido de la Liberaci\u00f3n Dominicana (PLD), liderado por su adversario hist\u00f3rico, el profesor Juan Bosch, lo que permiti\u00f3 al PLD ganar la Presidencia de la Rep\u00fablica en los comicios en segunda vuelta del 30 de junio de 1996.<\/p>\n<\/p>\n<p>El PLD triunf\u00f3 con el binomio Leonel Fern\u00e1ndez-Jaime David Fern\u00e1ndez Mirabal.<\/p>\n<\/p>\n<p>     \tEn las elecciones del 16 de mayo de 2000,  fue el candidato presidencial del PRSC y qued\u00f3 en tercer lugar.<\/p>\n<\/p>\n<p>      Balaguer con m\u00e1s de 94 a\u00f1os,  y su visi\u00f3n apagada,  mantuvo  el liderazgo del Partido Reformista Social Cristiano  y dedicaba  tiempo a su vida de escritor.<\/p>\n<\/p>\n<p>    \tPublic\u00f3 su \u00faltima obra en el mes de abril de 2000  con el t\u00edtulo de \u00abLa Raza Inglesa\u00bb. <\/p>\n<\/p>\n<p>    \tBalaguer tambi\u00e9n  tuvo  la oportunidad de ser cortejado por hombres y mujeres que fueron sus adversarios pol\u00edticos.<\/p>\n<\/p>\n<p>    \tAlgunos dec\u00edan que  Balaguer fue  un ser \u00abpredestinado\u00bb.   Y otros un amante del poder.<\/p>\n<\/p>\n<\/p>\n<\/p>\n<h6> 2020-07-14 01:21:08 <\/h6>\n<p><!--\n<link rel=\"stylesheet\" href=\"css\/bootstrap.min.css\">\n\n\n<ul class=\"pagination\">\n\t    \n\t\n\n<li >\n\t<a href='?page_no=417'>Previous<\/a>\n\t<\/li>\n\n\n       \n    \n\n<li><a href='?page_no=1'>1<\/a><\/li>\n\n\n\n<li><a href='?page_no=2'>2<\/a><\/li>\n\n\n\n<li><a>...<\/a><\/li>\n\n\n\n<li><a href='?page_no=416'>416<\/a><\/li>\n\n\n\n<li><a href='?page_no=417'>417<\/a><\/li>\n\n\n\n<li class='active'><a>418<\/a><\/li>\n\n\n\n<li><a href='?page_no=419'>419<\/a><\/li>\n\n\n\n<li><a href='?page_no=420'>420<\/a><\/li>\n\n\n\n<li><a>...<\/a><\/li>\n\n\n\n<li><a href='?page_no=22911'>22911<\/a><\/li>\n\n\n\n<li><a href='?page_no=22912'>22912<\/a><\/li>\n\n    \n\t\n\n<li >\n\t<a href='?page_no=419'>Next<\/a>\n\t<\/li>\n\n\n    \n\n<li><a href='?page_no=22912'>Last &rsaquo;&rsaquo;<\/a><\/li>\n\n<\/ul>\n\n\n--><br \/>\n<\/body><\/p>\n","protected":false},"excerpt":{"rendered":"<p>Diariodominicano.com El d\u00eda que muri\u00f3 Joaqu\u00edn Balaguer Joaqu\u00edn Balaguer tuvo tiempo para todo. Estuvo en el ejercicio pol\u00edtico m\u00e1s tiempo que la edad de cada uno de sus principales colaboradores. Fue un caso excepcional en la historia dominicana. Por H\u00e9ctor Tineo Nolasco Diariodominicano.com SANTO DOMINGO, la madrugada del 14 de julio de 2002, falleci\u00f3 de [&hellip;]<\/p>\n","protected":false},"author":3,"featured_media":0,"comment_status":"open","ping_status":"open","sticky":false,"template":"","format":"standard","meta":{"footnotes":""},"categories":[21],"tags":[],"class_list":["post-51773","post","type-post","status-publish","format-standard","hentry","category-cultura"],"_links":{"self":[{"href":"https:\/\/diariodominicano.com\/index.php?rest_route=\/wp\/v2\/posts\/51773","targetHints":{"allow":["GET"]}}],"collection":[{"href":"https:\/\/diariodominicano.com\/index.php?rest_route=\/wp\/v2\/posts"}],"about":[{"href":"https:\/\/diariodominicano.com\/index.php?rest_route=\/wp\/v2\/types\/post"}],"author":[{"embeddable":true,"href":"https:\/\/diariodominicano.com\/index.php?rest_route=\/wp\/v2\/users\/3"}],"replies":[{"embeddable":true,"href":"https:\/\/diariodominicano.com\/index.php?rest_route=%2Fwp%2Fv2%2Fcomments&post=51773"}],"version-history":[{"count":0,"href":"https:\/\/diariodominicano.com\/index.php?rest_route=\/wp\/v2\/posts\/51773\/revisions"}],"wp:attachment":[{"href":"https:\/\/diariodominicano.com\/index.php?rest_route=%2Fwp%2Fv2%2Fmedia&parent=51773"}],"wp:term":[{"taxonomy":"category","embeddable":true,"href":"https:\/\/diariodominicano.com\/index.php?rest_route=%2Fwp%2Fv2%2Fcategories&post=51773"},{"taxonomy":"post_tag","embeddable":true,"href":"https:\/\/diariodominicano.com\/index.php?rest_route=%2Fwp%2Fv2%2Ftags&post=51773"}],"curies":[{"name":"wp","href":"https:\/\/api.w.org\/{rel}","templated":true}]}}