{"id":517673,"date":"2024-03-22T23:19:27","date_gmt":"2024-03-23T03:19:27","guid":{"rendered":"https:\/\/diariodominicano.com\/?p=517673"},"modified":"2024-03-22T23:27:34","modified_gmt":"2024-03-23T03:27:34","slug":"juan-bolivar-diaz-embajador-de-republica-dominicana-ante-el-reino-de-espana-premio-people-10","status":"publish","type":"post","link":"https:\/\/diariodominicano.com\/?p=517673","title":{"rendered":"Juan Bol\u00edvar D\u00edaz, embajador de Rep\u00fablica Dominicana ante el Reino de Espa\u00f1a, premio PEOPLE 10"},"content":{"rendered":"\n<p><strong>Juan Bol\u00edvar D\u00edaz<\/strong><\/p>\n\n\n\n<p>El embajador dominicano ante el Reino de Espa\u00f1a, Sr. Juan Bol\u00edvar D\u00edaz, ha sido laureado con el prestigioso premio People 10 en reconocimiento a su excepcional labor y dedicaci\u00f3n en la promoci\u00f3n de la igualdad de oportunidades entre mujeres y hombres y la diversidad cultural, en un acto que ha tenido lugar en el Anfiteatro Gabriela Mistral de Casa de Am\u00e9rica, este martes,19 de marzo.<\/p>\n\n\n\n<figure class=\"wp-block-image size-large\"><img loading=\"lazy\" decoding=\"async\" width=\"662\" height=\"1024\" src=\"https:\/\/diariodominicano.com\/wp-content\/uploads\/2024\/03\/Embajada-RD-en-Espana_Foto-3-662x1024.jpg\" alt=\"\" class=\"wp-image-517677\" srcset=\"https:\/\/diariodominicano.com\/wp-content\/uploads\/2024\/03\/Embajada-RD-en-Espana_Foto-3-662x1024.jpg 662w, https:\/\/diariodominicano.com\/wp-content\/uploads\/2024\/03\/Embajada-RD-en-Espana_Foto-3-194x300.jpg 194w, https:\/\/diariodominicano.com\/wp-content\/uploads\/2024\/03\/Embajada-RD-en-Espana_Foto-3-768x1188.jpg 768w, https:\/\/diariodominicano.com\/wp-content\/uploads\/2024\/03\/Embajada-RD-en-Espana_Foto-3-816x1262.jpg 816w, https:\/\/diariodominicano.com\/wp-content\/uploads\/2024\/03\/Embajada-RD-en-Espana_Foto-3.jpg 828w\" sizes=\"auto, (max-width: 662px) 100vw, 662px\" \/><\/figure>\n\n\n\n<p>\u00a0El galard\u00f3n fue recibido por la ministra consejera, Sra. Carmen Amelia Cede\u00f1o, en representaci\u00f3n del embajador D\u00edaz, quien se encontraba en misi\u00f3n oficial en Valencia. El mismo ha sido otorgado por la Asociaci\u00f3n de Mujeres Empresarias Iberoamericanas (AMEIB) en conmemoraci\u00f3n del D\u00eda de la Mujer en el marco del II Congreso Internacional \u00abEUROES 21th CENTURY: Mujeres Europarlamentarias Espa\u00f1olas y Mujeres Latinoamericanas en su lucha contra la xenofobia y el racismo\u00bb. <\/p>\n\n\n\n<p>Este acto reuni\u00f3 a una notable selecci\u00f3n de l\u00edderes pol\u00edticos, empresariales y de medios de comunicaci\u00f3n, as\u00ed como a invitados especiales de diversas embajadas y organismos internacionales.<\/p>\n\n\n\n<p>&nbsp;Las palabras de bienvenida estuvieron a cargo de D. Luis Prados Covarrubias, director de Programaci\u00f3n de Casa de Am\u00e9rica, y de D\u00aa. Ivette Barreto Palacios, presidenta de AMEIB, quien resalt\u00f3 el aporte de valor de las mujeres emprendedoras iberoamericanas.<\/p>\n\n\n\n<figure class=\"wp-block-image size-large\"><img loading=\"lazy\" decoding=\"async\" width=\"1024\" height=\"768\" src=\"https:\/\/diariodominicano.com\/wp-content\/uploads\/2024\/03\/Embajada-RD-en-Espana_Foto-2-1024x768.jpg\" alt=\"\" class=\"wp-image-517679\" srcset=\"https:\/\/diariodominicano.com\/wp-content\/uploads\/2024\/03\/Embajada-RD-en-Espana_Foto-2-1024x768.jpg 1024w, https:\/\/diariodominicano.com\/wp-content\/uploads\/2024\/03\/Embajada-RD-en-Espana_Foto-2-300x225.jpg 300w, https:\/\/diariodominicano.com\/wp-content\/uploads\/2024\/03\/Embajada-RD-en-Espana_Foto-2-768x576.jpg 768w, https:\/\/diariodominicano.com\/wp-content\/uploads\/2024\/03\/Embajada-RD-en-Espana_Foto-2-1536x1152.jpg 1536w, https:\/\/diariodominicano.com\/wp-content\/uploads\/2024\/03\/Embajada-RD-en-Espana_Foto-2-2048x1536.jpg 2048w, https:\/\/diariodominicano.com\/wp-content\/uploads\/2024\/03\/Embajada-RD-en-Espana_Foto-2-816x612.jpg 816w\" sizes=\"auto, (max-width: 1024px) 100vw, 1024px\" \/><\/figure>\n\n\n\n<p><strong>Durante la gesti\u00f3n del embajador Juan Bol\u00edvar D\u00edaz en la Embajada dominicana en Espa\u00f1a, se ha trabajado de manera incansable en la b\u00fasqueda de la igualdad de oportunidades entre mujeres y hombres.<\/strong><\/p>\n\n\n\n<p>Se destaca que, adem\u00e1s del embajador D\u00edaz, han \u00a0recibido el galard\u00f3n, las siguientes personalidades: Fuencisla Clemares Sempere, CEO de Google para Espa\u00f1a y Portugal; Paula G\u00f3mez-Angulo Amor\u00f3s, concejal presidenta de la Junta Municipal de Distrito de Tetu\u00e1n en Madrid; Ana Mar\u00eda Choquehuanca De Villanueva, ministra de la Producci\u00f3n del Gobierno de la Rep\u00fablica del Per\u00fa; Narciso Casado Mart\u00edn, secretario permanente de la CEIB y director general de CEOE Internacional; Amapola Blasco Marhuenda, directora general de Atenci\u00f3n Humanitaria y del Sistema de Acogida de Protecci\u00f3n Internacional del Ministerio de Inclusi\u00f3n, Seguridad Social y Migraciones del Gobierno de Espa\u00f1a; Tom\u00e1s Burgos Gallego, viceconsejero de Presidencia, Interior, Di\u00e1logo Social y Simplificaci\u00f3n Administrativa de la Junta de Andaluc\u00eda; B\u00e1rbara Garc\u00eda Torijano, consejera de Bienestar Social del Gobierno de Castilla La Mancha; Andr\u00e9s Allamand, secretario general Iberoamericano -SEGIB; Ana D\u00e1vila Ponce De Le\u00f3n, consejera de Familia, Juventud y Asuntos Sociales de la Comunidad de Madrid.<\/p>\n\n\n\n<p>&nbsp;El galard\u00f3n en esta ocasi\u00f3n estuvo representado por un Reloj de Arena, como un recordatorio tangible de que el tiempo nunca se detiene y ello conduce a la persona a aprovecharlo en la toma de decisiones que favorezcan a toda la sociedad.<\/p>\n\n\n\n<p>Durante la gesti\u00f3n del embajador Juan Bol\u00edvar D\u00edaz en la Embajada dominicana en Espa\u00f1a, se ha trabajado de manera incansable en la b\u00fasqueda de la igualdad de oportunidades entre mujeres y hombres.<\/p>\n\n\n\n<p>Diana Infante Qui\u00f1ones<\/p>\n\n\n\n<p><a target=\"_blank\" href=\"mailto:dinfante@embajadadominicana.es\" rel=\"noreferrer noopener\">dinfante@embajadadominicana.es<\/a><\/p>\n\n\n\n<p><em>Viernes 22 de marzo<\/em><\/p>\n\n\n\n<p><em>Madrid, Espa\u00f1a<\/em><\/p>\n","protected":false},"excerpt":{"rendered":"<p>Juan Bol\u00edvar D\u00edaz El embajador dominicano ante el Reino de Espa\u00f1a, Sr. Juan Bol\u00edvar D\u00edaz, ha sido laureado con el prestigioso premio People 10 en reconocimiento a su excepcional labor y dedicaci\u00f3n en la promoci\u00f3n de la igualdad de oportunidades entre mujeres y hombres y la diversidad cultural, en un acto que ha tenido lugar [&hellip;]<\/p>\n","protected":false},"author":28,"featured_media":517674,"comment_status":"closed","ping_status":"","sticky":true,"template":"","format":"standard","meta":{"footnotes":""},"categories":[36,20,25,27],"tags":[],"class_list":["post-517673","post","type-post","status-publish","format-standard","has-post-thumbnail","hentry","category-hombresmujeresycosas","category-dominicana-hoy","category-gente","category-portada"],"_links":{"self":[{"href":"https:\/\/diariodominicano.com\/index.php?rest_route=\/wp\/v2\/posts\/517673","targetHints":{"allow":["GET"]}}],"collection":[{"href":"https:\/\/diariodominicano.com\/index.php?rest_route=\/wp\/v2\/posts"}],"about":[{"href":"https:\/\/diariodominicano.com\/index.php?rest_route=\/wp\/v2\/types\/post"}],"author":[{"embeddable":true,"href":"https:\/\/diariodominicano.com\/index.php?rest_route=\/wp\/v2\/users\/28"}],"replies":[{"embeddable":true,"href":"https:\/\/diariodominicano.com\/index.php?rest_route=%2Fwp%2Fv2%2Fcomments&post=517673"}],"version-history":[{"count":5,"href":"https:\/\/diariodominicano.com\/index.php?rest_route=\/wp\/v2\/posts\/517673\/revisions"}],"predecessor-version":[{"id":517681,"href":"https:\/\/diariodominicano.com\/index.php?rest_route=\/wp\/v2\/posts\/517673\/revisions\/517681"}],"wp:featuredmedia":[{"embeddable":true,"href":"https:\/\/diariodominicano.com\/index.php?rest_route=\/wp\/v2\/media\/517674"}],"wp:attachment":[{"href":"https:\/\/diariodominicano.com\/index.php?rest_route=%2Fwp%2Fv2%2Fmedia&parent=517673"}],"wp:term":[{"taxonomy":"category","embeddable":true,"href":"https:\/\/diariodominicano.com\/index.php?rest_route=%2Fwp%2Fv2%2Fcategories&post=517673"},{"taxonomy":"post_tag","embeddable":true,"href":"https:\/\/diariodominicano.com\/index.php?rest_route=%2Fwp%2Fv2%2Ftags&post=517673"}],"curies":[{"name":"wp","href":"https:\/\/api.w.org\/{rel}","templated":true}]}}