{"id":517651,"date":"2024-03-22T22:17:38","date_gmt":"2024-03-23T02:17:38","guid":{"rendered":"https:\/\/diariodominicano.com\/?p=517651"},"modified":"2024-03-22T22:17:38","modified_gmt":"2024-03-23T02:17:38","slug":"accidente-multiple-en-autovia-del-coral-es-asistido-tras-la-coordinacion-del-sistema-911","status":"publish","type":"post","link":"https:\/\/diariodominicano.com\/?p=517651","title":{"rendered":"Accidente m\u00faltiple en autov\u00eda del Coral es asistido tras la coordinaci\u00f3n del Sistema 911"},"content":{"rendered":"\n<p>diariodominicano.com<\/p>\n\n\n\n<p><em>El personal en la escena report\u00f3 la asistencia a varios afectados. El evento se encuentra en desarrollo.<\/em><\/p>\n\n\n\n<p><strong><em> La Altagracia<\/em><\/strong>, R. D.,\u2002<strong><em>22 de marzo del 2024.-<\/em><\/strong> El Sistema Nacional de Atenci\u00f3n a Emergencias y Seguridad 911 inform\u00f3 que despleg\u00f3 15 unidades de respuesta para atender el accidente m\u00faltiple en la autov\u00eda del Coral, pr\u00f3ximo a un hotel de la provincia La Altagracia, la tarde de este viernes.<\/p>\n\n\n\n<p>Tras el hecho, el personal en la escena de inmediato report\u00f3 la asistencia a varios afectados. El evento se encuentra en desarrollo.<\/p>\n\n\n\n<p>\u00abEl operativo de asistencia coordinado cont\u00f3 con la presencia de 11 ambulancias de la Direcci\u00f3n de Servicios de Atenci\u00f3n a Emergencias Extrahospitalarias (DAEH); una unidad de los Cuerpos de Bomberos de Ver\u00f3n y Punta Cana; adem\u00e1s, una unidad con efectivos de la Polic\u00eda Nacional y dos unidades de la Direcci\u00f3n General de Seguridad de Tr\u00e1nsito y Transporte Terrestre (DIGESETT) quienes viabilizan el tr\u00e1nsito\u00bb, indic\u00f3 el director ejecutivo del 911, coronel piloto, Randolfo Rijo G\u00f3mez, ERD.<\/p>\n\n\n\n<p>El Sistema 911 es un servicio p\u00fablico gratuito que salvaguarda la vida y bienes de todos los dominicanos.<\/p>\n\n\n\n<p><strong>Direcci\u00f3n de Comunicaciones<\/strong> | Contacto: <a href=\"mailto:prensa@911.gob.do\">prensa@911.gob.do<\/a><\/p>\n","protected":false},"excerpt":{"rendered":"<p>diariodominicano.com El personal en la escena report\u00f3 la asistencia a varios afectados. El evento se encuentra en desarrollo. La Altagracia, R. D.,\u200222 de marzo del 2024.- El Sistema Nacional de Atenci\u00f3n a Emergencias y Seguridad 911 inform\u00f3 que despleg\u00f3 15 unidades de respuesta para atender el accidente m\u00faltiple en la autov\u00eda del Coral, pr\u00f3ximo a [&hellip;]<\/p>\n","protected":false},"author":5,"featured_media":517654,"comment_status":"closed","ping_status":"","sticky":true,"template":"","format":"standard","meta":{"footnotes":""},"categories":[20,27],"tags":[],"class_list":["post-517651","post","type-post","status-publish","format-standard","has-post-thumbnail","hentry","category-dominicana-hoy","category-portada"],"_links":{"self":[{"href":"https:\/\/diariodominicano.com\/index.php?rest_route=\/wp\/v2\/posts\/517651","targetHints":{"allow":["GET"]}}],"collection":[{"href":"https:\/\/diariodominicano.com\/index.php?rest_route=\/wp\/v2\/posts"}],"about":[{"href":"https:\/\/diariodominicano.com\/index.php?rest_route=\/wp\/v2\/types\/post"}],"author":[{"embeddable":true,"href":"https:\/\/diariodominicano.com\/index.php?rest_route=\/wp\/v2\/users\/5"}],"replies":[{"embeddable":true,"href":"https:\/\/diariodominicano.com\/index.php?rest_route=%2Fwp%2Fv2%2Fcomments&post=517651"}],"version-history":[{"count":1,"href":"https:\/\/diariodominicano.com\/index.php?rest_route=\/wp\/v2\/posts\/517651\/revisions"}],"predecessor-version":[{"id":517655,"href":"https:\/\/diariodominicano.com\/index.php?rest_route=\/wp\/v2\/posts\/517651\/revisions\/517655"}],"wp:featuredmedia":[{"embeddable":true,"href":"https:\/\/diariodominicano.com\/index.php?rest_route=\/wp\/v2\/media\/517654"}],"wp:attachment":[{"href":"https:\/\/diariodominicano.com\/index.php?rest_route=%2Fwp%2Fv2%2Fmedia&parent=517651"}],"wp:term":[{"taxonomy":"category","embeddable":true,"href":"https:\/\/diariodominicano.com\/index.php?rest_route=%2Fwp%2Fv2%2Fcategories&post=517651"},{"taxonomy":"post_tag","embeddable":true,"href":"https:\/\/diariodominicano.com\/index.php?rest_route=%2Fwp%2Fv2%2Ftags&post=517651"}],"curies":[{"name":"wp","href":"https:\/\/api.w.org\/{rel}","templated":true}]}}