{"id":51762,"date":"2020-07-14T01:30:42","date_gmt":"2020-07-14T01:30:42","guid":{"rendered":"http:\/\/diariodominicano.ddns.net\/?p=51762"},"modified":"2020-07-14T01:30:42","modified_gmt":"2020-07-14T01:30:42","slug":"gobierno-de-haiti-desata-persecucion-contra-el-proyecto-de-los-trinitarios","status":"publish","type":"post","link":"https:\/\/diariodominicano.com\/?p=51762","title":{"rendered":"Gobierno de Hait\u00ed desata persecuci\u00f3n contra el proyecto de los trinitarios"},"content":{"rendered":"<p><body><\/p>\n<p><strong>Diariodominicano.com<\/strong><\/p>\n<p><strong>Gobierno de Hait\u00ed desata persecuci\u00f3n contra el proyecto de los trinitarios<\/strong><\/p>\n<p>El d\u00eda 14 de julio de 1843, miembros del Ej\u00e9rcito Haitiano arrestaron a los ciudadanos Pedro Pablo Bonilla, Juan Nepomuceno Ravelo,  Manuel Leguisam\u00f3n, Silvano Pujols,  Jos\u00e9 Manuel Machado y Norberto Linares.<\/p>\n<\/p>\n<p><strong>Por H\u00e9ctor Tineo Nolasco<\/strong><\/p>\n<p><strong>Diariodominicano.com<\/strong><\/p>\n<\/p>\n<p><strong>SANTO DOMINGO,  el 14 de julio de 1843,<\/strong> el Gobierno haitiano continu\u00f3 los actos de represi\u00f3n contra los ciudadanos sospechosos de apoyar las iniciativas en procura de fundar la Rep\u00fablica Dominicana.<\/p>\n<\/p>\n<p>   El d\u00eda 14 de julio de 1843, miembros del Ej\u00e9rcito Haitiano arrestaron a los ciudadanos Pedro Pablo Bonilla, Juan Nepomuceno Ravelo,  Manuel Leguisam\u00f3n, Silvano Pujols,  Jos\u00e9 Manuel Machado y Norberto Linares.<\/p>\n<\/p>\n<p>   Tambi\u00e9n fueron detenidos   Gabriel Jos\u00e9 Luna, y los oficiales del Ej\u00e9rcito Haitiano Pedro Valverde Lara, Juan Ru\u00edz, Ignacio de Paula,  y Alejandro Dis\u00fa Batequi.<\/p>\n<\/p>\n<p>Juan Pablo Duarte, para evadir la persecuci\u00f3n se refugi\u00f3 el mismo d\u00eda 14 de julio  en la residencia de su amigo  Manuel Hern\u00e1ndez.<\/p>\n<\/p>\n<p>     Rosa Duarte  informa  en sus apuntes que a las cuatro de las tarde comenzaron las acciones contra los trinitarios.<\/p>\n<\/p>\n<p>    \u00abA las 7 de la noche Juan Pablo Duarte y Juan Isidro Pina mudaron de asilo  y fueron a ocultarse en casa del se\u00f1or  Manuel Hern\u00e1ndez\u00bb.<\/p>\n<\/p>\n<p>    Rosa Duarte anota que a las 9 de la noche se le  uni\u00f3 Juan Isidro P\u00e9rez y estuvieron all\u00ed hasta el 16 en la noche cuando sus enemigos descubrieron el lugar donde se encontraban.<\/p>\n<\/p>\n<p>     La ocupaci\u00f3n haitiana del Santo Domingo Espa\u00f1ol, hoy Rep\u00fablica Dominicana, hab\u00eda comenzado de manera oficial el d\u00eda 9 de febrero de 1822, cuando Jos\u00e9 N\u00fa\u00f1ez de C\u00e1ceres, el l\u00edder de la Independencia Ef\u00edmera les,  entreg\u00f3 las  llaves  de la ciudad al Presidente haitiano Pedro Boyer.<\/p>\n<\/p>\n<p>Boyer hab\u00eda iniciado  su marcha hacia Santo Domingo,  el d\u00eda 1 de enero de 1822, con un Ej\u00e9rcito de 12 mil hombres, el cual dividi\u00f3 en dos columnas: una que cortar\u00eda el sur,  al mando de Pedro Boyer, y otra por el norte, del general Guy Joseph Bonnet.<\/p>\n<\/p>\n<p>     El Presidente Pedro Boyer entr\u00f3 a la ciudad de Santo Domingo, el d\u00eda 8 de febrero de 1822, al tomar el sector San Carlos, que en ese momento estaba en la periferia de la Capital.<\/p>\n<\/p>\n<p>   En el momento que se inici\u00f3 la ocupaci\u00f3n haitiana el Santo Domingo Espa\u00f1ol estaba dividido en tres \u00abpartidos\u00bb: uno pro-haitiano, uno procolombiano  y otro hispano. Esa realidad posibilit\u00f3 la entrada de los haitianos sin enfrentar dificultades de importancia.<\/p>\n<\/p>\n<\/p>\n<\/p>\n<p>    Juan Pablo Duarte hab\u00eda iniciado la lucha por la independencia dominicana el 16 de julio de 1838, cuando fund\u00f3 la sociedad secreta La Trinitaria.<\/p>\n<\/p>\n<p>    A pesar de los actos de represi\u00f3n del Gobierno haitiano en contra de los independentistas, la Rep\u00fablica Dominicana fue proclamada el 27 de febrero de  1844.<\/p>\n<\/p>\n<h6> 2020-07-14 01:30:42 <\/h6>\n<p><!--\n<link rel=\"stylesheet\" href=\"css\/bootstrap.min.css\">\n\n\n<ul class=\"pagination\">\n\t    \n\t\n\n<li >\n\t<a href='?page_no=416'>Previous<\/a>\n\t<\/li>\n\n\n       \n    \n\n<li><a href='?page_no=1'>1<\/a><\/li>\n\n\n\n<li><a href='?page_no=2'>2<\/a><\/li>\n\n\n\n<li><a>...<\/a><\/li>\n\n\n\n<li><a href='?page_no=415'>415<\/a><\/li>\n\n\n\n<li><a href='?page_no=416'>416<\/a><\/li>\n\n\n\n<li class='active'><a>417<\/a><\/li>\n\n\n\n<li><a href='?page_no=418'>418<\/a><\/li>\n\n\n\n<li><a href='?page_no=419'>419<\/a><\/li>\n\n\n\n<li><a>...<\/a><\/li>\n\n\n\n<li><a href='?page_no=22911'>22911<\/a><\/li>\n\n\n\n<li><a href='?page_no=22912'>22912<\/a><\/li>\n\n    \n\t\n\n<li >\n\t<a href='?page_no=418'>Next<\/a>\n\t<\/li>\n\n\n    \n\n<li><a href='?page_no=22912'>Last &rsaquo;&rsaquo;<\/a><\/li>\n\n<\/ul>\n\n\n--><br \/>\n<\/body><\/p>\n","protected":false},"excerpt":{"rendered":"<p>Diariodominicano.com Gobierno de Hait\u00ed desata persecuci\u00f3n contra el proyecto de los trinitarios El d\u00eda 14 de julio de 1843, miembros del Ej\u00e9rcito Haitiano arrestaron a los ciudadanos Pedro Pablo Bonilla, Juan Nepomuceno Ravelo, Manuel Leguisam\u00f3n, Silvano Pujols, Jos\u00e9 Manuel Machado y Norberto Linares. Por H\u00e9ctor Tineo Nolasco Diariodominicano.com SANTO DOMINGO, el 14 de julio de [&hellip;]<\/p>\n","protected":false},"author":3,"featured_media":0,"comment_status":"open","ping_status":"open","sticky":false,"template":"","format":"standard","meta":{"footnotes":""},"categories":[21],"tags":[],"class_list":["post-51762","post","type-post","status-publish","format-standard","hentry","category-cultura"],"_links":{"self":[{"href":"https:\/\/diariodominicano.com\/index.php?rest_route=\/wp\/v2\/posts\/51762","targetHints":{"allow":["GET"]}}],"collection":[{"href":"https:\/\/diariodominicano.com\/index.php?rest_route=\/wp\/v2\/posts"}],"about":[{"href":"https:\/\/diariodominicano.com\/index.php?rest_route=\/wp\/v2\/types\/post"}],"author":[{"embeddable":true,"href":"https:\/\/diariodominicano.com\/index.php?rest_route=\/wp\/v2\/users\/3"}],"replies":[{"embeddable":true,"href":"https:\/\/diariodominicano.com\/index.php?rest_route=%2Fwp%2Fv2%2Fcomments&post=51762"}],"version-history":[{"count":0,"href":"https:\/\/diariodominicano.com\/index.php?rest_route=\/wp\/v2\/posts\/51762\/revisions"}],"wp:attachment":[{"href":"https:\/\/diariodominicano.com\/index.php?rest_route=%2Fwp%2Fv2%2Fmedia&parent=51762"}],"wp:term":[{"taxonomy":"category","embeddable":true,"href":"https:\/\/diariodominicano.com\/index.php?rest_route=%2Fwp%2Fv2%2Fcategories&post=51762"},{"taxonomy":"post_tag","embeddable":true,"href":"https:\/\/diariodominicano.com\/index.php?rest_route=%2Fwp%2Fv2%2Ftags&post=51762"}],"curies":[{"name":"wp","href":"https:\/\/api.w.org\/{rel}","templated":true}]}}