{"id":517616,"date":"2024-03-22T20:53:15","date_gmt":"2024-03-23T00:53:15","guid":{"rendered":"https:\/\/diariodominicano.com\/?p=517616"},"modified":"2024-03-22T21:07:53","modified_gmt":"2024-03-23T01:07:53","slug":"las-guerras-unas-conocidas-y-otras-ignoradas-y-3","status":"publish","type":"post","link":"https:\/\/diariodominicano.com\/?p=517616","title":{"rendered":"LAS GUERRAS, UNAS CONOCIDAS Y OTRAS IGNORADAS (y 3)"},"content":{"rendered":"\n<p>POR TE\u00d3FILO LAPPOT ROBLES<\/p>\n\n\n\n<p>La Rep\u00fablica Dominicana no ha sido ajena a la tragedia de diversas guerras. Varios autores han hecho menci\u00f3n a temas religiosos que han sido vinculados con las mismas.<\/p>\n\n\n\n<figure class=\"wp-block-image size-full\"><img loading=\"lazy\" decoding=\"async\" width=\"700\" height=\"394\" src=\"https:\/\/diariodominicano.com\/wp-content\/uploads\/2022\/06\/Juan-Bosch30-6-22.jpg\" alt=\"\" class=\"wp-image-365122\" srcset=\"https:\/\/diariodominicano.com\/wp-content\/uploads\/2022\/06\/Juan-Bosch30-6-22.jpg 700w, https:\/\/diariodominicano.com\/wp-content\/uploads\/2022\/06\/Juan-Bosch30-6-22-300x169.jpg 300w\" sizes=\"auto, (max-width: 700px) 100vw, 700px\" \/><\/figure>\n\n\n\n<p><strong>Juan Bosch<\/strong> se\u00f1al\u00f3 que \u201cel 21 de enero se fij\u00f3 como d\u00eda de la virgen de Altagracia para conmemorar la victoria de Sabana Real de la Limonada\u201d. (Composici\u00f3n Social Dominicana. Ed. Alfa y Omega, 1984.P.108).<\/p>\n\n\n\n<figure class=\"wp-block-image size-large\"><img loading=\"lazy\" decoding=\"async\" width=\"1024\" height=\"804\" src=\"https:\/\/diariodominicano.com\/wp-content\/uploads\/2022\/09\/foto-Joaquin-Balaguer-1024x804.jpg\" alt=\"\" class=\"wp-image-380260\" srcset=\"https:\/\/diariodominicano.com\/wp-content\/uploads\/2022\/09\/foto-Joaquin-Balaguer-1024x804.jpg 1024w, https:\/\/diariodominicano.com\/wp-content\/uploads\/2022\/09\/foto-Joaquin-Balaguer-300x235.jpg 300w, https:\/\/diariodominicano.com\/wp-content\/uploads\/2022\/09\/foto-Joaquin-Balaguer-768x603.jpg 768w, https:\/\/diariodominicano.com\/wp-content\/uploads\/2022\/09\/foto-Joaquin-Balaguer-816x640.jpg 816w, https:\/\/diariodominicano.com\/wp-content\/uploads\/2022\/09\/foto-Joaquin-Balaguer.jpg 1083w\" sizes=\"auto, (max-width: 1024px) 100vw, 1024px\" \/><\/figure>\n\n\n\n<p><strong>Joaqu\u00edn Balaguer<\/strong> en un discurso pronunciado el 21 de enero de 1971, en la inauguraci\u00f3n de la bas\u00edlica de Hig\u00fcey, dijo que \u201cla Virgen de Altagracia\u00a0 se identifica con la propia imagen de la patria\u2026\u201d<\/p>\n\n\n\n<p>El poeta griego Homero, al referirse a la guerra de 10 a\u00f1os entre los troyanos y los aqueos, con dioses mitol\u00f3gicos pulseando \u201cdetr\u00e1s del biombo\u201d, hizo una recreaci\u00f3n de la misma.<\/p>\n\n\n\n<p>Escribi\u00f3 sobre la c\u00f3lera que arrop\u00f3 la mente de Aquiles en medio de esa guerra, a la cual defini\u00f3 como \u201cfunesta que caus\u00f3 infinitos males a los aqueos y llev\u00f3 a la tumba muchas almas valerosas de h\u00e9roes, a quienes hizo presa de perros y pasto de aves\u201d. (Canto I. La &nbsp;Il\u00edada. Homero).<\/p>\n\n\n\n<p>Las guerras, que salvo excepciones han sido recintos de impunidad, llevan el signo de la devastaci\u00f3n: muertos, mutilados, heridos, torturados, encarcelados, desplazados, refugiados y v\u00edctimas de &nbsp;hambruna,&nbsp; considerada en su definici\u00f3n cl\u00e1sica de \u201cinaccesibilidad absoluta a alimentos de toda una poblaci\u00f3n o subgrupo de una poblaci\u00f3n, con el potencial de causar la muerte a corto plazo\u201d.<\/p>\n\n\n\n<p>Nunca se han cerrado las contiendas entre naciones, bandos o grupos. Esa verdad rotunda, con sus efectos letales, es un pesado cap\u00edtulo de la historia humana.<\/p>\n\n\n\n<p>Siempre est\u00e1 presente la posibilidad de que se repitan, con matices, aquellos episodios con referencias generalizadas de la batalla de las Horcas Caudinas entre romanos y samnitas, hace m\u00e1s de 2300 a\u00f1os.<\/p>\n\n\n\n<p>Aunque se sabe que con anterioridad hubo much\u00edsimos conflictos armados en el mundo, el primero de ellos del que se tiene constancia formal y amplios detalles es el que enfrent\u00f3 a las ciudades sumerias de Lagash y Umma, hacia el a\u00f1o 2450 a.C.<\/p>\n\n\n\n<p>Dicha disputa se produjo por el dominio que cada parte quer\u00eda sobre las &nbsp;tierras de regad\u00edo de esa zona del Oriente Medio.<\/p>\n\n\n\n<p>El rey de Lagash, de nombre Eannatum, comand\u00f3 el ej\u00e9rcito que result\u00f3 victorioso, y convirti\u00f3 a Umma en un estado vasallo. Esa ciudad-estado hab\u00eda sido gobernada por el ambicioso soberano Ush.<\/p>\n\n\n\n<p>Ya lo advert\u00eda hace m\u00e1s de dos mil a\u00f1os el militar e historiador ateniense Tuc\u00eddides cuando dec\u00eda, pensando en conflictos entre pueblos y tribus, que&nbsp;&nbsp; el furor del hombre va con las circunstancias.<\/p>\n\n\n\n<p>Se sabe que en la guerra la adrenalina bloquea muchas mentes y hace que aflore el m\u00e1ximo nivel de brutalidad, truculencia y salvajismo. Para ponerlo en presente, eso se puede comprobar en tiempo real con los sangrientos hechos que est\u00e1n padeciendo ucranianos, haitianos y gazat\u00edes, para s\u00f3lo citar tres ejemplos conocidos, con la salvedad de que hay matanzas en otros lugares no divulgadas por la prensa internacional.<\/p>\n\n\n\n<figure class=\"wp-block-image size-full\"><img loading=\"lazy\" decoding=\"async\" width=\"200\" height=\"316\" src=\"https:\/\/diariodominicano.com\/wp-content\/uploads\/2024\/03\/AVT_Sun-Tzu_5612.jpg\" alt=\"\" class=\"wp-image-517621\" srcset=\"https:\/\/diariodominicano.com\/wp-content\/uploads\/2024\/03\/AVT_Sun-Tzu_5612.jpg 200w, https:\/\/diariodominicano.com\/wp-content\/uploads\/2024\/03\/AVT_Sun-Tzu_5612-190x300.jpg 190w\" sizes=\"auto, (max-width: 200px) 100vw, 200px\" \/><\/figure>\n\n\n\n<p><strong>Sun Tzu,<\/strong> el\u00a0 estratega militar y fil\u00f3sofo chino famoso como expositor de las diversas variantes de las conflagraciones de la antig\u00fcedad, se\u00f1al\u00f3 que: \u201cLa guerra es el mayor conflicto, la base de la vida y la muerte, el Tao de la supervivencia y la extinci\u00f3n. Por lo tanto, es imperativo estudiarla profundamente\u201d.<\/p>\n\n\n\n<p>Pienso que por el largo tiempo transcurrido desde que Sun Tzu hizo esos y otros comentarios deben ser estudiados partiendo de aproximaciones y desde la contextualidad, para tener una mejor perspectiva de sus alcances.<\/p>\n\n\n\n<p>Como una escena on\u00edrica est\u00e1 uno tentado a escribir que los se\u00f1ores de las guerras actuales, as\u00ed como combatientes de todos los niveles que en ellas participan, que por su dureza de esp\u00edritu y sus almas encallecidas se pueden calificar, desde la atalaya de la historia, como s\u00edmiles de \u201crocas \u00edgneas intrusivas\u201d, deber\u00edan dar un paso al costado para que la humanidad pueda disfrutar de una prolongada era de paz.<\/p>\n\n\n\n<p>Pero estoy consciente de que esa es una vaga e ilusoria aspiraci\u00f3n, pues la codicia es el \u00fatero de muchas guerras. Cada vez son m\u00e1s abultados los presupuestos que la mayor\u00eda de las naciones dedican a las cuestiones b\u00e9licas y a la parafernalia que conlleva el aparataje militar.<\/p>\n\n\n\n<p>Los capitostes de ese negocio, representantes de los intereses creados por la industria armament\u00edstica, no paran mientes en la vida humana. La avaricia es la gu\u00eda que los dirige. Para cumplir sus prop\u00f3sitos usan como carne de ca\u00f1\u00f3n a pueblos enteros y a la soldadesca bajo su control.<\/p>\n\n\n\n<p>Mucha raz\u00f3n ten\u00eda el malogrado l\u00edder c\u00edvico estadounidense Martin Luther King Jr. cuando dijo que \u201cuna naci\u00f3n que contin\u00faa a\u00f1o tras a\u00f1o gastando m\u00e1s dinero en defensa militar que en programas sociales, se est\u00e1 acercando a la perdici\u00f3n espiritual\u201d.<\/p>\n\n\n\n<p>Por eso es de permanente vigencia, y encaja como una reflexi\u00f3n llena de verdad, lo dicho por el fil\u00f3sofo existencialista franc\u00e9s Jean Paul Sartre: \u201cCuando los ricos se hacen la guerra, son los pobres los que mueren\u201d.<\/p>\n\n\n\n<p>El historiador, soci\u00f3logo y fil\u00f3sofo franc\u00e9s Paul Michel Foucault realiz\u00f3 planteamientos interesantes sobre los asuntos de las guerras, partiendo del tr\u00edptico \u201cderecho-poder-violencia\u201d. Entr\u00f3 en abierta contradicci\u00f3n con los enfoques que antes hicieron otros especialistas en la materia.<\/p>\n\n\n\n<figure class=\"wp-block-image size-large\"><img loading=\"lazy\" decoding=\"async\" width=\"1024\" height=\"729\" src=\"https:\/\/diariodominicano.com\/wp-content\/uploads\/2024\/03\/Paul-Michel-Foucault-1024x729.webp\" alt=\"\" class=\"wp-image-517623\" srcset=\"https:\/\/diariodominicano.com\/wp-content\/uploads\/2024\/03\/Paul-Michel-Foucault-1024x729.webp 1024w, https:\/\/diariodominicano.com\/wp-content\/uploads\/2024\/03\/Paul-Michel-Foucault-300x214.webp 300w, https:\/\/diariodominicano.com\/wp-content\/uploads\/2024\/03\/Paul-Michel-Foucault-768x547.webp 768w, https:\/\/diariodominicano.com\/wp-content\/uploads\/2024\/03\/Paul-Michel-Foucault-1536x1093.webp 1536w, https:\/\/diariodominicano.com\/wp-content\/uploads\/2024\/03\/Paul-Michel-Foucault-816x581.webp 816w, https:\/\/diariodominicano.com\/wp-content\/uploads\/2024\/03\/Paul-Michel-Foucault.webp 1600w\" sizes=\"auto, (max-width: 1024px) 100vw, 1024px\" \/><\/figure>\n\n\n\n<p><strong>Paul Michel Foucault <\/strong><\/p>\n\n\n\n<p>A Foucault (cuyas opiniones no siempre estuvieron libres de controversias) no le gustaba ver el impacto de las palabras en su contexto abstracto.<\/p>\n\n\n\n<p>Esa posici\u00f3n fue lo que le permiti\u00f3 considerar que la pol\u00edtica es sin\u00f3nimo de guerra, la cual, dicho sea, es una hoguera cuyo fuego en espiral siempre ha sido generador de traumas colectivos, especialmente en el bando de los derrotados.<\/p>\n\n\n\n<p>Tambi\u00e9n dijo varias veces que el Derecho era asimilable a la guerra, partiendo de que el mismo es uno de los soportes de la actividad pol\u00edtica, todo lo cual confluye en lo que es el centro del poder de cada naci\u00f3n o grupo en particular.<\/p>\n\n\n\n<p>\u00c9l consideraba que las antiguas nociones de represi\u00f3n y guerra \u201cdeben ser considerablemente modificadas, o tal vez, finalmente abandonadas\u201d.<\/p>\n\n\n\n<p>Completaba sus aseveraciones as\u00ed: \u201c\u2026dentro de la paz civil, o sea, en un sistema pol\u00edtico, las luchas pol\u00edticas, los enfrentamientos relativos al poder, con el poder, para el poder, las modificaciones de las relaciones de fuerza deber\u00edan ser interpretados s\u00f3lo con la continuaci\u00f3n de la guerra\u201d. (Genealog\u00eda del racismo. Editorial Piqueta, Madrid, 1992.P.30 Michel Foucault).<\/p>\n\n\n\n<p>Si se toma como material de meditaci\u00f3n la sustancia de los juicios vertidos en ensayos y conferencias por dicho autor se concluye que aunque los conflictos armados se desarrollan en s\u00ed en la \u00f3rbita militar, ellos suelen partir de los socavones de la siempre difusa pol\u00edtica.<\/p>\n\n\n\n<p>Por lo anterior es pertinente decir que las armas, en conjunci\u00f3n con los asuntos p\u00fablicos o gubernamentales, ejercen un importante papel en los vericuetos del colectivo humano.<\/p>\n\n\n\n<p>Partiendo de la premisa precedente no resulta sobrante se\u00f1alar que ha habido en todos los tiempos guerras por cuestiones econ\u00f3micas, religiosas, ideol\u00f3gicas, territoriales, por visiones hist\u00f3ricas contrapuestas y, en fin, por factores mixtos; pero todas inciden en la forma de existir de los que habitan&nbsp; los lugares donde se desarrollan y m\u00e1s all\u00e1.<\/p>\n\n\n\n<p>&nbsp;\u201c\u2026En los \u00faltimos 5,500 a\u00f1os se han producido 14,513 guerras, que han costado 1,240 millones de vidas\u2026\u00danicamente entre 1960 y 1982, dicha enciclopedia calcula 65 conflictos armados, s\u00f3lo las que hayan producido al menos mil muertos\u201d. (Datos tomados de la Enciclopedia mundial de las relaciones internacionales, vaciados en el libro titulado Pensar en la vida. Editorial Ariel.Barcelona.P.273.&nbsp; Fernando Savater).<\/p>\n\n\n\n<p>Es oportuno expresar que nunca ha habido consenso entre los que han incursionado en los siempre controversiales aspectos de las guerras. Uno de tantos ejemplos para demostrarlo es la visi\u00f3n al respecto que plante\u00f3 con gran despliegue te\u00f3rico el economista, historiador, fil\u00f3sofo y soci\u00f3logo alem\u00e1n Karl Marx.<\/p>\n\n\n\n<p>Marx defini\u00f3 la guerra como la gran partera de la humanidad, precisando que \u201cla violencia es la comadrona de la nueva sociedad. Los disturbios sangrientos son la necesidad frecuentemente ineludible del desarrollo\u201d.<\/p>\n\n\n\n<p>En resumen, hay un abundante material de estudio para analizar las guerras que han golpeado a la humanidad desde tiempos inmemoriales hasta el presente.<\/p>\n\n\n\n<p>teofilo lappot<\/p>\n\n\n\n<p><a target=\"_blank\" href=\"mailto:teofilolappot@gmail.com\" rel=\"noreferrer noopener\">teofilolappot@gmail.com<\/a><\/p>\n","protected":false},"excerpt":{"rendered":"<p>POR TE\u00d3FILO LAPPOT ROBLES La Rep\u00fablica Dominicana no ha sido ajena a la tragedia de diversas guerras. Varios autores han hecho menci\u00f3n a temas religiosos que han sido vinculados con las mismas. Juan Bosch se\u00f1al\u00f3 que \u201cel 21 de enero se fij\u00f3 como d\u00eda de la virgen de Altagracia para conmemorar la victoria de Sabana [&hellip;]<\/p>\n","protected":false},"author":28,"featured_media":509104,"comment_status":"closed","ping_status":"","sticky":true,"template":"","format":"standard","meta":{"footnotes":""},"categories":[21,36,26,27],"tags":[],"class_list":["post-517616","post","type-post","status-publish","format-standard","has-post-thumbnail","hentry","category-cultura","category-hombresmujeresycosas","category-efemerides","category-portada"],"_links":{"self":[{"href":"https:\/\/diariodominicano.com\/index.php?rest_route=\/wp\/v2\/posts\/517616","targetHints":{"allow":["GET"]}}],"collection":[{"href":"https:\/\/diariodominicano.com\/index.php?rest_route=\/wp\/v2\/posts"}],"about":[{"href":"https:\/\/diariodominicano.com\/index.php?rest_route=\/wp\/v2\/types\/post"}],"author":[{"embeddable":true,"href":"https:\/\/diariodominicano.com\/index.php?rest_route=\/wp\/v2\/users\/28"}],"replies":[{"embeddable":true,"href":"https:\/\/diariodominicano.com\/index.php?rest_route=%2Fwp%2Fv2%2Fcomments&post=517616"}],"version-history":[{"count":7,"href":"https:\/\/diariodominicano.com\/index.php?rest_route=\/wp\/v2\/posts\/517616\/revisions"}],"predecessor-version":[{"id":517625,"href":"https:\/\/diariodominicano.com\/index.php?rest_route=\/wp\/v2\/posts\/517616\/revisions\/517625"}],"wp:featuredmedia":[{"embeddable":true,"href":"https:\/\/diariodominicano.com\/index.php?rest_route=\/wp\/v2\/media\/509104"}],"wp:attachment":[{"href":"https:\/\/diariodominicano.com\/index.php?rest_route=%2Fwp%2Fv2%2Fmedia&parent=517616"}],"wp:term":[{"taxonomy":"category","embeddable":true,"href":"https:\/\/diariodominicano.com\/index.php?rest_route=%2Fwp%2Fv2%2Fcategories&post=517616"},{"taxonomy":"post_tag","embeddable":true,"href":"https:\/\/diariodominicano.com\/index.php?rest_route=%2Fwp%2Fv2%2Ftags&post=517616"}],"curies":[{"name":"wp","href":"https:\/\/api.w.org\/{rel}","templated":true}]}}