{"id":517592,"date":"2024-03-22T19:40:32","date_gmt":"2024-03-22T23:40:32","guid":{"rendered":"https:\/\/diariodominicano.com\/?p=517592"},"modified":"2024-03-22T20:45:31","modified_gmt":"2024-03-23T00:45:31","slug":"dia-mundial-del-agua-2","status":"publish","type":"post","link":"https:\/\/diariodominicano.com\/?p=517592","title":{"rendered":"D\u00eda Mundial del Agua"},"content":{"rendered":"\n<p>El D\u00eda Mundial del Agua se celebra anualmente el 22 de marzo como un medio para centrar la atenci\u00f3n en la importancia del agua dulce y abogar por la gesti\u00f3n sostenible de los recursos de agua dulce. Se trata de tomar medidas para hacer frente a la crisis mundial del agua, en apoyo del Objetivo de Desarrollo Sostenible (ODS) 6: agua y saneamiento para todos para 2030.<\/p>\n\n\n\n<p>En 2024, el D\u00eda Mundial del Agua se centra en el agua para la prosperidad y la paz; La UNESCO y la Comisi\u00f3n Econ\u00f3mica de las Naciones Unidas para Europa co-leaderan la celebraci\u00f3n para la ONU.<\/p>\n\n\n\n<p>La gesti\u00f3n sostenible del agua genera una gran cantidad de beneficios para las personas y las comunidades. Es a trav\u00e9s de estos beneficios que el agua conduce a la prosperidad. Y la distribuci\u00f3n equitativa de estos beneficios promueve la paz.<br>Cuando se trata de agua, compartir es verdaderamente cuidar.<br>Agua para la paz<br>Celebraci\u00f3n oficial de la ONU en la sede de la UNESCO<\/p>\n\n\n\n<p>Agua para la prosperidad y la paz<br>Lanzamiento del Informe Mundial sobre el Desarrollo de los Recursos H\u00eddricos 2024<\/p>\n\n\n\n<p>En esta ocasi\u00f3n, la UNESCO desea recordar la importancia del di\u00e1logo y la cooperaci\u00f3n en el \u00e1mbito del agua, ya se trate de aguas superficiales o subterr\u00e1neas, l\u00edquidas o heladas. Esta cooperaci\u00f3n internacional no solo es conveniente, sino tambi\u00e9n necesaria cuando m\u00e1s del 40 % de la poblaci\u00f3n mundial vive en cuencas fluviales transfronterizas, que representan casi el 60 % de los recursos mundiales de agua dulce<\/p>\n\n\n\n<p><a href=\"https:\/www.unesco.org\/es\/days\/world-water\">https:\/www.unesco.org\/es\/days\/world-water<\/a><\/p>\n","protected":false},"excerpt":{"rendered":"<p>El D\u00eda Mundial del Agua se celebra anualmente el 22 de marzo como un medio para centrar la atenci\u00f3n en la importancia del agua dulce y abogar por la gesti\u00f3n sostenible de los recursos de agua dulce. Se trata de tomar medidas para hacer frente a la crisis mundial del agua, en apoyo del Objetivo [&hellip;]<\/p>\n","protected":false},"author":7,"featured_media":517613,"comment_status":"closed","ping_status":"","sticky":true,"template":"","format":"standard","meta":{"footnotes":""},"categories":[36,20,27],"tags":[],"class_list":["post-517592","post","type-post","status-publish","format-standard","has-post-thumbnail","hentry","category-hombresmujeresycosas","category-dominicana-hoy","category-portada"],"_links":{"self":[{"href":"https:\/\/diariodominicano.com\/index.php?rest_route=\/wp\/v2\/posts\/517592","targetHints":{"allow":["GET"]}}],"collection":[{"href":"https:\/\/diariodominicano.com\/index.php?rest_route=\/wp\/v2\/posts"}],"about":[{"href":"https:\/\/diariodominicano.com\/index.php?rest_route=\/wp\/v2\/types\/post"}],"author":[{"embeddable":true,"href":"https:\/\/diariodominicano.com\/index.php?rest_route=\/wp\/v2\/users\/7"}],"replies":[{"embeddable":true,"href":"https:\/\/diariodominicano.com\/index.php?rest_route=%2Fwp%2Fv2%2Fcomments&post=517592"}],"version-history":[{"count":1,"href":"https:\/\/diariodominicano.com\/index.php?rest_route=\/wp\/v2\/posts\/517592\/revisions"}],"predecessor-version":[{"id":517614,"href":"https:\/\/diariodominicano.com\/index.php?rest_route=\/wp\/v2\/posts\/517592\/revisions\/517614"}],"wp:featuredmedia":[{"embeddable":true,"href":"https:\/\/diariodominicano.com\/index.php?rest_route=\/wp\/v2\/media\/517613"}],"wp:attachment":[{"href":"https:\/\/diariodominicano.com\/index.php?rest_route=%2Fwp%2Fv2%2Fmedia&parent=517592"}],"wp:term":[{"taxonomy":"category","embeddable":true,"href":"https:\/\/diariodominicano.com\/index.php?rest_route=%2Fwp%2Fv2%2Fcategories&post=517592"},{"taxonomy":"post_tag","embeddable":true,"href":"https:\/\/diariodominicano.com\/index.php?rest_route=%2Fwp%2Fv2%2Ftags&post=517592"}],"curies":[{"name":"wp","href":"https:\/\/api.w.org\/{rel}","templated":true}]}}