{"id":517552,"date":"2024-03-22T18:46:13","date_gmt":"2024-03-22T22:46:13","guid":{"rendered":"https:\/\/diariodominicano.com\/?p=517552"},"modified":"2024-03-22T20:48:27","modified_gmt":"2024-03-23T00:48:27","slug":"dgdc-celebra-62-aniversario-de-su-fundacion-resalta-logros-institucionales","status":"publish","type":"post","link":"https:\/\/diariodominicano.com\/?p=517552","title":{"rendered":"DGDC celebra 62 aniversario de su fundaci\u00f3n; resalta logros institucionales"},"content":{"rendered":"\n<p><strong>Santo Domingo-RD.<\/strong>\u00a0La Direcci\u00f3n General de Desarrollo de la Comunidad \u2013DGDC- conmemor\u00f3 el viernes el 62 aniversario de su creaci\u00f3n, con una Eucarist\u00eda de acci\u00f3n de gracias, oficiada en la parroquia Nuestra Se\u00f1ora de La Paz, en el Distrito Nacional.<\/p>\n\n\n\n<figure class=\"wp-block-image size-large\"><img loading=\"lazy\" decoding=\"async\" width=\"1024\" height=\"682\" src=\"https:\/\/diariodominicano.com\/wp-content\/uploads\/2024\/03\/abb8c91c-6367-435b-941a-08dd351e3ed2-1024x682.jpg\" alt=\"\" class=\"wp-image-517556\" srcset=\"https:\/\/diariodominicano.com\/wp-content\/uploads\/2024\/03\/abb8c91c-6367-435b-941a-08dd351e3ed2-1024x682.jpg 1024w, https:\/\/diariodominicano.com\/wp-content\/uploads\/2024\/03\/abb8c91c-6367-435b-941a-08dd351e3ed2-300x200.jpg 300w, https:\/\/diariodominicano.com\/wp-content\/uploads\/2024\/03\/abb8c91c-6367-435b-941a-08dd351e3ed2-768x512.jpg 768w, https:\/\/diariodominicano.com\/wp-content\/uploads\/2024\/03\/abb8c91c-6367-435b-941a-08dd351e3ed2-1536x1024.jpg 1536w, https:\/\/diariodominicano.com\/wp-content\/uploads\/2024\/03\/abb8c91c-6367-435b-941a-08dd351e3ed2-2048x1365.jpg 2048w, https:\/\/diariodominicano.com\/wp-content\/uploads\/2024\/03\/abb8c91c-6367-435b-941a-08dd351e3ed2-816x544.jpg 816w\" sizes=\"auto, (max-width: 1024px) 100vw, 1024px\" \/><\/figure>\n\n\n\n<figure class=\"wp-block-image size-large\"><img loading=\"lazy\" decoding=\"async\" width=\"1024\" height=\"682\" src=\"https:\/\/diariodominicano.com\/wp-content\/uploads\/2024\/03\/ba307cf9-fc8b-4f2f-bd76-780a5d19f8bf-1024x682.jpeg\" alt=\"\" class=\"wp-image-517554\" srcset=\"https:\/\/diariodominicano.com\/wp-content\/uploads\/2024\/03\/ba307cf9-fc8b-4f2f-bd76-780a5d19f8bf-1024x682.jpeg 1024w, https:\/\/diariodominicano.com\/wp-content\/uploads\/2024\/03\/ba307cf9-fc8b-4f2f-bd76-780a5d19f8bf-300x200.jpeg 300w, https:\/\/diariodominicano.com\/wp-content\/uploads\/2024\/03\/ba307cf9-fc8b-4f2f-bd76-780a5d19f8bf-768x512.jpeg 768w, https:\/\/diariodominicano.com\/wp-content\/uploads\/2024\/03\/ba307cf9-fc8b-4f2f-bd76-780a5d19f8bf-1536x1024.jpeg 1536w, https:\/\/diariodominicano.com\/wp-content\/uploads\/2024\/03\/ba307cf9-fc8b-4f2f-bd76-780a5d19f8bf-2048x1365.jpeg 2048w, https:\/\/diariodominicano.com\/wp-content\/uploads\/2024\/03\/ba307cf9-fc8b-4f2f-bd76-780a5d19f8bf-816x544.jpeg 816w\" sizes=\"auto, (max-width: 1024px) 100vw, 1024px\" \/><\/figure>\n\n\n\n<p>El director general de la entidad, El\u00e9xido Paula, dijo que el 62 aniversario de la DGDC llega en un momento de importantes logros en \u00e1reas fundamentales como: asistencia social, educaci\u00f3n, infraestructura y administraci\u00f3n.<\/p>\n\n\n\n<p>\u201cCon el apoyo del presidente Lu\u00eds Abinader, a trav\u00e9s de la aplicaci\u00f3n de nuestros programas institucionales buscamos que la persona sea agente de su propio destino\u201d, dijo.<\/p>\n\n\n\n<p>LOS DE LA DGDC EN LOS \u00daLTIMOS TRES A\u00d1OS DE GESTI\u00d3N<\/p>\n\n\n\n<p> El funcionario se\u00f1al\u00f3 que la DGDC ha obtenido \u00edndices altos en transparencia, gesti\u00f3n presupuestaria y gesti\u00f3n de calidad, los cuales han sido calificados por la Direcci\u00f3n General de \u00c9tica Gubernamental, el Ministerio de Administraci\u00f3n P\u00fablica y la Direcci\u00f3n General de Contabilidad P\u00fablica.<\/p>\n\n\n\n<p>Revel\u00f3 que en los pr\u00f3ximos d\u00edas estar\u00e1n inaugurando obras comunitarias en diferentes provincias entre ellas: readecuaci\u00f3n de una ca\u00f1ada, en El\u00edas Pi\u00f1a; una Funeraria, Las Uvas, provincia La Vega y un Centro Cultural, en Castillo, provincia Duarte. Adem\u00e1s, una Capilla, en el Distrito Municipal de Azlor, provincia Duarte y otra Capilla, en la Urbanizaci\u00f3n Jennifer, municipio San Francisco de Macor\u00eds.<\/p>\n\n\n\n<p>Anunci\u00f3  que en los pr\u00f3ximos meses la Direcci\u00f3n General de Desarrollo de la Comunidad, iniciar\u00e1 la construcci\u00f3n de m\u00faltiples obras comunitarias, en diferentes zonas rurales y sectores populares de las m\u00e1s lejanas provincias del pa\u00eds entre ellas: Pozos Tubulares, Puentes de Caj\u00f3n, reparaci\u00f3n de casas, Centros Comunales, limpiezas de caminos vecinales, entre otras obras comunitarias.<\/p>\n\n\n\n<p>Direcci\u00f3n General de Desarrollo de la Comunidad<\/p>\n\n\n\n<p><a target=\"_blank\" href=\"mailto:dgdc20@gmail.com\" rel=\"noreferrer noopener\">dgdc20@gmail.com<\/a><\/p>\n\n\n\n<p><strong>DEPARTAMENTO DE COMUNICACIONES DGDC<\/strong><\/p>\n","protected":false},"excerpt":{"rendered":"<p>Santo Domingo-RD.\u00a0La Direcci\u00f3n General de Desarrollo de la Comunidad \u2013DGDC- conmemor\u00f3 el viernes el 62 aniversario de su creaci\u00f3n, con una Eucarist\u00eda de acci\u00f3n de gracias, oficiada en la parroquia Nuestra Se\u00f1ora de La Paz, en el Distrito Nacional. El director general de la entidad, El\u00e9xido Paula, dijo que el 62 aniversario de la DGDC [&hellip;]<\/p>\n","protected":false},"author":28,"featured_media":517553,"comment_status":"closed","ping_status":"","sticky":true,"template":"","format":"standard","meta":{"footnotes":""},"categories":[20,27],"tags":[],"class_list":["post-517552","post","type-post","status-publish","format-standard","has-post-thumbnail","hentry","category-dominicana-hoy","category-portada"],"_links":{"self":[{"href":"https:\/\/diariodominicano.com\/index.php?rest_route=\/wp\/v2\/posts\/517552","targetHints":{"allow":["GET"]}}],"collection":[{"href":"https:\/\/diariodominicano.com\/index.php?rest_route=\/wp\/v2\/posts"}],"about":[{"href":"https:\/\/diariodominicano.com\/index.php?rest_route=\/wp\/v2\/types\/post"}],"author":[{"embeddable":true,"href":"https:\/\/diariodominicano.com\/index.php?rest_route=\/wp\/v2\/users\/28"}],"replies":[{"embeddable":true,"href":"https:\/\/diariodominicano.com\/index.php?rest_route=%2Fwp%2Fv2%2Fcomments&post=517552"}],"version-history":[{"count":3,"href":"https:\/\/diariodominicano.com\/index.php?rest_route=\/wp\/v2\/posts\/517552\/revisions"}],"predecessor-version":[{"id":517558,"href":"https:\/\/diariodominicano.com\/index.php?rest_route=\/wp\/v2\/posts\/517552\/revisions\/517558"}],"wp:featuredmedia":[{"embeddable":true,"href":"https:\/\/diariodominicano.com\/index.php?rest_route=\/wp\/v2\/media\/517553"}],"wp:attachment":[{"href":"https:\/\/diariodominicano.com\/index.php?rest_route=%2Fwp%2Fv2%2Fmedia&parent=517552"}],"wp:term":[{"taxonomy":"category","embeddable":true,"href":"https:\/\/diariodominicano.com\/index.php?rest_route=%2Fwp%2Fv2%2Fcategories&post=517552"},{"taxonomy":"post_tag","embeddable":true,"href":"https:\/\/diariodominicano.com\/index.php?rest_route=%2Fwp%2Fv2%2Ftags&post=517552"}],"curies":[{"name":"wp","href":"https:\/\/api.w.org\/{rel}","templated":true}]}}