{"id":517523,"date":"2024-03-22T13:48:01","date_gmt":"2024-03-22T17:48:01","guid":{"rendered":"https:\/\/diariodominicano.com\/?p=517523"},"modified":"2024-03-22T13:48:01","modified_gmt":"2024-03-22T17:48:01","slug":"gobierno-dominicano-descarta-campo-de-refugiados-en-su-pais","status":"publish","type":"post","link":"https:\/\/diariodominicano.com\/?p=517523","title":{"rendered":"Gobierno dominicano descarta campo de refugiados en su pa\u00eds"},"content":{"rendered":"\n<p>diariodominicano.com<\/p>\n\n\n\n<p>Santo Domingo, 22 mar (Prensa Latina) El Gobierno dominicano asegur\u00f3 que continuar\u00e1 con la deportaci\u00f3n de ciudadanos de Hait\u00ed y desestim\u00f3 la autorizaci\u00f3n de campos de refugiados en su territorio, destacan hoy medios informativos locales.<\/p>\n\n\n\n<p>Tanto la prensa escrita, como radial y televisiva reproducen este viernes las declaraciones del presidente dominicano, Luis Abinader, al periodista brit\u00e1nico Stephen Sackur en el programa de la BBC HARDtalk.<\/p>\n\n\n\n<p>Acerca de posibles cambios en la pol\u00edtica de su Gobierno ante la crisis humanitaria que atraviesa el vecino pa\u00eds y el pedido del Alto Comisionado de Naciones Unidas para los Derechos Humanos, Volker Turk, de suspender las expulsiones, Abinader respondi\u00f3 que Rep\u00fablica Dominicana continuar\u00e1 aplicando sus leyes y su Constituci\u00f3n.<\/p>\n\n\n\n<p>Record\u00f3 que Rep\u00fablica Dominicana lleva m\u00e1s de tres a\u00f1os alertando sobre el \u00abcaos\u00bb en Hait\u00ed y no pueden pedirle que resuelva el problema en la naci\u00f3n fronteriza.<\/p>\n\n\n\n<p>List\u00edn Diario, Diario Libre, Acento, El D\u00eda, TeleuniversoTV y otros medios reprodujeron la breve entrevista en ingl\u00e9s a BBC HARDtalk, en la que el gobernante descart\u00f3 la posibilidad de entrada de desplazados, que la ONU estima suman unos 350 mil en los \u00faltimos meses.<\/p>\n\n\n\n<p>Ante la propuesta de permitir su entrada como un gesto humanitario atendiendo a la crisis alimentaria y la violencia de las pandillas, Abinader descart\u00f3 esa posibilidad, argumentando razones hist\u00f3ricas y de seguridad.<\/p>\n\n\n\n<p>En ese sentido, sostuvo que Hait\u00ed cuenta con recursos propios como las islas Gon\u00e2ve y Tortuga, para abordar la situaci\u00f3n de los refugiados.<\/p>\n\n\n\n<p>El gobernante reiter\u00f3 que su Gobierno tiene la responsabilidad de hacer todo lo necesario para proteger la seguridad nacional y su soberan\u00eda.<\/p>\n\n\n\n<p>Respecto a las cr\u00edticas sobre supuesto racismo dominicano y apartheid, el dignatario neg\u00f3 estas acusaciones y puntualiz\u00f3 que Santo Domingo aplica sus leyes de manera equitativa, sin discriminaci\u00f3n racial.<\/p>\n\n\n\n<p>\u00abMi reputaci\u00f3n es aplicar la Constituci\u00f3n y la ley\u00bb, asever\u00f3, y asegur\u00f3 que su pa\u00eds ha proporcionado ayuda significativa a los haitianos, especialmente en el \u00e1mbito de la salud.<\/p>\n\n\n\n<p>Calific\u00f3 de \u00abrid\u00edculo\u00bb hablar en Rep\u00fablica Dominicana de raza, cuando el 85 por ciento de su poblaci\u00f3n es mestiza. \u00abNunca hemos tenido este problema\u00bb, se\u00f1al\u00f3.<\/p>\n\n\n\n<p>npg\/mpv<\/p>\n","protected":false},"excerpt":{"rendered":"<p>diariodominicano.com Santo Domingo, 22 mar (Prensa Latina) El Gobierno dominicano asegur\u00f3 que continuar\u00e1 con la deportaci\u00f3n de ciudadanos de Hait\u00ed y desestim\u00f3 la autorizaci\u00f3n de campos de refugiados en su territorio, destacan hoy medios informativos locales. Tanto la prensa escrita, como radial y televisiva reproducen este viernes las declaraciones del presidente dominicano, Luis Abinader, al [&hellip;]<\/p>\n","protected":false},"author":5,"featured_media":517524,"comment_status":"closed","ping_status":"","sticky":true,"template":"","format":"standard","meta":{"footnotes":""},"categories":[20,27],"tags":[],"class_list":["post-517523","post","type-post","status-publish","format-standard","has-post-thumbnail","hentry","category-dominicana-hoy","category-portada"],"_links":{"self":[{"href":"https:\/\/diariodominicano.com\/index.php?rest_route=\/wp\/v2\/posts\/517523","targetHints":{"allow":["GET"]}}],"collection":[{"href":"https:\/\/diariodominicano.com\/index.php?rest_route=\/wp\/v2\/posts"}],"about":[{"href":"https:\/\/diariodominicano.com\/index.php?rest_route=\/wp\/v2\/types\/post"}],"author":[{"embeddable":true,"href":"https:\/\/diariodominicano.com\/index.php?rest_route=\/wp\/v2\/users\/5"}],"replies":[{"embeddable":true,"href":"https:\/\/diariodominicano.com\/index.php?rest_route=%2Fwp%2Fv2%2Fcomments&post=517523"}],"version-history":[{"count":1,"href":"https:\/\/diariodominicano.com\/index.php?rest_route=\/wp\/v2\/posts\/517523\/revisions"}],"predecessor-version":[{"id":517525,"href":"https:\/\/diariodominicano.com\/index.php?rest_route=\/wp\/v2\/posts\/517523\/revisions\/517525"}],"wp:featuredmedia":[{"embeddable":true,"href":"https:\/\/diariodominicano.com\/index.php?rest_route=\/wp\/v2\/media\/517524"}],"wp:attachment":[{"href":"https:\/\/diariodominicano.com\/index.php?rest_route=%2Fwp%2Fv2%2Fmedia&parent=517523"}],"wp:term":[{"taxonomy":"category","embeddable":true,"href":"https:\/\/diariodominicano.com\/index.php?rest_route=%2Fwp%2Fv2%2Fcategories&post=517523"},{"taxonomy":"post_tag","embeddable":true,"href":"https:\/\/diariodominicano.com\/index.php?rest_route=%2Fwp%2Fv2%2Ftags&post=517523"}],"curies":[{"name":"wp","href":"https:\/\/api.w.org\/{rel}","templated":true}]}}