{"id":517518,"date":"2024-03-22T12:58:43","date_gmt":"2024-03-22T16:58:43","guid":{"rendered":"https:\/\/diariodominicano.com\/?p=517518"},"modified":"2024-03-22T12:58:43","modified_gmt":"2024-03-22T16:58:43","slug":"ministro-de-economia-expone-temas-claves-para-el-desarrollo-integral-de-rd-en-el-marco-de-la-firma-de-alianza-con-ucateci","status":"publish","type":"post","link":"https:\/\/diariodominicano.com\/?p=517518","title":{"rendered":"Ministro de Econom\u00eda expone temas claves para el desarrollo integral de RD en el marco de la firma de alianza con Ucateci"},"content":{"rendered":"\n<p>diariodominicano.com<\/p>\n\n\n\n<p>La Vega, R. D.,\u200222 de marzo, 2024.-\u00a0 El ministro de Econom\u00eda, Planificaci\u00f3n y Desarrollo,\u00a0<strong>P\u00e1vel Isa Contreras<\/strong>, dict\u00f3 una conferencia magistral en la Universidad Cat\u00f3lica del Cibao\u00a0<strong>(Ucateci)<\/strong>\u00a0sobre temas claves para el\u00a0<strong>desarrollo integral<\/strong>\u00a0de la Rep\u00fablica Dominicana.<\/p>\n\n\n\n<p>La conferencia se llev\u00f3 a cabo en el marco de la firma entre el Ministerio de Econom\u00eda y Ucateci de la&nbsp;<strong>Alianza para el Desarrollo Urbano de la Zona Fronteriza.<\/strong><\/p>\n\n\n\n<p>Esta alianza fue firmada por el ministro de Econom\u00eda, P\u00e1vel Isa Contreras, y el rector de Ucateci, reverendo padre&nbsp;<strong>Sergio de la Cruz de los Santos.<\/strong><\/p>\n\n\n\n<p>El ministro abord\u00f3, entre otros temas, la territorializaci\u00f3n de las pol\u00edticas p\u00fablicas, la Estrategia MiFronteraRD, el Programa Interuniversitario para el Desarrollo de la Zona Fronteriza y la alianza Gobierno-Academia.<\/p>\n\n\n\n<p>En cuanto a la&nbsp;<strong>Estrategia para el Desarrollo de la Zona Fronteriza: MiFronteraRD<\/strong>, el ministro Isa Contreras explic\u00f3 que fue desarrollada a partir de la identificaci\u00f3n de las&nbsp;<strong>brechas en las \u00e1reas sociales, ambientales, productivas, institucionales y de infraestructuras<\/strong>. El ministro puntualiz\u00f3 que MiFronteraRD fue elaborada desde los territorios con los diferentes sectores.<\/p>\n\n\n\n<p><em>\u201cEl presidente Luis Abinader dijo en una ocasi\u00f3n que la frontera no ser\u00e1 la misma y nosotros decimos, ciertamente, que no va a ser la misma, porque la apuesta que se est\u00e1 haciendo para la transformaci\u00f3n de ese territorio es realmente fuerte\u201d<\/em>, subray\u00f3 el economista e investigador, al destacar las&nbsp;<strong>90 iniciativas<\/strong>&nbsp;que integran MiFronteraRD.<\/p>\n\n\n\n<p>El ministro indic\u00f3 que el esfuerzo de&nbsp;<strong>mejorar y territorializar la pol\u00edtica p\u00fablica<\/strong>&nbsp;tiene que estar acompa\u00f1ado de un&nbsp;<strong>di\u00e1logo<\/strong>&nbsp;mucho m\u00e1s intenso con las academias. En ese sentido, destac\u00f3 la importancia de la firma del acuerdo con Ucateci&nbsp;<em>\u201cpara empujar en una direcci\u00f3n espec\u00edfica\u201d.<\/em><\/p>\n\n\n\n<p>El rector Sergio de la Cruz valor\u00f3 la firma del acuerdo entre el Ministerio de Econom\u00eda y Ucateci, que tiene como objetivo apoyar con ideas la implementaci\u00f3n de MiFronteraRD, a trav\u00e9s de\u00a0<strong>iniciativas para mejorar las ciudades y municipios<\/strong>\u00a0que forman parte de la zona fronteriza, identificar propuestas para realizar\u00a0<strong>estudios, investigaciones y publicaciones conjuntas<\/strong>\u00a0en temas vinculados al desarrollo de la zona fronteriza y trabajar de manera conjunta en programas acad\u00e9micos a ser implementados en las universidades, con diversas carreras vinculadas a las ciencias sociales y las ingenier\u00edas.<\/p>\n\n\n\n<p>Fuente: Direcci\u00f3n de Estrategia y Comunicaci\u00f3n<\/p>\n\n\n\n<p>Ministerio Administrativo de la Presidencia de la Rep\u00fablica Dominicana<\/p>\n","protected":false},"excerpt":{"rendered":"<p>diariodominicano.com La Vega, R. D.,\u200222 de marzo, 2024.-\u00a0 El ministro de Econom\u00eda, Planificaci\u00f3n y Desarrollo,\u00a0P\u00e1vel Isa Contreras, dict\u00f3 una conferencia magistral en la Universidad Cat\u00f3lica del Cibao\u00a0(Ucateci)\u00a0sobre temas claves para el\u00a0desarrollo integral\u00a0de la Rep\u00fablica Dominicana. La conferencia se llev\u00f3 a cabo en el marco de la firma entre el Ministerio de Econom\u00eda y Ucateci de [&hellip;]<\/p>\n","protected":false},"author":5,"featured_media":517519,"comment_status":"closed","ping_status":"","sticky":true,"template":"","format":"standard","meta":{"footnotes":""},"categories":[20,27],"tags":[],"class_list":["post-517518","post","type-post","status-publish","format-standard","has-post-thumbnail","hentry","category-dominicana-hoy","category-portada"],"_links":{"self":[{"href":"https:\/\/diariodominicano.com\/index.php?rest_route=\/wp\/v2\/posts\/517518","targetHints":{"allow":["GET"]}}],"collection":[{"href":"https:\/\/diariodominicano.com\/index.php?rest_route=\/wp\/v2\/posts"}],"about":[{"href":"https:\/\/diariodominicano.com\/index.php?rest_route=\/wp\/v2\/types\/post"}],"author":[{"embeddable":true,"href":"https:\/\/diariodominicano.com\/index.php?rest_route=\/wp\/v2\/users\/5"}],"replies":[{"embeddable":true,"href":"https:\/\/diariodominicano.com\/index.php?rest_route=%2Fwp%2Fv2%2Fcomments&post=517518"}],"version-history":[{"count":1,"href":"https:\/\/diariodominicano.com\/index.php?rest_route=\/wp\/v2\/posts\/517518\/revisions"}],"predecessor-version":[{"id":517520,"href":"https:\/\/diariodominicano.com\/index.php?rest_route=\/wp\/v2\/posts\/517518\/revisions\/517520"}],"wp:featuredmedia":[{"embeddable":true,"href":"https:\/\/diariodominicano.com\/index.php?rest_route=\/wp\/v2\/media\/517519"}],"wp:attachment":[{"href":"https:\/\/diariodominicano.com\/index.php?rest_route=%2Fwp%2Fv2%2Fmedia&parent=517518"}],"wp:term":[{"taxonomy":"category","embeddable":true,"href":"https:\/\/diariodominicano.com\/index.php?rest_route=%2Fwp%2Fv2%2Fcategories&post=517518"},{"taxonomy":"post_tag","embeddable":true,"href":"https:\/\/diariodominicano.com\/index.php?rest_route=%2Fwp%2Fv2%2Ftags&post=517518"}],"curies":[{"name":"wp","href":"https:\/\/api.w.org\/{rel}","templated":true}]}}