{"id":51751,"date":"2020-07-14T01:40:01","date_gmt":"2020-07-14T01:40:01","guid":{"rendered":"http:\/\/diariodominicano.ddns.net\/?p=51751"},"modified":"2020-07-14T01:40:01","modified_gmt":"2020-07-14T01:40:01","slug":"alcaldia-sde-analiza-con-mas-de-50-artistas-plasticos-planes-para-desarrollar-el-arte-y-la-cultura-del-municipio","status":"publish","type":"post","link":"https:\/\/diariodominicano.com\/?p=51751","title":{"rendered":"Alcald\u00eda SDE analiza con m\u00e1s de 50 artistas pl\u00e1sticos  planes para desarrollar el arte y la cultura del municipio"},"content":{"rendered":"<p><body><\/p>\n<p><img decoding=\"async\" src=\"img3\/manuel jimenez cultura.jpg\" \/><br \/><img decoding=\"async\" src=\"img3\/manuel jimenez cultura 2.jpg\" \/>  <\/p>\n<p><strong>diariodominicano.com<\/strong><\/p>\n<p><strong>Alcald\u00eda SDE analiza con m\u00e1s de 50 artistas pl\u00e1sticos  planes para desarrollar el arte y la cultura del municipio<\/strong><\/p>\n<p><strong>Santo Domingo Este.-<\/strong>  El alcalde de este municipio, Manuel Jim\u00e9nez, sostuvo una reuni\u00f3n con m\u00e1s  de cincuenta artistas pl\u00e1sticos con quienes analiz\u00f3  planes y estrategias que implementar\u00e1 para desarrollar el arte y la cultura en esta demarcaci\u00f3n.<\/p>\n<\/p>\n<p> Jim\u00e9nez afirm\u00f3 que SDE es una ciudad que posee los mejores artistas pl\u00e1sticos,  dotados de talento, y en tal sentido con ellos  realizar\u00e1 un acuerdo para la construcci\u00f3n de una  ciudad que calific\u00f3 como espectacular.<\/p>\n<\/p>\n<p>\u00abEl pa\u00eds tendr\u00e1 en las artes pl\u00e1sticas un desarrollo cultural y social. La idea de este proyecto es que los mun\u00edcipes se eduquen con las pinturas que ustedes hagan en SDE\u00bb,  puntualiz\u00f3 el alcalde Jim\u00e9nez durante la reuni\u00f3n que se desarroll\u00f3 en el ayuntamiento SDE.<\/p>\n<\/p>\n<p> Inform\u00f3 el alcalde Jim\u00e9nez que pondr\u00e1 los recursos necesarios para que ese proyecto tenga todo el \u00e9xito posible, y que el mismo contar\u00e1 con una oficina de asesor\u00eda instalada en el ayuntamiento, la cual estar\u00e1 al servicio de todos los interesados en las artes en sentido general.<\/p>\n<\/p>\n<p> Se\u00f1al\u00f3 que en SDE el arte y la cultura florecer\u00e1n porque ese es su compromiso y para ello tiene planes a desarrollar en el municipio.<\/p>\n<h6> 2020-07-14 01:40:01 <\/h6>\n<p><!--\n<link rel=\"stylesheet\" href=\"css\/bootstrap.min.css\">\n\n\n<ul class=\"pagination\">\n\t    \n\t\n\n<li >\n\t<a href='?page_no=415'>Previous<\/a>\n\t<\/li>\n\n\n       \n    \n\n<li><a href='?page_no=1'>1<\/a><\/li>\n\n\n\n<li><a href='?page_no=2'>2<\/a><\/li>\n\n\n\n<li><a>...<\/a><\/li>\n\n\n\n<li><a href='?page_no=414'>414<\/a><\/li>\n\n\n\n<li><a href='?page_no=415'>415<\/a><\/li>\n\n\n\n<li class='active'><a>416<\/a><\/li>\n\n\n\n<li><a href='?page_no=417'>417<\/a><\/li>\n\n\n\n<li><a href='?page_no=418'>418<\/a><\/li>\n\n\n\n<li><a>...<\/a><\/li>\n\n\n\n<li><a href='?page_no=22911'>22911<\/a><\/li>\n\n\n\n<li><a href='?page_no=22912'>22912<\/a><\/li>\n\n    \n\t\n\n<li >\n\t<a href='?page_no=417'>Next<\/a>\n\t<\/li>\n\n\n    \n\n<li><a href='?page_no=22912'>Last &rsaquo;&rsaquo;<\/a><\/li>\n\n<\/ul>\n\n\n--><br \/>\n<\/body><\/p>\n","protected":false},"excerpt":{"rendered":"<p>diariodominicano.com Alcald\u00eda SDE analiza con m\u00e1s de 50 artistas pl\u00e1sticos planes para desarrollar el arte y la cultura del municipio Santo Domingo Este.- El alcalde de este municipio, Manuel Jim\u00e9nez, sostuvo una reuni\u00f3n con m\u00e1s de cincuenta artistas pl\u00e1sticos con quienes analiz\u00f3 planes y estrategias que implementar\u00e1 para desarrollar el arte y la cultura en [&hellip;]<\/p>\n","protected":false},"author":3,"featured_media":0,"comment_status":"open","ping_status":"open","sticky":false,"template":"","format":"standard","meta":{"footnotes":""},"categories":[21],"tags":[],"class_list":["post-51751","post","type-post","status-publish","format-standard","hentry","category-cultura"],"_links":{"self":[{"href":"https:\/\/diariodominicano.com\/index.php?rest_route=\/wp\/v2\/posts\/51751","targetHints":{"allow":["GET"]}}],"collection":[{"href":"https:\/\/diariodominicano.com\/index.php?rest_route=\/wp\/v2\/posts"}],"about":[{"href":"https:\/\/diariodominicano.com\/index.php?rest_route=\/wp\/v2\/types\/post"}],"author":[{"embeddable":true,"href":"https:\/\/diariodominicano.com\/index.php?rest_route=\/wp\/v2\/users\/3"}],"replies":[{"embeddable":true,"href":"https:\/\/diariodominicano.com\/index.php?rest_route=%2Fwp%2Fv2%2Fcomments&post=51751"}],"version-history":[{"count":0,"href":"https:\/\/diariodominicano.com\/index.php?rest_route=\/wp\/v2\/posts\/51751\/revisions"}],"wp:attachment":[{"href":"https:\/\/diariodominicano.com\/index.php?rest_route=%2Fwp%2Fv2%2Fmedia&parent=51751"}],"wp:term":[{"taxonomy":"category","embeddable":true,"href":"https:\/\/diariodominicano.com\/index.php?rest_route=%2Fwp%2Fv2%2Fcategories&post=51751"},{"taxonomy":"post_tag","embeddable":true,"href":"https:\/\/diariodominicano.com\/index.php?rest_route=%2Fwp%2Fv2%2Ftags&post=51751"}],"curies":[{"name":"wp","href":"https:\/\/api.w.org\/{rel}","templated":true}]}}