{"id":517499,"date":"2024-03-22T09:36:10","date_gmt":"2024-03-22T13:36:10","guid":{"rendered":"https:\/\/diariodominicano.com\/?p=517499"},"modified":"2024-03-22T09:36:10","modified_gmt":"2024-03-22T13:36:10","slug":"ministro-de-defensa-recibe-visita-del-ministro-de-estado-ante-el-ministerio-britanico-de-relaciones-exteriores","status":"publish","type":"post","link":"https:\/\/diariodominicano.com\/?p=517499","title":{"rendered":"Ministro de Defensa recibe visita del ministro de Estado ante el Ministerio Brit\u00e1nico de Relaciones Exteriores"},"content":{"rendered":"\n<p>diariodominicano.com<\/p>\n\n\n\n<p>Santo Domingo, R. D.,\u200222 de marzo, 2024.- El ministro de Defensa, teniente general\u00a0<strong>Carlos Luciano D\u00edaz Morfa<\/strong>, ERD, recibi\u00f3 la visita de cortes\u00eda del ministro de Estado ante el Ministerio Brit\u00e1nico de Relaciones Exteriores, Mancomunidad y Desarrollo, se\u00f1or<strong>\u00a0David Rutley<\/strong>. El encuentro fue realizado en el sal\u00f3n de reuniones del Centro de Comando, Control, Comunicaciones, Computadoras, Ciberseguridad e Inteligencia\u00a0<strong>(C5i)<\/strong>\u00a0del Ministerio de Defensa\u00a0<strong>(MIDE)<\/strong>\u00a0y sirvi\u00f3 para destacar la importancia de la\u00a0<strong>colaboraci\u00f3n<\/strong>\u00a0entre\u00a0<strong>ambas naciones<\/strong>\u00a0en temas de\u00a0<strong>defensa y seguridad.<\/strong><\/p>\n\n\n\n<p>Durante la visita, los ministros discutieron&nbsp;<strong>asuntos bilaterales y regionales<\/strong>, enfocados en fortalecer los lazos de cooperaci\u00f3n en materia de seguridad y defensa y subrayaron la importancia de mantener una comunicaci\u00f3n fluida y una cooperaci\u00f3n s\u00f3lida para hacer frente a los&nbsp;<strong>desaf\u00edos comunes en el panorama internacional.<\/strong><\/p>\n\n\n\n<p>En la reuni\u00f3n, ambos funcionarios socializaron sobre proyectos de seguridad y cooperaci\u00f3n entre ambos pa\u00edses e intercambiaron gestos de amistad, reafirmando as\u00ed los&nbsp;<strong>lazos de fraternidad<\/strong>&nbsp;existentes entre ambas naciones.<\/p>\n\n\n\n<p>En el encuentro estuvieron presentes, el director de Inteligencia del Estado Mayor Conjunto, J-2 MIDE, mayor general&nbsp;<strong>Jorge Iv\u00e1n Camino P\u00e9rez<\/strong>, ERD; el director de Planes, Operaciones y Entrenamiento del ERD, G-3, coronel&nbsp;<strong>Juan Alc\u00e1ntara C\u00e1ceres<\/strong>, ERD; el subdirector general del Cuerpo Especializado de Seguridad Fronteriza y Terrestre (CESFRONT), coronel&nbsp;<strong>Joran B\u00e1ez Fern\u00e1ndez<\/strong>, ERD, y el subdirector general del C5i, coronel piloto&nbsp;<strong>Regner Evins F\u00e9liz<\/strong>, FARD.<\/p>\n\n\n\n<p>Tambi\u00e9n estuvo el embajador extraordinario y plenipotenciario del Reino Unido en el pa\u00eds, su excelencia\u00a0<strong>Mockbul Ali<\/strong>; el subjefe de misi\u00f3n, se\u00f1or\u00a0<strong>Graham Jessup<\/strong>; la directora pol\u00edtica, se\u00f1ora\u00a0<strong>Koral Matos,<\/strong>\u00a0y el encargado comercial, se\u00f1or\u00a0<strong>Joshua Wagner<\/strong>.<\/p>\n\n\n\n<p>Fuente: Direcci\u00f3n de Estrategia y Comunicaci\u00f3n<\/p>\n\n\n\n<p>Ministerio Administrativo de la Presidencia de la Rep\u00fablica Dominicana<\/p>\n","protected":false},"excerpt":{"rendered":"<p>diariodominicano.com Santo Domingo, R. D.,\u200222 de marzo, 2024.- El ministro de Defensa, teniente general\u00a0Carlos Luciano D\u00edaz Morfa, ERD, recibi\u00f3 la visita de cortes\u00eda del ministro de Estado ante el Ministerio Brit\u00e1nico de Relaciones Exteriores, Mancomunidad y Desarrollo, se\u00f1or\u00a0David Rutley. El encuentro fue realizado en el sal\u00f3n de reuniones del Centro de Comando, Control, Comunicaciones, Computadoras, [&hellip;]<\/p>\n","protected":false},"author":5,"featured_media":517500,"comment_status":"closed","ping_status":"","sticky":true,"template":"","format":"standard","meta":{"footnotes":""},"categories":[20,27],"tags":[],"class_list":["post-517499","post","type-post","status-publish","format-standard","has-post-thumbnail","hentry","category-dominicana-hoy","category-portada"],"_links":{"self":[{"href":"https:\/\/diariodominicano.com\/index.php?rest_route=\/wp\/v2\/posts\/517499","targetHints":{"allow":["GET"]}}],"collection":[{"href":"https:\/\/diariodominicano.com\/index.php?rest_route=\/wp\/v2\/posts"}],"about":[{"href":"https:\/\/diariodominicano.com\/index.php?rest_route=\/wp\/v2\/types\/post"}],"author":[{"embeddable":true,"href":"https:\/\/diariodominicano.com\/index.php?rest_route=\/wp\/v2\/users\/5"}],"replies":[{"embeddable":true,"href":"https:\/\/diariodominicano.com\/index.php?rest_route=%2Fwp%2Fv2%2Fcomments&post=517499"}],"version-history":[{"count":1,"href":"https:\/\/diariodominicano.com\/index.php?rest_route=\/wp\/v2\/posts\/517499\/revisions"}],"predecessor-version":[{"id":517501,"href":"https:\/\/diariodominicano.com\/index.php?rest_route=\/wp\/v2\/posts\/517499\/revisions\/517501"}],"wp:featuredmedia":[{"embeddable":true,"href":"https:\/\/diariodominicano.com\/index.php?rest_route=\/wp\/v2\/media\/517500"}],"wp:attachment":[{"href":"https:\/\/diariodominicano.com\/index.php?rest_route=%2Fwp%2Fv2%2Fmedia&parent=517499"}],"wp:term":[{"taxonomy":"category","embeddable":true,"href":"https:\/\/diariodominicano.com\/index.php?rest_route=%2Fwp%2Fv2%2Fcategories&post=517499"},{"taxonomy":"post_tag","embeddable":true,"href":"https:\/\/diariodominicano.com\/index.php?rest_route=%2Fwp%2Fv2%2Ftags&post=517499"}],"curies":[{"name":"wp","href":"https:\/\/api.w.org\/{rel}","templated":true}]}}