{"id":517477,"date":"2024-03-22T01:25:54","date_gmt":"2024-03-22T05:25:54","guid":{"rendered":"https:\/\/diariodominicano.com\/?p=517477"},"modified":"2024-03-22T01:29:20","modified_gmt":"2024-03-22T05:29:20","slug":"cdp-y-minerd-convocan-al-premio-nacional-de-periodismo-2024","status":"publish","type":"post","link":"https:\/\/diariodominicano.com\/?p=517477","title":{"rendered":"CDP y MINERD convocan al Premio Nacional de Periodismo 2024"},"content":{"rendered":"\n<p>La sede del Colegio Dominicano de Periodistas en ciudad Santo Domingo. (CDP)<\/p>\n\n\n\n<p>El Colegio Dominicano de Periodistas (CDP) y el Ministerio de Educaci\u00f3n&nbsp;(MINERD)&nbsp; convocan a los periodistas que deseen postularse o ser postulado al&nbsp;Premio Nacional de Periodismo 2024.<\/p>\n\n\n\n<p>El premio es consignado en el Decreto No. 74-94, del presidente Joaqu\u00edn Balaguer,  del 28 de marzo del 1994, presidido por el Ministerio de Educaci\u00f3n y el Colegio Dominicano de Periodistas, incluye un pergamino de reconocimiento y un incentivo econ\u00f3mico ascendente a\u00a0RD$ 1,000,000.00.<\/p>\n\n\n\n<p>La primera entrega del premio fue entregado en la gesti\u00f3n de la doctora Milagros Ortiz Bosch, quien se desempe\u00f1aba como Secretaria de Estado de Educaci\u00f3n en el gobierno del presidente Hip\u00f3lito Mej\u00eda en el a\u00f1o 2002.<\/p>\n\n\n\n<p>Luego de escogido el ganador por el Comit\u00e9 Evaluaci\u00f3n de los postulantes, es anunciado el d\u00eda 5 de Abril, D\u00eda Nacional del Periodista y entregado en un acto solemne en el Sal\u00f3n Las Cari\u00e1tides del Palacio Nacional, encabezado por el presidente Luis Abinader. &nbsp;<\/p>\n\n\n\n<p>Los interesados pueden pasar por la Secretar\u00eda General del CDP a recoger los formularios y entregar los documentos exigidos a m\u00e1s tardar el 27 de marzo de 2024 a la 6.00 de la tarde.<\/p>\n\n\n\n<p>Podr\u00e1n concurrir al premio, o ser presentados por uno o m\u00e1s colegas, los&nbsp;periodistas con m\u00e1s de 10 a\u00f1os de ejercicio profesional&nbsp;junto a un Curriculum Vitae con una motivaci\u00f3n explicativa, cuya extensi\u00f3n no puede ser mayor de tres p\u00e1ginas escritas a dos espacios.<\/p>\n\n\n\n<p>A estos documentos se les anexa un formulario que establece los datos de la persona postulada, sus a\u00f1os de ejercicio profesional, medios en los que ha laborado y estudios realizados. Pueden adicionarse, opcionalmente, trabajos en corresponsal\u00eda extranjera o como productor independiente, cargos ocupados en los medios, autor\u00eda de obras en comunicaci\u00f3n, labor educativa en comunicaci\u00f3n, trayectoria gremial period\u00edstica y especializaciones realizadas.<\/p>\n\n\n\n<p>Los formularios para presentar candidaturas pueden ser retirados en la Secretar\u00eda del CDP.<\/p>\n\n\n\n<p>El profesional del periodismo postulado deber\u00e1 enviar, si as\u00ed lo decidiere, cuanto material juzgue como probatorio de que es merecedor o merecedora de este Premio (colecci\u00f3n de art\u00edculos, reportajes, etc.).<\/p>\n\n\n\n<p>El jurado est\u00e1 integrado por el Ministro de Educaci\u00f3n, el presidente del Colegio Dominicano de Periodistas, el presidente de la Sociedad Dominicana de Diarios, la Direcci\u00f3n Ejecutiva de la Asociaci\u00f3n Dominicana de Radiodifusoras y el director del Departamento de Comunicaci\u00f3n Social de la Universidad Aut\u00f3noma de Santo Domingo, as\u00ed como otros dos miembros escogidos por el Ministro de Educaci\u00f3n. Tiene, adem\u00e1s, un secretario.<\/p>\n\n\n\n<p><strong>Pasados ganadores<\/strong><\/p>\n\n\n\n<p>Entre los que han recibido el Premio Nacional de Periodismo se encuentran Minerva Isa, Rafael N\u00fa\u00f1ez Grassals, Juan Bol\u00edvar D\u00edaz, Margarita Cordero, Luis Eduardo Lora (Huchi), Rafael Osvaldo Santana, Miguel Franjul, Ram\u00f3n de Luna, Bonaparte Gautreaux Pineyro, Carmenchu Brusiloff y Emilia Pereyra, Bienvenido Alvarez Vega, as\u00ed como los finados Felipe Collado (Lipe), Mario \u00c1lvarez Dugan, don Francisco Comarazamy, Radham\u00e9s G\u00f3mez Pep\u00edn, Rafael Molina Morillo y Emilio Herasme Pe\u00f1a.<\/p>\n\n\n\n<p>Aurelio Henriquez<\/p>\n\n\n\n<p><a target=\"_blank\" href=\"mailto:aureliohenriquezm@gmail.com\" rel=\"noreferrer noopener\">aureliohenriquezm@gmail.com<\/a><\/p>\n","protected":false},"excerpt":{"rendered":"<p>La sede del Colegio Dominicano de Periodistas en ciudad Santo Domingo. (CDP) El Colegio Dominicano de Periodistas (CDP) y el Ministerio de Educaci\u00f3n&nbsp;(MINERD)&nbsp; convocan a los periodistas que deseen postularse o ser postulado al&nbsp;Premio Nacional de Periodismo 2024. El premio es consignado en el Decreto No. 74-94, del presidente Joaqu\u00edn Balaguer, del 28 de marzo [&hellip;]<\/p>\n","protected":false},"author":28,"featured_media":353914,"comment_status":"closed","ping_status":"","sticky":false,"template":"","format":"standard","meta":{"footnotes":""},"categories":[36,20],"tags":[],"class_list":["post-517477","post","type-post","status-publish","format-standard","has-post-thumbnail","hentry","category-hombresmujeresycosas","category-dominicana-hoy"],"_links":{"self":[{"href":"https:\/\/diariodominicano.com\/index.php?rest_route=\/wp\/v2\/posts\/517477","targetHints":{"allow":["GET"]}}],"collection":[{"href":"https:\/\/diariodominicano.com\/index.php?rest_route=\/wp\/v2\/posts"}],"about":[{"href":"https:\/\/diariodominicano.com\/index.php?rest_route=\/wp\/v2\/types\/post"}],"author":[{"embeddable":true,"href":"https:\/\/diariodominicano.com\/index.php?rest_route=\/wp\/v2\/users\/28"}],"replies":[{"embeddable":true,"href":"https:\/\/diariodominicano.com\/index.php?rest_route=%2Fwp%2Fv2%2Fcomments&post=517477"}],"version-history":[{"count":3,"href":"https:\/\/diariodominicano.com\/index.php?rest_route=\/wp\/v2\/posts\/517477\/revisions"}],"predecessor-version":[{"id":517481,"href":"https:\/\/diariodominicano.com\/index.php?rest_route=\/wp\/v2\/posts\/517477\/revisions\/517481"}],"wp:featuredmedia":[{"embeddable":true,"href":"https:\/\/diariodominicano.com\/index.php?rest_route=\/wp\/v2\/media\/353914"}],"wp:attachment":[{"href":"https:\/\/diariodominicano.com\/index.php?rest_route=%2Fwp%2Fv2%2Fmedia&parent=517477"}],"wp:term":[{"taxonomy":"category","embeddable":true,"href":"https:\/\/diariodominicano.com\/index.php?rest_route=%2Fwp%2Fv2%2Fcategories&post=517477"},{"taxonomy":"post_tag","embeddable":true,"href":"https:\/\/diariodominicano.com\/index.php?rest_route=%2Fwp%2Fv2%2Ftags&post=517477"}],"curies":[{"name":"wp","href":"https:\/\/api.w.org\/{rel}","templated":true}]}}