{"id":517456,"date":"2024-03-21T20:54:29","date_gmt":"2024-03-22T00:54:29","guid":{"rendered":"https:\/\/diariodominicano.com\/?p=517456"},"modified":"2024-03-21T20:54:29","modified_gmt":"2024-03-22T00:54:29","slug":"presidente-abinader-asiste-a-misa-en-solidaridad-con-familiares-de-las-victimas-por-incendio-en-carnaval-de-salcedo","status":"publish","type":"post","link":"https:\/\/diariodominicano.com\/?p=517456","title":{"rendered":"Presidente Abinader asiste a misa, en solidaridad con familiares de las v\u00edctimas por incendio en carnaval de Salcedo"},"content":{"rendered":"\n<p>diariodominicano.com<\/p>\n\n\n\n<p>Salcedo, 21 de marzo, 2024.-\u00a0<strong>El presidente Luis Abinader<\/strong>\u00a0acompa\u00f1\u00f3 este jueves en una\u00a0<strong>eucarist\u00eda\u00a0<\/strong>celebrada en<strong>\u00a0Salcedo<\/strong>, a\u00a0<strong>familiares de las v\u00edctimas<\/strong>\u00a0del incendio ocurrido en el\u00a0<strong>carnaval de esta ciudad<\/strong>, el pasado 10 de marzo.<\/p>\n\n\n\n<p>A su llegada a la parroquia San Juan Evangelista,&nbsp;<strong>en un gesto solidario<\/strong>, el mandatario se acerc\u00f3 a cada uno de ellos, ofreci\u00e9ndoles el p\u00e9same a quienes perdieron un ser querido.&nbsp;<\/p>\n\n\n\n<p>En unas breves palabras tambi\u00e9n reconoci\u00f3 que se trata de una situaci\u00f3n&nbsp;<em>\u201cespecialmente dif\u00edcil decirles adi\u00f3s a nuestros hijos\u201d<\/em>&nbsp;y agreg\u00f3 que tanto \u00e9l como la&nbsp;<strong>primera dama Raquel Arbaje,<\/strong>&nbsp;los seguir\u00e1n acompa\u00f1ando en todo lo que necesiten.<\/p>\n\n\n\n<p><em>\u201cEstoy aqu\u00ed no solo como presidente de todos los dominicanos, sino tambi\u00e9n como padre, y puedo decirles que Raquel y yo hemos estado atentos desde el primer d\u00eda, y aunque nunca como ustedes, hemos sufrido bastante este accidente\u201d.<\/em><\/p>\n\n\n\n<p>Tambi\u00e9n manifest\u00f3 que seguir\u00e1n&nbsp;<strong>orando y trabajando por la salud<\/strong>&nbsp;de los que todav\u00eda est\u00e1n en una situaci\u00f3n delicada y que&nbsp;<strong>no se escatimar\u00e1 ning\u00fan esfuerzo<\/strong>&nbsp;material para lograrlo.<\/p>\n\n\n\n<p>Asimismo, dijo m\u00e1s adelante se tratar\u00e1n temas para tratar de evitar que este tipo de tragedia ocurra de nuevo.&nbsp;<\/p>\n\n\n\n<p>La misa fue presidida por&nbsp;<strong>monse\u00f1or Carlos Tom\u00e1s Morel Dipl\u00e1n<\/strong>, obispo administrativo de la&nbsp;<strong>Di\u00f3cesis de La Vega,<\/strong>&nbsp;quien pidi\u00f3 por el descanso eterno de los fallecidos y por los que a\u00fan permanecen bajo atenci\u00f3n m\u00e9dica, para que Dios les conceda la&nbsp;<strong>recuperaci\u00f3n de su salud<\/strong>.<\/p>\n\n\n\n<p>Uni\u00e9ndose al dolor que hoy los embarga, les manifest\u00f3 que todo el pa\u00eds est\u00e1 consternado y preocupado por lo que ha sucedido.&nbsp;<\/p>\n\n\n\n<p><em>\u201cSolamente el amor de Dios, la fe en Dios y la solidaridad nuestra, pueden fortalecer, pero no borrar ni quitar el dolor que ha marcado la vida de estos padres, madres, hermanos y la comunidad. Hoy lamentamos esta situaci\u00f3n, pero miramos al futuro con esperanza\u201d.<\/em><\/p>\n\n\n\n<p>Monse\u00f1or Dipl\u00e1n estuvo acomodado por el p\u00e1rroco Manuel Alberto D\u00edaz N\u00fa\u00f1ez.<\/p>\n\n\n\n<p>Los fallecidos son, Adriel Leonardo, de 5 a\u00f1os; Joel Alexander Rodr\u00edguez, de 6; Aquiel Dilon\u00e9, de 11; \u00c1ngel Santos, de 13; Cesar Junior Polonia, de 15 a\u00f1os y Henry Rosario Ortega, de 53. Otras 6 personas a\u00fan permanecen internas, de las cuales 3 son menores de edad.&nbsp;<\/p>\n\n\n\n<p>Estuvieron presentes, la gobernadora de la provincia Hermanas Mirabal, Lissette Nicasio de Adames; la alcaldesa de Salcedo, Mar\u00eda Mercedes Ortiz; la directora de \u00c9tica e Integridad Gubernamental, Milagros Ortiz Bosch; el senador Bautista Rojas G\u00f3mez, Guido G\u00f3mez Mazara y el exsenador Luis Ren\u00e9 Cana\u00e1n.<\/p>\n\n\n\n<p>Fuente: Direcci\u00f3n de Estrategia y Comunicaci\u00f3n<\/p>\n\n\n\n<p>Ministerio Administrativo de la Presidencia de la Rep\u00fablica Dominicana<\/p>\n","protected":false},"excerpt":{"rendered":"<p>diariodominicano.com Salcedo, 21 de marzo, 2024.-\u00a0El presidente Luis Abinader\u00a0acompa\u00f1\u00f3 este jueves en una\u00a0eucarist\u00eda\u00a0celebrada en\u00a0Salcedo, a\u00a0familiares de las v\u00edctimas\u00a0del incendio ocurrido en el\u00a0carnaval de esta ciudad, el pasado 10 de marzo. A su llegada a la parroquia San Juan Evangelista,&nbsp;en un gesto solidario, el mandatario se acerc\u00f3 a cada uno de ellos, ofreci\u00e9ndoles el p\u00e9same a [&hellip;]<\/p>\n","protected":false},"author":5,"featured_media":517457,"comment_status":"closed","ping_status":"","sticky":true,"template":"","format":"standard","meta":{"footnotes":""},"categories":[20,27],"tags":[],"class_list":["post-517456","post","type-post","status-publish","format-standard","has-post-thumbnail","hentry","category-dominicana-hoy","category-portada"],"_links":{"self":[{"href":"https:\/\/diariodominicano.com\/index.php?rest_route=\/wp\/v2\/posts\/517456","targetHints":{"allow":["GET"]}}],"collection":[{"href":"https:\/\/diariodominicano.com\/index.php?rest_route=\/wp\/v2\/posts"}],"about":[{"href":"https:\/\/diariodominicano.com\/index.php?rest_route=\/wp\/v2\/types\/post"}],"author":[{"embeddable":true,"href":"https:\/\/diariodominicano.com\/index.php?rest_route=\/wp\/v2\/users\/5"}],"replies":[{"embeddable":true,"href":"https:\/\/diariodominicano.com\/index.php?rest_route=%2Fwp%2Fv2%2Fcomments&post=517456"}],"version-history":[{"count":1,"href":"https:\/\/diariodominicano.com\/index.php?rest_route=\/wp\/v2\/posts\/517456\/revisions"}],"predecessor-version":[{"id":517458,"href":"https:\/\/diariodominicano.com\/index.php?rest_route=\/wp\/v2\/posts\/517456\/revisions\/517458"}],"wp:featuredmedia":[{"embeddable":true,"href":"https:\/\/diariodominicano.com\/index.php?rest_route=\/wp\/v2\/media\/517457"}],"wp:attachment":[{"href":"https:\/\/diariodominicano.com\/index.php?rest_route=%2Fwp%2Fv2%2Fmedia&parent=517456"}],"wp:term":[{"taxonomy":"category","embeddable":true,"href":"https:\/\/diariodominicano.com\/index.php?rest_route=%2Fwp%2Fv2%2Fcategories&post=517456"},{"taxonomy":"post_tag","embeddable":true,"href":"https:\/\/diariodominicano.com\/index.php?rest_route=%2Fwp%2Fv2%2Ftags&post=517456"}],"curies":[{"name":"wp","href":"https:\/\/api.w.org\/{rel}","templated":true}]}}