{"id":517450,"date":"2024-03-21T20:42:32","date_gmt":"2024-03-22T00:42:32","guid":{"rendered":"https:\/\/diariodominicano.com\/?p=517450"},"modified":"2024-03-21T20:42:32","modified_gmt":"2024-03-22T00:42:32","slug":"uasd-presenta-reportaje-sobre-el-del-instituto-de-microbiologia-y-parasitologia","status":"publish","type":"post","link":"https:\/\/diariodominicano.com\/?p=517450","title":{"rendered":"UASD presenta Reportaje sobre el del Instituto de Microbiolog\u00eda y Parasitolog\u00eda"},"content":{"rendered":"\n<p>diariodominicano.com<\/p>\n\n\n\n<p>Santo Domingo, R. D., 21 de marzo, 2024.- La Universidad Aut\u00f3noma de Santo Domingo (UASD) present\u00f3 un reportaje en la sala de Orientaci\u00f3n, de la Biblioteca Pedro Mir, sobre el Instituto de Microbiolog\u00eda y Parasitolog\u00eda (IMPA), de la Facultad de Ciencias (FC), producido por \u00c1ngel Ruiz Baz\u00e1n.<\/p>\n\n\n\n<p>La actividad se llev\u00f3 a cabo en coordinaci\u00f3n con las vicerrector\u00edas de Extensi\u00f3n y de Investigaci\u00f3n&nbsp; y Postgrado, de esa Academia.<\/p>\n\n\n\n<p>La vicerrectora de Extensi\u00f3n, maestra Rosal\u00eda Sosa P\u00e9rez, agradeci\u00f3 el apoyo recibido de parte del rector, maestro Editrudis Beltr\u00e1n Cris\u00f3stomo, igual hizo al productor del trabajo, Ruiz Baz\u00e1n.<\/p>\n\n\n\n<p>Sosa P\u00e9rez expres\u00f3 que la unidad acad\u00e9mica que dirige, tiene la importante funci\u00f3n de comunicar, vincular y coordinar, al tiempo de indicar que \u201cestamos muy empe\u00f1ados en trabajar en conjunto con las vicerrector\u00edas y las diferentes facultades.<\/p>\n\n\n\n<p>Afirm\u00f3 que es de inter\u00e9s que el pueblo dominicano est\u00e9 informado sobre \u201cque hace la Universidad y en qu\u00e9 invertimos el dinero, a trav\u00e9s del programa \u201cConozca lo que hacemos\u201d.<\/p>\n\n\n\n<p>Mientras que el vicerrector de Investigaci\u00f3n y Postgrado, maestro Radham\u00e9s Silverio Gonzalez,&nbsp; invit\u00f3 a los presentes a que reproduzcan el reportaje para que el contenido siga conoci\u00e9ndose.<\/p>\n\n\n\n<p>Por su lado, el decano de la Facultad de Ciencias, maestro Jos\u00e9 Ferreira, igualmente agradeci\u00f3 a los participantes en la producci\u00f3n del reportaje sobre el IMPA y exhort\u00f3 a continuar con este tipo de trabajos en las diferentes unidades acad\u00e9micas de la Universidad.<\/p>\n\n\n\n<p>En cambio, el director del IMPA, doctor Modesto Cruz, abord\u00f3 las experiencias en materia de investigaci\u00f3n que se realizan desde el instituto.<\/p>\n\n\n\n<p>Trat\u00f3 sobre la historia, proyecciones y posicionamiento a nivel nacional e internacional, as\u00ed como en la regi\u00f3n del&nbsp; instituto en base a sus trabajos e investigaciones, que los han hecho merecedores de la sede de importantes congresos y conclaves.<\/p>\n\n\n\n<p>Destac\u00f3 la importancia que es ser la sede&nbsp; de la Asociaci\u00f3n Latinoamericana de Microbiolog\u00eda (ALAM) y del Simposio de Helicobactery Pylori.<\/p>\n\n\n\n<p>Durante la actividad, fungi\u00f3 como maestro de ceremonia Eddy de los Santos, quien ley\u00f3 la semblanza de Ru\u00edz Baz\u00e1n, sobre su trayectoria profesional como investigador audiovisual, destacando la prol\u00edfera producci\u00f3n de varios documentales y reportajes del profesional originario&nbsp; de La Rioja, Espa\u00f1a.<\/p>\n\n\n\n<p>En tanto, Ruiz Baz\u00e1n tuvo palabras de agradecimientos para todos aquellos que se involucraron en la producci\u00f3n audiovisual, para que esta nueva entrega fuera posible.<\/p>\n\n\n\n<p>Sostuvo que \u201cdichos trabajos tienen el objetivo de rescatar la memoria de la Academia, la cual se queda para siempre y as\u00ed de esta forma se proyecta lo que se hace en la UASD\u201d.<\/p>\n\n\n\n<p><strong>Sobre el reportaje<\/strong><\/p>\n\n\n\n<p>El reportaje tiene una duraci\u00f3n de ocho minutos y tuvo como narrador a Jos\u00e9 Manuel Then, como guionista&nbsp; junto al productor, el maestro &nbsp;Modesto Cruz y fue realizado a trav\u00e9s de la Direcci\u00f3n de Recursos Audiovisuales, &nbsp;a cargo de su director, Rom\u00e1n Castillo Espinosa.<\/p>\n\n\n\n<p>Adem\u00e1s, &nbsp;aborda los or\u00edgenes del IMPA, destaca&nbsp; los objetivos del instituto, &nbsp;la investigaci\u00f3n cient\u00edfica en el campo de la microbiolog\u00eda y parasitolog\u00eda, as\u00ed como gestionar el conocimiento cient\u00edfico para apoyar la docencia a nivel de grado y postgrado, entre otros puntos.<\/p>\n\n\n\n<p>El audiovisual cita que cuenta con 52 miembros de la Carrera Nacional de Investigaciones del Ministerio de Educaci\u00f3n Superior, Ciencia y Tecnolog\u00eda (MESCYT), &nbsp;capacitados en el \u00e1rea de microbiolog\u00eda y parasitolog\u00eda.<\/p>\n\n\n\n<p>El IMPA trabaja en el desarrollo de la medicina molecular y visualiza sus investigaciones con t\u00e9cnicas avanzadas, como edici\u00f3n gen\u00f3mica. Ha contribuido al descubrimiento de enfermedades infecciosas a trav\u00e9s del descubrimiento de estructuras moleculares.<\/p>\n\n\n\n<p>El reportaje se\u00f1ala que este instituto ha tenido logros importantes con investigaciones en el campo de la ciencia de la&nbsp; vida, descubriendo el caso del proyecto de Helicobactery Pylori, entre otros interesantes temas.<\/p>\n\n\n\n<p>Asistieron a la actividad, el doctor Carlos Mayobanex Cabral, coordinador de doctorados de la UASD; el vicedecano de la Facultad de Ciencias, maestro Franklin Suza\u00f1a; \u00a0director de Servicios Bibliogr\u00e1ficos, maestro Julio Marmolejos, y el \u00a0director general del CRAI-BPM, maestro Augusto Bravo, entre otros.<\/p>\n\n\n\n<p>Relaciones P\u00fablicas<\/p>\n\n\n\n<p><a href=\"mailto:relacionespublicas@uasd.edu.do\" target=\"_blank\" rel=\"noreferrer noopener\">relacionespublicas@uasd.edu.do<\/a><\/p>\n","protected":false},"excerpt":{"rendered":"<p>diariodominicano.com Santo Domingo, R. D., 21 de marzo, 2024.- La Universidad Aut\u00f3noma de Santo Domingo (UASD) present\u00f3 un reportaje en la sala de Orientaci\u00f3n, de la Biblioteca Pedro Mir, sobre el Instituto de Microbiolog\u00eda y Parasitolog\u00eda (IMPA), de la Facultad de Ciencias (FC), producido por \u00c1ngel Ruiz Baz\u00e1n. La actividad se llev\u00f3 a cabo en [&hellip;]<\/p>\n","protected":false},"author":5,"featured_media":517451,"comment_status":"closed","ping_status":"","sticky":true,"template":"","format":"standard","meta":{"footnotes":""},"categories":[20,27],"tags":[],"class_list":["post-517450","post","type-post","status-publish","format-standard","has-post-thumbnail","hentry","category-dominicana-hoy","category-portada"],"_links":{"self":[{"href":"https:\/\/diariodominicano.com\/index.php?rest_route=\/wp\/v2\/posts\/517450","targetHints":{"allow":["GET"]}}],"collection":[{"href":"https:\/\/diariodominicano.com\/index.php?rest_route=\/wp\/v2\/posts"}],"about":[{"href":"https:\/\/diariodominicano.com\/index.php?rest_route=\/wp\/v2\/types\/post"}],"author":[{"embeddable":true,"href":"https:\/\/diariodominicano.com\/index.php?rest_route=\/wp\/v2\/users\/5"}],"replies":[{"embeddable":true,"href":"https:\/\/diariodominicano.com\/index.php?rest_route=%2Fwp%2Fv2%2Fcomments&post=517450"}],"version-history":[{"count":1,"href":"https:\/\/diariodominicano.com\/index.php?rest_route=\/wp\/v2\/posts\/517450\/revisions"}],"predecessor-version":[{"id":517452,"href":"https:\/\/diariodominicano.com\/index.php?rest_route=\/wp\/v2\/posts\/517450\/revisions\/517452"}],"wp:featuredmedia":[{"embeddable":true,"href":"https:\/\/diariodominicano.com\/index.php?rest_route=\/wp\/v2\/media\/517451"}],"wp:attachment":[{"href":"https:\/\/diariodominicano.com\/index.php?rest_route=%2Fwp%2Fv2%2Fmedia&parent=517450"}],"wp:term":[{"taxonomy":"category","embeddable":true,"href":"https:\/\/diariodominicano.com\/index.php?rest_route=%2Fwp%2Fv2%2Fcategories&post=517450"},{"taxonomy":"post_tag","embeddable":true,"href":"https:\/\/diariodominicano.com\/index.php?rest_route=%2Fwp%2Fv2%2Ftags&post=517450"}],"curies":[{"name":"wp","href":"https:\/\/api.w.org\/{rel}","templated":true}]}}