{"id":517435,"date":"2024-03-21T18:23:39","date_gmt":"2024-03-21T22:23:39","guid":{"rendered":"https:\/\/diariodominicano.com\/?p=517435"},"modified":"2024-03-21T18:24:14","modified_gmt":"2024-03-21T22:24:14","slug":"tras-detencion-de-opositores-comunidad-internacional-llama-al-gobierno-de-venezuela-a-cumplir-los-acuerdos-de-barbados","status":"publish","type":"post","link":"https:\/\/diariodominicano.com\/?p=517435","title":{"rendered":"Tras detenci\u00f3n de opositores, comunidad internacional llama al gobierno de Venezuela a cumplir los Acuerdos de Barbados"},"content":{"rendered":"\n<p>Las delegaciones negociadoras del gobierno de Venezuela y de la Plataforma Unitaria de la oposici\u00f3n durante la firma de un acuerdo sobre garant\u00edas electorales en Barbados.<\/p>\n\n\n\n<p>marzo 21, 2024<\/p>\n\n\n\n<ul class=\"wp-block-list\">\n<li><a href=\"https:\/\/www.vozdeamerica.com\/author\/voz-de-america-redaccion\/p_kym\">Voz de Am\u00e9rica &#8211; Redacci\u00f3n<\/a><\/li>\n<\/ul>\n\n\n\n<ul class=\"wp-block-list\">\n<li><a href=\"https:\/\/facebook.com\/sharer.php?u=https%3a%2f%2fwww.vozdeamerica.com%2fa%2fpaises-llaman-gobierno-venezuela-implementar-acuerdos-barbados%2f7537530.html\" target=\"_blank\" rel=\"noreferrer noopener\"><\/a><\/li>\n\n\n\n<li><a href=\"https:\/\/twitter.com\/share?url=https%3a%2f%2fwww.vozdeamerica.com%2fa%2fpaises-llaman-gobierno-venezuela-implementar-acuerdos-barbados%2f7537530.html&amp;text=La+ONU+llama+al+Gobierno+de+Venezuela+a+respetar+la+%22hoja+de+ruta%22+trazada+con+la+oposici%c3%b3n\" target=\"_blank\" rel=\"noreferrer noopener\"><\/a><\/li>\n\n\n\n<li><\/li>\n\n\n\n<li><a href=\"mailto:?body=https%3a%2f%2fwww.vozdeamerica.com%2fa%2fpaises-llaman-gobierno-venezuela-implementar-acuerdos-barbados%2f7537530.html&amp;subject=La%20ONU%20llama%20al%20Gobierno%20de%20Venezuela%20a%20respetar%20la%20%22hoja%20de%20ruta%22%20trazada%20con%20la%20oposici%C3%B3n\"><\/a><\/li>\n<\/ul>\n\n\n\n<p><a href=\"https:\/\/www.vozdeamerica.com\/a\/paises-llaman-gobierno-venezuela-implementar-acuerdos-barbados\/7537530.html#comments\">&nbsp;Vea comentarios<\/a><\/p>\n\n\n\n<p>Varios pa\u00edses y organismos internacionales han condenado los arrestos de cercanos colaboradores de la aspirante presidencial opositora venezolana, Mar\u00eda Corina Machado, y han exhortado a implementar el Acuerdo de Barbados.<\/p>\n\n\n\n<p>CARACAS \u2014&nbsp;<\/p>\n\n\n\n<p>Parte de la comunidad internacional ha llamado a implementar los&nbsp;<strong><em><a href=\"https:\/\/www.vozdeamerica.com\/a\/gobierno-oposicion-venezuela-retoman-negociaciones-en-barbados-varios-paises-acompanan-\/7314283.html\" target=\"_blank\" rel=\"noreferrer noopener\">Acuerdos de Barbados<\/a><\/em><\/strong>&nbsp;y han expresado preocupaci\u00f3n por la detenci\u00f3n de dos cercanos colaboradores de la aspirante presidencia venezolana Mar\u00eda Corina Machado, pero el gobierno del presidente Nicol\u00e1s Maduro ha rechazado varias de las denuncias.<\/p>\n\n\n\n<p>El secretario general de Naciones Unidas (ONU), Antonio Guterres, lament\u00f3 cualquier acontecimiento que pueda impedir garant\u00edas electorales y ratific\u00f3 su llamado a la implementaci\u00f3n de buena fe de los acuerdos sobre garant\u00edas electorales firmados el a\u00f1o pasado por el gobierno de Maduro y la Plataforma Unitaria de la oposici\u00f3n.<\/p>\n\n\n\n<p>\u201cRecuerda la necesidad de garantizar el derecho a votar y a ser elegido mediante aut\u00e9nticas elecciones peri\u00f3dicas. El secretario general subraya la importancia de que la comunidad internacional siga colaborando con las partes para lograr una hoja de ruta negociada para las elecciones\u201d, dijo el jueves el portavoz de la ONU, Farhan Haq.<\/p>\n\n\n\n<p>La vicepresidenta venezolana, Delcy Rodr\u00edguez, cuestion\u00f3 que Guterres no haya mencionado las amenazas de magnicidio que su gobierno ha estado denunciando y lament\u00f3 que \u201cdesde\u00f1e las amenazas internas y externas contra el pueblo venezolano\u201d. Sin embargo, dijo que seguir\u00e1n en comunicaci\u00f3n permanente para alertarlo sobre supuestos planes contra Venezuela.<\/p>\n\n\n\n<p><\/p>\n\n\n\n<p>Dos de los m\u00e1s cercanos colaboradores de Machado, ganadora de la primaria presidencial opositora con m\u00e1s del 90 % de los votos e inhabilitada para ejercer cargos p\u00fablicos,&nbsp;<em><strong><a href=\"https:\/\/www.vozdeamerica.com\/a\/venezuela-detienen-dos-dirigentes-politicos-cercanos-maria-corina-machado\/7535780.html\" target=\"_blank\" rel=\"noreferrer noopener\">fueron detenidos<\/a><\/strong><\/em>&nbsp;el mi\u00e9rcoles acusados de organizar planes desestabilizadores en el contexto de las elecciones presidenciales que ser\u00e1n celebradas en julio.<\/p>\n\n\n\n<p>Adem\u00e1s, fueron emitidas \u00f3rdenes de arresto contra otras personas clave para el partido de Machado, entre ellas su jefa de campa\u00f1a, Magalli Meda, quien en su cuenta en X dijo el jueves que el gobierno de Maduro act\u00faa \u201cdesde la mentira y represi\u00f3n\u201d.<\/p>\n\n\n\n<p>El canciller de Venezuela, Yvan Gil, tambi\u00e9n cuestion\u00f3 la declaraci\u00f3n del gobierno del presidente argentino, Javier Milei, que en horas recientes repudi\u00f3 las detenciones, exigi\u00f3 la pronta liberaci\u00f3n de los dirigentes detenidos y resalt\u00f3 las conclusiones de la m\u00e1s reciente actualizaci\u00f3n de la Misi\u00f3n Internacional Independiente de Determinaci\u00f3n de los Hechos sobre Venezuela, que advierte sobre una&nbsp;<strong><em><a href=\"https:\/\/www.vozdeamerica.com\/a\/mision-independiente-onu-alerta-sobre-fase-reactivacion-violenta-represion-venezuela-\/7535230.html\" target=\"_blank\" rel=\"noreferrer noopener\">\u201creactivaci\u00f3n\u201d de la represi\u00f3n.<\/a><\/em><\/strong><\/p>\n\n\n\n<p>\u201cNo nos sorprende que la canciller\u00eda de un gobierno de corte nazi, como el de Milei, responsable de la mayor mutilaci\u00f3n de derechos de su pueblo desde la \u00e9poca de atroces dictaduras, pretenda hoy convertirse en defensor y c\u00f3mplice de fascistas. Preoc\u00fapense de su pa\u00eds, deje de buscar excusas y desviar la atenci\u00f3n de los argentinos ante el desastre al cual los llevan\u201d, reaccion\u00f3 Gil.<\/p>\n\n\n\n<p><a href=\"https:\/\/www.vozdeamerica.com\/a\/oposicion-en-venezuela-con-pocas-opciones-de-candidatos-para-eleccion-presidencial\/7537082.html\"><\/a><\/p>\n\n\n\n<p><a href=\"https:\/\/www.vozdeamerica.com\/a\/oposicion-en-venezuela-con-pocas-opciones-de-candidatos-para-eleccion-presidencial\/7537082.html\">TAMBI\u00c9N LEA<\/a><\/p>\n\n\n\n<h4 class=\"wp-block-heading\"><a href=\"https:\/\/www.vozdeamerica.com\/a\/oposicion-en-venezuela-con-pocas-opciones-de-candidatos-para-eleccion-presidencial\/7537082.html\">Oposici\u00f3n en Venezuela se queda con pocas opciones para postular candidatos para elecci\u00f3n presidencial<\/a><\/h4>\n\n\n\n<p>El canciller de Colombia, Luis Gilberto Murillo, ratific\u00f3 el compromiso de su pa\u00eds en buscar una soluci\u00f3n que \u201cresponda al fondo\u201d de los desaf\u00edos del pueblo venezolano y expres\u00f3 apoyo al cumplimiento de los acuerdos de Barbados.<\/p>\n\n\n\n<p>Murillo reiter\u00f3 que el mandatario colombiano, Gustavo Petro, ha promovido el regreso de Venezuela al marco al Sistema Interamericano de DDHH, as\u00ed como la celebraci\u00f3n de elecciones con garant\u00edas para todos los partidos y candidatos.<\/p>\n\n\n\n<p>\u201cHemos estado en contacto tanto con nuestro embajador en Venezuela, como con el canciller Yvan Gil y representantes de la oposici\u00f3n, para evaluar la situaci\u00f3n, la coyuntura que tenemos hoy y expresar nuestra preocupaci\u00f3n por los efectos que los \u00faltimos acontecimientos puedan tener en la ruta del proceso pol\u00edtico en Venezuela, en el marco de los acuerdos alcanzados en Barbados\u201d, expres\u00f3.<\/p>\n\n\n\n<p>Tras la firma de los acuerdos, en octubre, Estados Unidos alivi\u00f3 temporalmente algunas sanciones sobre la industria petrolera de Venezuela. Pero, tras la ratificaci\u00f3n de la inhabilitaci\u00f3n contra Machado, anunci\u00f3 que ser\u00edan reimpuestas.<\/p>\n\n\n\n<p><a href=\"https:\/\/www.vozdeamerica.com\/a\/comienza-periodo-postulaciones-candidatos-presidenciales-venezuela-incertidumbres-oposicion\/7536802.html\"><\/a><\/p>\n\n\n\n<p><a href=\"https:\/\/www.vozdeamerica.com\/a\/comienza-periodo-postulaciones-candidatos-presidenciales-venezuela-incertidumbres-oposicion\/7536802.html\">TAMBI\u00c9N LEA<\/a><\/p>\n\n\n\n<h4 class=\"wp-block-heading\"><a href=\"https:\/\/www.vozdeamerica.com\/a\/comienza-periodo-postulaciones-candidatos-presidenciales-venezuela-incertidumbres-oposicion\/7536802.html\">Comienza per\u00edodo de postulaciones de candidatos presidenciales en Venezuela en medio de incertidumbres para la oposici\u00f3n<\/a><\/h4>\n\n\n\n<p>El gobierno de Chile, adem\u00e1s, conden\u00f3 las detenciones y subray\u00f3 que se trata de una acci\u00f3n contraria al esp\u00edritu democr\u00e1tico que debe privar en un proceso electoral. En ese sentido, dijo que las recientes acciones contravienen los acuerdos firmados en Barbados.<\/p>\n\n\n\n<p>\u201cEl gobierno de Chile se suma a los llamados formulados por instancias multilaterales de derechos humanos, para que Venezuela ponga fin al hostigamiento contra los opositores pol\u00edticos\u201d, precisa un comunicado divulgado por el Ministerio de Relaciones Exteriores Chileno.<\/p>\n\n\n\n<p>El Ministerio de Relaciones Exteriores de Canad\u00e1 tambi\u00e9n conden\u00f3 las detenciones \u201carbitrarias\u201d, las \u00f3rdenes de arresto, as\u00ed como \u201cla actual represi\u00f3n de la sociedad civil\u201d y pidi\u00f3 liberaciones inmediatas \u201cen el esp\u00edritu\u201d de la plena implementaci\u00f3n del acuerdo.<\/p>\n\n\n\n<p>Para el gobierno de Uruguay los arrestos corroboran el \u201calejamiento definitivo\u201d por parte del gobierno venezolano de los acuerdos y llam\u00f3 a la liberaci\u00f3n inmediata de todos los detenidos por motivos pol\u00edticos.<\/p>\n\n\n\n<p>\u201cUruguay condena estas acciones arbitrarias y sigue con preocupaci\u00f3n y solidaridad estos acontecimientos en que, desde las estructuras del Estado, se avasallan los derechos humanos de los opositores al r\u00e9gimen\u201d, resalta un comunicado.<\/p>\n","protected":false},"excerpt":{"rendered":"<p>Las delegaciones negociadoras del gobierno de Venezuela y de la Plataforma Unitaria de la oposici\u00f3n durante la firma de un acuerdo sobre garant\u00edas electorales en Barbados. marzo 21, 2024 &nbsp;Vea comentarios Varios pa\u00edses y organismos internacionales han condenado los arrestos de cercanos colaboradores de la aspirante presidencial opositora venezolana, Mar\u00eda Corina Machado, y han exhortado [&hellip;]<\/p>\n","protected":false},"author":28,"featured_media":517436,"comment_status":"closed","ping_status":"","sticky":false,"template":"","format":"standard","meta":{"footnotes":""},"categories":[23,22],"tags":[],"class_list":["post-517435","post","type-post","status-publish","format-standard","has-post-thumbnail","hentry","category-internacional","category-politica"],"_links":{"self":[{"href":"https:\/\/diariodominicano.com\/index.php?rest_route=\/wp\/v2\/posts\/517435","targetHints":{"allow":["GET"]}}],"collection":[{"href":"https:\/\/diariodominicano.com\/index.php?rest_route=\/wp\/v2\/posts"}],"about":[{"href":"https:\/\/diariodominicano.com\/index.php?rest_route=\/wp\/v2\/types\/post"}],"author":[{"embeddable":true,"href":"https:\/\/diariodominicano.com\/index.php?rest_route=\/wp\/v2\/users\/28"}],"replies":[{"embeddable":true,"href":"https:\/\/diariodominicano.com\/index.php?rest_route=%2Fwp%2Fv2%2Fcomments&post=517435"}],"version-history":[{"count":2,"href":"https:\/\/diariodominicano.com\/index.php?rest_route=\/wp\/v2\/posts\/517435\/revisions"}],"predecessor-version":[{"id":517438,"href":"https:\/\/diariodominicano.com\/index.php?rest_route=\/wp\/v2\/posts\/517435\/revisions\/517438"}],"wp:featuredmedia":[{"embeddable":true,"href":"https:\/\/diariodominicano.com\/index.php?rest_route=\/wp\/v2\/media\/517436"}],"wp:attachment":[{"href":"https:\/\/diariodominicano.com\/index.php?rest_route=%2Fwp%2Fv2%2Fmedia&parent=517435"}],"wp:term":[{"taxonomy":"category","embeddable":true,"href":"https:\/\/diariodominicano.com\/index.php?rest_route=%2Fwp%2Fv2%2Fcategories&post=517435"},{"taxonomy":"post_tag","embeddable":true,"href":"https:\/\/diariodominicano.com\/index.php?rest_route=%2Fwp%2Fv2%2Ftags&post=517435"}],"curies":[{"name":"wp","href":"https:\/\/api.w.org\/{rel}","templated":true}]}}