{"id":51740,"date":"2020-07-14T21:11:01","date_gmt":"2020-07-14T21:11:01","guid":{"rendered":"http:\/\/diariodominicano.ddns.net\/?p=51740"},"modified":"2020-07-14T21:11:01","modified_gmt":"2020-07-14T21:11:01","slug":"el-grafitero-banksy-deja-su-impronta-en-el-metro-de-londres","status":"publish","type":"post","link":"https:\/\/diariodominicano.com\/?p=51740","title":{"rendered":"El grafitero Banksy deja su impronta en el metro de Londres"},"content":{"rendered":"<p><body><\/p>\n<p><img decoding=\"async\" src=\"img3\/z-metro-ratas-londres.jpg\" \/>  <\/p>\n<p><strong>El grafitero Banksy deja su impronta en el metro de Londres<\/strong><\/p>\n<p><strong> <\/strong><\/p>\n<p><strong>grafitiLondres, 14 jul (Prensa Latina)<\/strong> El misterioso grafitero Banksy volvi\u00f3 a ser noticia hoy al dejar su impronta en un vag\u00f3n del metro de Londres, con una obra alusiva al uso obligatorio de la mascarilla en el transporte p\u00fablico de Inglaterra.<\/p>\n<\/p>\n<p>Un video colgado por el propio artista en su cuenta de Instagram lo muestra vestido como uno de los encargados de desinfectar los coches del tren (traje de nylon con capucha, chaleco refractario, gafas y m\u00e1scara), con la \u00fanica diferencia de que en lugar de desinfectante, su equipo pulverizador est\u00e1 cargado de pintura.<\/p>\n<\/p>\n<p>En las im\u00e1genes que ya tienen m\u00e1s de un mill\u00f3n de reproducciones en internet, se ve al elusivo Banksy mientras pinta, con plantilla y aerosol, sus ya conocidas ratas grises en poses diferentes: una que mancha de verde la ventanilla con un potente estornudo, otra que utiliza el tapaboca como paraca\u00eddas, mientras una tercera blande un pomo de gel desinfectante para las manos.<\/p>\n<\/p>\n<p>Para no dejar dudas sobre su autor\u00eda, el grafitero escribe su nombre con grandes letras verdes sobre una puerta que comunica los vagones, mientras un pasajero lo observa entre intrigado y at\u00f3nito.<\/p>\n<\/p>\n<p>La secuencia termina con Banksy saliendo a la plataforma junto a otros pasajeros, pero antes deja escrito en una pared de la estaci\u00f3n &#8216;I get lockdown&#8217; (me encierran), una frase enigm\u00e1tica que cobra algo de sentido cuando se cierran las puertas del vag\u00f3n y aparecen las palabras &#8216;but I get up again&#8217; (pero me levanto de nuevo).<\/p>\n<\/p>\n<p>El elusivo artista brit\u00e1nico se hab\u00eda hecho sentir durante la pandemia de Covid-19 con una pintura en un pasillo del hospital general de Southampton, en el sur de Inglaterra, en homenaje a los trabajadores de la salud que luchan contra la pandemia de Covid-19.<\/p>\n<\/p>\n<p>En esa ocasi\u00f3n, Banksy pint\u00f3 a un ni\u00f1o que sostiene en alto a una mu\u00f1eca vestida de enfermera, pero en pose de estar volando con una capa de superh\u00e9roe en la espalda, mientras Batman y el Hombre Ara\u00f1a yacen abandonados en un cesto de basura.<\/p>\n<\/p>\n<p>Pocas semanas despu\u00e9s, se inspir\u00f3 en el asesinato del afronorteamericano George Floyd a manos de un polic\u00eda blanco de Minneapolis, y dibuj\u00f3 una bandera estadounidense que comienza a quemarse por una vela encendida colocada debajo de ella, junto a un retrato y un ramo de flores a manera de ofrenda f\u00fanebre.<\/p>\n<\/p>\n<p>Ejecutada por lo general con plantilla o est\u00e9ncil sobre las que aplica la pintura en aerosol, la t\u00e9cnica de Banksy constituye ya una marca registrada perseguida por los coleccionistas, y pone en entredicho el supuesto car\u00e1cter ef\u00edmero del arte callejero.<\/p>\n<\/p>\n<p>mem\/nm<\/p>\n<h6> 2020-07-14 21:11:01 <\/h6>\n<p><!--\n<link rel=\"stylesheet\" href=\"css\/bootstrap.min.css\">\n\n\n<ul class=\"pagination\">\n\t    \n\t\n\n<li >\n\t<a href='?page_no=414'>Previous<\/a>\n\t<\/li>\n\n\n       \n    \n\n<li><a href='?page_no=1'>1<\/a><\/li>\n\n\n\n<li><a href='?page_no=2'>2<\/a><\/li>\n\n\n\n<li><a>...<\/a><\/li>\n\n\n\n<li><a href='?page_no=413'>413<\/a><\/li>\n\n\n\n<li><a href='?page_no=414'>414<\/a><\/li>\n\n\n\n<li class='active'><a>415<\/a><\/li>\n\n\n\n<li><a href='?page_no=416'>416<\/a><\/li>\n\n\n\n<li><a href='?page_no=417'>417<\/a><\/li>\n\n\n\n<li><a>...<\/a><\/li>\n\n\n\n<li><a href='?page_no=22911'>22911<\/a><\/li>\n\n\n\n<li><a href='?page_no=22912'>22912<\/a><\/li>\n\n    \n\t\n\n<li >\n\t<a href='?page_no=416'>Next<\/a>\n\t<\/li>\n\n\n    \n\n<li><a href='?page_no=22912'>Last &rsaquo;&rsaquo;<\/a><\/li>\n\n<\/ul>\n\n\n--><br \/>\n<\/body><\/p>\n","protected":false},"excerpt":{"rendered":"<p>El grafitero Banksy deja su impronta en el metro de Londres grafitiLondres, 14 jul (Prensa Latina) El misterioso grafitero Banksy volvi\u00f3 a ser noticia hoy al dejar su impronta en un vag\u00f3n del metro de Londres, con una obra alusiva al uso obligatorio de la mascarilla en el transporte p\u00fablico de Inglaterra. Un video colgado [&hellip;]<\/p>\n","protected":false},"author":3,"featured_media":0,"comment_status":"open","ping_status":"open","sticky":false,"template":"","format":"standard","meta":{"footnotes":""},"categories":[21],"tags":[],"class_list":["post-51740","post","type-post","status-publish","format-standard","hentry","category-cultura"],"_links":{"self":[{"href":"https:\/\/diariodominicano.com\/index.php?rest_route=\/wp\/v2\/posts\/51740","targetHints":{"allow":["GET"]}}],"collection":[{"href":"https:\/\/diariodominicano.com\/index.php?rest_route=\/wp\/v2\/posts"}],"about":[{"href":"https:\/\/diariodominicano.com\/index.php?rest_route=\/wp\/v2\/types\/post"}],"author":[{"embeddable":true,"href":"https:\/\/diariodominicano.com\/index.php?rest_route=\/wp\/v2\/users\/3"}],"replies":[{"embeddable":true,"href":"https:\/\/diariodominicano.com\/index.php?rest_route=%2Fwp%2Fv2%2Fcomments&post=51740"}],"version-history":[{"count":0,"href":"https:\/\/diariodominicano.com\/index.php?rest_route=\/wp\/v2\/posts\/51740\/revisions"}],"wp:attachment":[{"href":"https:\/\/diariodominicano.com\/index.php?rest_route=%2Fwp%2Fv2%2Fmedia&parent=51740"}],"wp:term":[{"taxonomy":"category","embeddable":true,"href":"https:\/\/diariodominicano.com\/index.php?rest_route=%2Fwp%2Fv2%2Fcategories&post=51740"},{"taxonomy":"post_tag","embeddable":true,"href":"https:\/\/diariodominicano.com\/index.php?rest_route=%2Fwp%2Fv2%2Ftags&post=51740"}],"curies":[{"name":"wp","href":"https:\/\/api.w.org\/{rel}","templated":true}]}}