{"id":517390,"date":"2024-03-21T16:55:49","date_gmt":"2024-03-21T20:55:49","guid":{"rendered":"https:\/\/diariodominicano.com\/?p=517390"},"modified":"2024-03-21T16:55:49","modified_gmt":"2024-03-21T20:55:49","slug":"911-coordina-asistencia-para-trasladar-30-estudiantes-habrian-sido-afectados-por-golpe-de-calor-en-centro-de-la-vega","status":"publish","type":"post","link":"https:\/\/diariodominicano.com\/?p=517390","title":{"rendered":"911 coordina asistencia para trasladar 30 estudiantes habr\u00edan sido afectados por golpe de calor en centro de La Vega"},"content":{"rendered":"\n<p>diariodominicano.com<\/p>\n\n\n\n<p><strong>La Vega<\/strong>, R. D.,\u2002<strong>21 de marzo de 2024, . &#8211;\u00a0<\/strong>El Sistema Nacional de Atenci\u00f3n a Emergencias y Seguridad 911 informa que coordin\u00f3 la asistencia a un grupo de estudiantes afectados por un posible golpe de calor, en un hecho ocurrido la ma\u00f1ana de este jueves en un centro educativo de la provincia La Vega.<\/p>\n\n\n\n<p>El personal de salud apostado en la escena reporta que brind\u00f3 asistencia y coordin\u00f3 el traslado de las 30 personas a diferentes establecimientos de salud de la zona. El evento contin\u00faa en desarrollo.<\/p>\n\n\n\n<p>\u00abPara la efectiva asistencia, el 9-1-1 integr\u00f3 a las instituciones de respuesta, conformadas por 12 unidades de ambulancias, de las cuales cinco pertenecen a la Direcci\u00f3n de Servicios de Atenci\u00f3n a Emergencias Extrahospitalarias (DAEH), cinco de los Cuerpos de Bomberos de La Vega, Cutup\u00fa y Buena Vista, y dos del Ministerio de Obras P\u00fablicas y Comunicaciones (MOPC), as\u00ed como una unidad de la Polic\u00eda Nacional\u00bb, indic\u00f3 el director ejecutivo del 911, coronel piloto, Randolfo Rijo G\u00f3mez, ERD.<\/p>\n\n\n\n<p>El Sistema 911 es un servicio p\u00fablico gratuito que salvaguarda la vida y los bienes de todos los dominicanos.<\/p>\n\n\n\n<p><strong>Direcci\u00f3n de Comunicaciones |&nbsp;<\/strong>Contacto:&nbsp;<a href=\"mailto:prensa@911.gob.do\" target=\"_blank\" rel=\"noreferrer noopener\">prensa@911.gob.do<\/a><\/p>\n","protected":false},"excerpt":{"rendered":"<p>diariodominicano.com La Vega, R. D.,\u200221 de marzo de 2024, . &#8211;\u00a0El Sistema Nacional de Atenci\u00f3n a Emergencias y Seguridad 911 informa que coordin\u00f3 la asistencia a un grupo de estudiantes afectados por un posible golpe de calor, en un hecho ocurrido la ma\u00f1ana de este jueves en un centro educativo de la provincia La Vega. [&hellip;]<\/p>\n","protected":false},"author":5,"featured_media":517391,"comment_status":"closed","ping_status":"","sticky":true,"template":"","format":"standard","meta":{"footnotes":""},"categories":[20,27],"tags":[],"class_list":["post-517390","post","type-post","status-publish","format-standard","has-post-thumbnail","hentry","category-dominicana-hoy","category-portada"],"_links":{"self":[{"href":"https:\/\/diariodominicano.com\/index.php?rest_route=\/wp\/v2\/posts\/517390","targetHints":{"allow":["GET"]}}],"collection":[{"href":"https:\/\/diariodominicano.com\/index.php?rest_route=\/wp\/v2\/posts"}],"about":[{"href":"https:\/\/diariodominicano.com\/index.php?rest_route=\/wp\/v2\/types\/post"}],"author":[{"embeddable":true,"href":"https:\/\/diariodominicano.com\/index.php?rest_route=\/wp\/v2\/users\/5"}],"replies":[{"embeddable":true,"href":"https:\/\/diariodominicano.com\/index.php?rest_route=%2Fwp%2Fv2%2Fcomments&post=517390"}],"version-history":[{"count":1,"href":"https:\/\/diariodominicano.com\/index.php?rest_route=\/wp\/v2\/posts\/517390\/revisions"}],"predecessor-version":[{"id":517392,"href":"https:\/\/diariodominicano.com\/index.php?rest_route=\/wp\/v2\/posts\/517390\/revisions\/517392"}],"wp:featuredmedia":[{"embeddable":true,"href":"https:\/\/diariodominicano.com\/index.php?rest_route=\/wp\/v2\/media\/517391"}],"wp:attachment":[{"href":"https:\/\/diariodominicano.com\/index.php?rest_route=%2Fwp%2Fv2%2Fmedia&parent=517390"}],"wp:term":[{"taxonomy":"category","embeddable":true,"href":"https:\/\/diariodominicano.com\/index.php?rest_route=%2Fwp%2Fv2%2Fcategories&post=517390"},{"taxonomy":"post_tag","embeddable":true,"href":"https:\/\/diariodominicano.com\/index.php?rest_route=%2Fwp%2Fv2%2Ftags&post=517390"}],"curies":[{"name":"wp","href":"https:\/\/api.w.org\/{rel}","templated":true}]}}