{"id":517356,"date":"2024-03-21T14:04:12","date_gmt":"2024-03-21T18:04:12","guid":{"rendered":"https:\/\/diariodominicano.com\/?p=517356"},"modified":"2024-03-21T14:05:37","modified_gmt":"2024-03-21T18:05:37","slug":"isuzu-motors-america-llc-reconoce-a-autocamiones-s-a-durante-la-conferencia-anual-isuzu-2024","status":"publish","type":"post","link":"https:\/\/diariodominicano.com\/?p=517356","title":{"rendered":"ISUZU Motors Am\u00e9rica, LLC. reconoce a Autocamiones S.A.\u00a0\u00a0durante la\u00a0Conferencia Anual\u00a0Isuzu 2024"},"content":{"rendered":"\n<p> Eduardo F\u00e9lix, Gerente de Ventas Isuzu; Clara E. Reid de Frankenberg, Vicepresidente; Donald Pimentel Reid, director de Negocios Industriales, Bienvenido Lora, director AfterSales-Servicios T\u00e9cnicos-Taller y Pavel Ferreira, Gerente Repuestos, reciben los reconocimientos<\/p>\n\n\n\n<p><strong>SANTO DOMINGO, RD. \u2013<\/strong>Autocamiones S.A.,\u00a0concesionario exclusivo\u00a0de la marca ISUZU en la Rep\u00fablica Dominicana, particip\u00f3 en la Conferencia Anual ISUZU 2023 en la cual fue premiada en\u00a0siete\u00a0categor\u00edas por su\u00a0incremento en el volumen de ventas, por su alta\u00a0calidad en el servicio post venta y disponibilidad de repuestos para el mercado nacional.<\/p>\n\n\n\n<p>\u201cEstos premios reflejan la aceptaci\u00f3n y reconocimiento del consumidor dominicano de la marca Isuzu, como sin\u00f3nimo de calidad y confianza. Adem\u00e1s, confirma el esfuerzo de Autocamiones.S.A. de ofrecer al mercado dominicano el mejor producto, la mayor variedad de modelos en la gama de camiones livianos, con las mejores atenciones,&nbsp;disponibilidad de repuestos y servicios post venta\u201d, expres\u00f3 Eduardo F\u00e9lix, Gerente de Ventas Isuzu, quien estuvo acompa\u00f1ado por Clara E. Reid de Frankenberg, Vicepresidente, Donald Pimentel Reid , Director de Negocios Industriales, Bienvenido Lora, director AfterSales-Servicios T\u00e9cnicos-Taller, y Pavel Ferreira, Gerente Repuestos.<\/p>\n\n\n\n<p>Las categor\u00edas en las que Autocamiones&nbsp;S.A.&nbsp;fue reconocida fueron \u201cMarket Share No. 1 Sales Award\u201d, \u201cSale Volume Up Achievement Award\u201d, \u201cTraining Performance\u201d, \u201cTIR Performance\u201d, \u201cService Performance\u201d, \u201cGood Marketing Activities\u201d y \u201cParts Sales Increase 2023 vs 2022\u201d, demostrando una vez m\u00e1s que es el mayor importador de veh\u00edculos Isuzu de toda el \u00e1rea del Caribe y Centroam\u00e9rica.<\/p>\n\n\n\n<p>Esta premiaci\u00f3n fue realizada en Curazao, donde se dieron a conocer los resultados del a\u00f1o 2023 y los planes del 2024 de la marca ISUZU en todos los pa\u00edses donde es distribuida. Estos reconocimientos fueron entregados por Yukiko Okazaki, presidente ejecutivo de ISUZU Motors Am\u00e9rica, LLC.<\/p>\n\n\n\n<p>Cabe destacar que Autocamiones S.A. trabaja diariamente en la optimizaci\u00f3n de sus procesos comerciales, con un marcado inter\u00e9s en hacer el mejor uso de la tecnolog\u00eda con fines de obtener el abastecimiento estrat\u00e9gico de los productos requeridos por el mercado dominicano, para lograr satisfacer las necesidades del mismo.<\/p>\n\n\n\n<p><strong>Sobre Autocamiones S.A.<\/strong><\/p>\n\n\n\n<p>Establecido en 1963, Autocamiones, S.A. es el concesionario m\u00e1s antiguo de ISUZU en Latinoam\u00e9rica y es el representante exclusivo de la marca ISUZU para Rep\u00fablica Dominicana.<\/p>\n\n\n\n<p>Autocamiones S.A es el mayor importador de veh\u00edculos ISUZU de toda el \u00e1rea del Caribe y Centroam\u00e9rica.<\/p>\n\n\n\n<p>ISUZU ofrece la m\u00e1s completa variedad de veh\u00edculos comerciales: camionetas cabina sencilla y doble cabina 2WD y 4WD tanto para trabajo como para uso personal. Tambi\u00e9n ofrece al mercado camiones de carga liviana desde 9 pies hasta 18 pies con capacidad de carga de 3.1 toneladas hasta 8.5 toneladas y carga media con 21 pies y hasta 14.5 toneladas con m\u00e1s de 15 modelos en su portafolio de producto.<\/p>\n\n\n\n<p>Ampliando la l\u00ednea de veh\u00edculos, ISUZU introdujo hace dos a\u00f1os el SUV m\u00e1s vers\u00e1til del mercado, la nueva caja de la ISUZU MU-X.&nbsp; Una SUV de tres filas de asientos, confiable y con tecnolog\u00eda de \u00faltima generaci\u00f3n.<\/p>\n\n\n\n<p>En el segmento de camiones se present\u00f3 el nuevo modelo TRAVIS un&nbsp;&nbsp;cami\u00f3n de carga ultraliviano Ofreciendo nuevamente, un veh\u00edculo con el mundialmente reconocido motor di\u00e9sel ISUZU.<\/p>\n\n\n\n<p>&nbsp;Para m\u00e1s informaci\u00f3n visitar su p\u00e1gina web&nbsp;<a href=\"http:\/\/www.isuzu.com.do\/\" target=\"_blank\" rel=\"noreferrer noopener\">www.isuzu.com.do<\/a>&nbsp;y a trav\u00e9s de sus redes sociales Instagram y Facebook como @isuzu.do.<\/p>\n\n\n\n<p><\/p>\n\n\n\n<p>Henry Coradin<\/p>\n\n\n\n<p><a target=\"_blank\" href=\"mailto:henrycoradinrelacionespublicas@gmail.com\" rel=\"noreferrer noopener\">henrycoradinrelacionespublicas<\/a><\/p>\n","protected":false},"excerpt":{"rendered":"<p>Eduardo F\u00e9lix, Gerente de Ventas Isuzu; Clara E. Reid de Frankenberg, Vicepresidente; Donald Pimentel Reid, director de Negocios Industriales, Bienvenido Lora, director AfterSales-Servicios T\u00e9cnicos-Taller y Pavel Ferreira, Gerente Repuestos, reciben los reconocimientos SANTO DOMINGO, RD. \u2013Autocamiones S.A.,\u00a0concesionario exclusivo\u00a0de la marca ISUZU en la Rep\u00fablica Dominicana, particip\u00f3 en la Conferencia Anual ISUZU 2023 en la cual [&hellip;]<\/p>\n","protected":false},"author":28,"featured_media":0,"comment_status":"closed","ping_status":"","sticky":true,"template":"","format":"standard","meta":{"footnotes":""},"categories":[36,25,27],"tags":[],"class_list":["post-517356","post","type-post","status-publish","format-standard","hentry","category-hombresmujeresycosas","category-gente","category-portada"],"_links":{"self":[{"href":"https:\/\/diariodominicano.com\/index.php?rest_route=\/wp\/v2\/posts\/517356","targetHints":{"allow":["GET"]}}],"collection":[{"href":"https:\/\/diariodominicano.com\/index.php?rest_route=\/wp\/v2\/posts"}],"about":[{"href":"https:\/\/diariodominicano.com\/index.php?rest_route=\/wp\/v2\/types\/post"}],"author":[{"embeddable":true,"href":"https:\/\/diariodominicano.com\/index.php?rest_route=\/wp\/v2\/users\/28"}],"replies":[{"embeddable":true,"href":"https:\/\/diariodominicano.com\/index.php?rest_route=%2Fwp%2Fv2%2Fcomments&post=517356"}],"version-history":[{"count":1,"href":"https:\/\/diariodominicano.com\/index.php?rest_route=\/wp\/v2\/posts\/517356\/revisions"}],"predecessor-version":[{"id":517357,"href":"https:\/\/diariodominicano.com\/index.php?rest_route=\/wp\/v2\/posts\/517356\/revisions\/517357"}],"wp:attachment":[{"href":"https:\/\/diariodominicano.com\/index.php?rest_route=%2Fwp%2Fv2%2Fmedia&parent=517356"}],"wp:term":[{"taxonomy":"category","embeddable":true,"href":"https:\/\/diariodominicano.com\/index.php?rest_route=%2Fwp%2Fv2%2Fcategories&post=517356"},{"taxonomy":"post_tag","embeddable":true,"href":"https:\/\/diariodominicano.com\/index.php?rest_route=%2Fwp%2Fv2%2Ftags&post=517356"}],"curies":[{"name":"wp","href":"https:\/\/api.w.org\/{rel}","templated":true}]}}