{"id":517243,"date":"2024-03-20T21:57:47","date_gmt":"2024-03-21T01:57:47","guid":{"rendered":"https:\/\/diariodominicano.com\/?p=517243"},"modified":"2024-03-20T22:01:51","modified_gmt":"2024-03-21T02:01:51","slug":"clausuran-este-fin-de-semana-tercera-temporada-de-teatro-banreservas-con-las-obras-acepto-y-la-nina-y-el-safaconero","status":"publish","type":"post","link":"https:\/\/diariodominicano.com\/?p=517243","title":{"rendered":"Clausuran este fin de semana Tercera Temporada de Teatro\u00a0Banreservas\u00a0Con las obras \u201cAcepto\u201d y \u201cLa ni\u00f1a y el safaconero\u201d"},"content":{"rendered":"\n<p><strong><em>Har\u00e1n funci\u00f3n extra de la obra Acepto-protagonizada<\/em><\/strong><strong>&nbsp;por<\/strong>&nbsp;<strong>Pepe Sierra y Nashla Bogaert este jueves 21 en&nbsp;la sala Ravelo del Teatro Nacional<\/strong><\/p>\n\n\n\n<figure class=\"wp-block-image size-large\"><img loading=\"lazy\" decoding=\"async\" width=\"663\" height=\"1024\" src=\"https:\/\/diariodominicano.com\/wp-content\/uploads\/2024\/03\/OBRA-LA-NINA-Y-EL-SAFACONERO-3-663x1024.jpg\" alt=\"\" class=\"wp-image-517246\" srcset=\"https:\/\/diariodominicano.com\/wp-content\/uploads\/2024\/03\/OBRA-LA-NINA-Y-EL-SAFACONERO-3-663x1024.jpg 663w, https:\/\/diariodominicano.com\/wp-content\/uploads\/2024\/03\/OBRA-LA-NINA-Y-EL-SAFACONERO-3-194x300.jpg 194w, https:\/\/diariodominicano.com\/wp-content\/uploads\/2024\/03\/OBRA-LA-NINA-Y-EL-SAFACONERO-3-768x1187.jpg 768w, https:\/\/diariodominicano.com\/wp-content\/uploads\/2024\/03\/OBRA-LA-NINA-Y-EL-SAFACONERO-3-994x1536.jpg 994w, https:\/\/diariodominicano.com\/wp-content\/uploads\/2024\/03\/OBRA-LA-NINA-Y-EL-SAFACONERO-3-1325x2048.jpg 1325w, https:\/\/diariodominicano.com\/wp-content\/uploads\/2024\/03\/OBRA-LA-NINA-Y-EL-SAFACONERO-3-816x1261.jpg 816w, https:\/\/diariodominicano.com\/wp-content\/uploads\/2024\/03\/OBRA-LA-NINA-Y-EL-SAFACONERO-3.jpg 1649w\" sizes=\"auto, (max-width: 663px) 100vw, 663px\" \/><\/figure>\n\n\n\n<p><strong>La ni\u00f1a y el safaconero<\/strong><\/p>\n\n\n\n<p><em>Las presentaciones&nbsp;Contin\u00faan viernes 22, s\u00e1bado 23 y domingo 24 de marzo en la Sala Ravelo del Teatro Nacional y el Centro Cultural Banreservas de la Ciudad Colonial<\/em><\/p>\n\n\n\n<p><strong>Santo Domingo<\/strong>. &#8211; &nbsp;Por el rotundo \u00e9xito que ha tenido la Tercera Temporada de Teatro Banreservas tendr\u00e1 una funci\u00f3n extra la puesta en escena \u201cAcepto\u201d este jueves 21 de marzo a las 8:30 de la noche en la Sala Ravelo del Teatro Nacional.<\/p>\n\n\n\n<p>La obra \u201cAcepto\u201d es una producci\u00f3n de \u201cPepe Sierra Presenta\u201d y cuenta con la actuaci\u00f3n estelar de Pepe Sierra y Nashla Bogaert, la cual se presentar\u00e1 los d\u00edas 21,22 y 23 de marzo a las 8:30 de la noche y el domingo 24 a las 6:30 P.M&nbsp;<\/p>\n\n\n\n<p>Mientras que en el Centro Cultural Banreservas subir\u00e1 a escena \u201cLa ni\u00f1a y el safaconero\u201d con la producci\u00f3n de Teatro Pie-de-Puente; dramaturgia, Richarson D\u00edaz y Dalia Castro; direcci\u00f3n, Aileen Said, y actuaciones, Richarson Diaz y Laurent Rojas, viernes 22 a las 10:00 de la ma\u00f1ana, s\u00e1bado 23 y domingo 24 de marzo a las 5:30 de la tarde.<\/p>\n\n\n\n<p>Con esta Tercera Temporada de Teatro Banreservas se reafirma el compromiso de esta instituci\u00f3n con las artes esc\u00e9nicas, brindando una gran oportunidad tanto a veteranos actores como a j\u00f3venes prometedores, que tienen el firme compromiso de presentar una puesta en escena al m\u00e1s alto nivel.<\/p>\n\n\n\n<p>El creador,&nbsp;productor art\u00edstico y director&nbsp;de la Temporada de Teatro Banreservas, Guillermo Cordero, a trav\u00e9s de su empresa \u201cAplausos Presenta SRL\u201d, tuvo a su cargo la programaci\u00f3n y log\u00edstica del evento.<\/p>\n\n\n\n<p>Es importante resaltar que la primera Temporada de Teatro Banreservas estuvo dedicada a Iv\u00e1n Garc\u00eda, en la segunda entrega a Franklin Dom\u00ednguez, y en esta ocasi\u00f3n, se reconocieron los aportes del destacado actor Salvador P\u00e9rez Mart\u00ednez, creador de El Teatro Rodante Dominicano, una de las caracter\u00edsticas de esta compa\u00f1\u00eda, que pertenece a la Direcci\u00f3n General de Bellas Artes, es promover la dramaturgia nacional, contribuir con la formaci\u00f3n de nuevo p\u00fablico y a la creaci\u00f3n de grupos teatrales.<\/p>\n\n\n\n<p>Henry Coradin<\/p>\n\n\n\n<p><a target=\"_blank\" href=\"mailto:henrycoradinrelacionespublicas@gmail.com\" rel=\"noreferrer noopener\">henrycoradinrelacionespublicas@g<\/a><\/p>\n","protected":false},"excerpt":{"rendered":"<p>Har\u00e1n funci\u00f3n extra de la obra Acepto-protagonizada&nbsp;por&nbsp;Pepe Sierra y Nashla Bogaert este jueves 21 en&nbsp;la sala Ravelo del Teatro Nacional La ni\u00f1a y el safaconero Las presentaciones&nbsp;Contin\u00faan viernes 22, s\u00e1bado 23 y domingo 24 de marzo en la Sala Ravelo del Teatro Nacional y el Centro Cultural Banreservas de la Ciudad Colonial Santo Domingo. &#8211; [&hellip;]<\/p>\n","protected":false},"author":28,"featured_media":517244,"comment_status":"closed","ping_status":"","sticky":false,"template":"","format":"standard","meta":{"footnotes":""},"categories":[21,36,25],"tags":[],"class_list":["post-517243","post","type-post","status-publish","format-standard","has-post-thumbnail","hentry","category-cultura","category-hombresmujeresycosas","category-gente"],"_links":{"self":[{"href":"https:\/\/diariodominicano.com\/index.php?rest_route=\/wp\/v2\/posts\/517243","targetHints":{"allow":["GET"]}}],"collection":[{"href":"https:\/\/diariodominicano.com\/index.php?rest_route=\/wp\/v2\/posts"}],"about":[{"href":"https:\/\/diariodominicano.com\/index.php?rest_route=\/wp\/v2\/types\/post"}],"author":[{"embeddable":true,"href":"https:\/\/diariodominicano.com\/index.php?rest_route=\/wp\/v2\/users\/28"}],"replies":[{"embeddable":true,"href":"https:\/\/diariodominicano.com\/index.php?rest_route=%2Fwp%2Fv2%2Fcomments&post=517243"}],"version-history":[{"count":3,"href":"https:\/\/diariodominicano.com\/index.php?rest_route=\/wp\/v2\/posts\/517243\/revisions"}],"predecessor-version":[{"id":517249,"href":"https:\/\/diariodominicano.com\/index.php?rest_route=\/wp\/v2\/posts\/517243\/revisions\/517249"}],"wp:featuredmedia":[{"embeddable":true,"href":"https:\/\/diariodominicano.com\/index.php?rest_route=\/wp\/v2\/media\/517244"}],"wp:attachment":[{"href":"https:\/\/diariodominicano.com\/index.php?rest_route=%2Fwp%2Fv2%2Fmedia&parent=517243"}],"wp:term":[{"taxonomy":"category","embeddable":true,"href":"https:\/\/diariodominicano.com\/index.php?rest_route=%2Fwp%2Fv2%2Fcategories&post=517243"},{"taxonomy":"post_tag","embeddable":true,"href":"https:\/\/diariodominicano.com\/index.php?rest_route=%2Fwp%2Fv2%2Ftags&post=517243"}],"curies":[{"name":"wp","href":"https:\/\/api.w.org\/{rel}","templated":true}]}}