{"id":517133,"date":"2024-03-20T18:48:34","date_gmt":"2024-03-20T22:48:34","guid":{"rendered":"https:\/\/diariodominicano.com\/?p=517133"},"modified":"2024-03-20T20:05:55","modified_gmt":"2024-03-21T00:05:55","slug":"candidata-vicepresidencial-de-la-fp-conversa-con-comerciantes-de-cristo-rey-demas-sectores-de-circunscripcion-2-del-d-n","status":"publish","type":"post","link":"https:\/\/diariodominicano.com\/?p=517133","title":{"rendered":"Candidata vicepresidencial de la FP conversa con comerciantes de Cristo Rey y otros sectores de circunscripci\u00f3n 2 del DN"},"content":{"rendered":"\n<p>Santo Domingo- La candidata vicepresidencial del partido Fuerza del Pueblo Ingrid Mendoza de Pared, convers\u00f3 la tarde de hoy con comerciantes, y vendedores del populoso de Sector de Cristo Rey de esta ciudad, el recorrido consisti\u00f3 en escuchar ese segmento importante de la ciudadan\u00eda, sus necesidades y expectativas de cara al corto y mediano plazo. Tambi\u00e9n visit\u00f3 connotados dirigentes del partido que lidera Leonel Fern\u00e1ndez.<\/p>\n\n\n\n<p>Al llegar al lugar, Mendoza fue recibida con j\u00fabilo por cientos de comerciantes que no desaprovecharon la oportunidad para manifestarle su inconformidad con las actuales autoridades y la dif\u00edcil situaci\u00f3n por la que atraviesa el pa\u00eds.<\/p>\n\n\n\n<figure class=\"wp-block-gallery has-nested-images columns-default is-cropped wp-block-gallery-1 is-layout-flex wp-block-gallery-is-layout-flex\">\n<figure class=\"wp-block-image size-large\"><img loading=\"lazy\" decoding=\"async\" width=\"1024\" height=\"768\" data-id=\"517142\" src=\"https:\/\/diariodominicano.com\/wp-content\/uploads\/2024\/03\/Candidata-vicepresidencial-de-la-FP-conversa-con-comerciantes-de-Cristo-Rey-demas-sectores-de-circunscripcion-2-del-D.N-1024x768.jpeg\" alt=\"\" class=\"wp-image-517142\" srcset=\"https:\/\/diariodominicano.com\/wp-content\/uploads\/2024\/03\/Candidata-vicepresidencial-de-la-FP-conversa-con-comerciantes-de-Cristo-Rey-demas-sectores-de-circunscripcion-2-del-D.N-1024x768.jpeg 1024w, https:\/\/diariodominicano.com\/wp-content\/uploads\/2024\/03\/Candidata-vicepresidencial-de-la-FP-conversa-con-comerciantes-de-Cristo-Rey-demas-sectores-de-circunscripcion-2-del-D.N-300x225.jpeg 300w, https:\/\/diariodominicano.com\/wp-content\/uploads\/2024\/03\/Candidata-vicepresidencial-de-la-FP-conversa-con-comerciantes-de-Cristo-Rey-demas-sectores-de-circunscripcion-2-del-D.N-768x576.jpeg 768w, https:\/\/diariodominicano.com\/wp-content\/uploads\/2024\/03\/Candidata-vicepresidencial-de-la-FP-conversa-con-comerciantes-de-Cristo-Rey-demas-sectores-de-circunscripcion-2-del-D.N-1536x1152.jpeg 1536w, https:\/\/diariodominicano.com\/wp-content\/uploads\/2024\/03\/Candidata-vicepresidencial-de-la-FP-conversa-con-comerciantes-de-Cristo-Rey-demas-sectores-de-circunscripcion-2-del-D.N-816x612.jpeg 816w, https:\/\/diariodominicano.com\/wp-content\/uploads\/2024\/03\/Candidata-vicepresidencial-de-la-FP-conversa-con-comerciantes-de-Cristo-Rey-demas-sectores-de-circunscripcion-2-del-D.N.jpeg 1600w\" sizes=\"auto, (max-width: 1024px) 100vw, 1024px\" \/><\/figure>\n\n\n\n<figure class=\"wp-block-image size-large\"><img loading=\"lazy\" decoding=\"async\" width=\"768\" height=\"1024\" data-id=\"517141\" src=\"https:\/\/diariodominicano.com\/wp-content\/uploads\/2024\/03\/Candidata-vicepresidencial-FP-conversa-con-comerciantes-de-Cristo-Rey-768x1024.jpeg\" alt=\"\" class=\"wp-image-517141\" srcset=\"https:\/\/diariodominicano.com\/wp-content\/uploads\/2024\/03\/Candidata-vicepresidencial-FP-conversa-con-comerciantes-de-Cristo-Rey-768x1024.jpeg 768w, https:\/\/diariodominicano.com\/wp-content\/uploads\/2024\/03\/Candidata-vicepresidencial-FP-conversa-con-comerciantes-de-Cristo-Rey-225x300.jpeg 225w, https:\/\/diariodominicano.com\/wp-content\/uploads\/2024\/03\/Candidata-vicepresidencial-FP-conversa-con-comerciantes-de-Cristo-Rey-1152x1536.jpeg 1152w, https:\/\/diariodominicano.com\/wp-content\/uploads\/2024\/03\/Candidata-vicepresidencial-FP-conversa-con-comerciantes-de-Cristo-Rey-816x1088.jpeg 816w, https:\/\/diariodominicano.com\/wp-content\/uploads\/2024\/03\/Candidata-vicepresidencial-FP-conversa-con-comerciantes-de-Cristo-Rey.jpeg 1200w\" sizes=\"auto, (max-width: 768px) 100vw, 768px\" \/><\/figure>\n\n\n\n<figure class=\"wp-block-image size-large\"><img loading=\"lazy\" decoding=\"async\" width=\"768\" height=\"1024\" data-id=\"517140\" src=\"https:\/\/diariodominicano.com\/wp-content\/uploads\/2024\/03\/Candidata-vicepresidencial-de-FP-conversa-con-comerciantes-de-Cristo-Rey-768x1024.jpeg\" alt=\"\" class=\"wp-image-517140\" srcset=\"https:\/\/diariodominicano.com\/wp-content\/uploads\/2024\/03\/Candidata-vicepresidencial-de-FP-conversa-con-comerciantes-de-Cristo-Rey-768x1024.jpeg 768w, https:\/\/diariodominicano.com\/wp-content\/uploads\/2024\/03\/Candidata-vicepresidencial-de-FP-conversa-con-comerciantes-de-Cristo-Rey-225x300.jpeg 225w, https:\/\/diariodominicano.com\/wp-content\/uploads\/2024\/03\/Candidata-vicepresidencial-de-FP-conversa-con-comerciantes-de-Cristo-Rey-1152x1536.jpeg 1152w, https:\/\/diariodominicano.com\/wp-content\/uploads\/2024\/03\/Candidata-vicepresidencial-de-FP-conversa-con-comerciantes-de-Cristo-Rey-816x1088.jpeg 816w, https:\/\/diariodominicano.com\/wp-content\/uploads\/2024\/03\/Candidata-vicepresidencial-de-FP-conversa-con-comerciantes-de-Cristo-Rey.jpeg 1200w\" sizes=\"auto, (max-width: 768px) 100vw, 768px\" \/><\/figure>\n\n\n\n<figure class=\"wp-block-image size-large\"><img loading=\"lazy\" decoding=\"async\" width=\"1024\" height=\"768\" data-id=\"517139\" src=\"https:\/\/diariodominicano.com\/wp-content\/uploads\/2024\/03\/Candidata-vicepresidencial-de-la-FP-conversa-con-comerciantes-de-Cristo-Rey-1024x768.jpeg\" alt=\"\" class=\"wp-image-517139\" srcset=\"https:\/\/diariodominicano.com\/wp-content\/uploads\/2024\/03\/Candidata-vicepresidencial-de-la-FP-conversa-con-comerciantes-de-Cristo-Rey-1024x768.jpeg 1024w, https:\/\/diariodominicano.com\/wp-content\/uploads\/2024\/03\/Candidata-vicepresidencial-de-la-FP-conversa-con-comerciantes-de-Cristo-Rey-300x225.jpeg 300w, https:\/\/diariodominicano.com\/wp-content\/uploads\/2024\/03\/Candidata-vicepresidencial-de-la-FP-conversa-con-comerciantes-de-Cristo-Rey-768x576.jpeg 768w, https:\/\/diariodominicano.com\/wp-content\/uploads\/2024\/03\/Candidata-vicepresidencial-de-la-FP-conversa-con-comerciantes-de-Cristo-Rey-816x612.jpeg 816w, https:\/\/diariodominicano.com\/wp-content\/uploads\/2024\/03\/Candidata-vicepresidencial-de-la-FP-conversa-con-comerciantes-de-Cristo-Rey.jpeg 1280w\" sizes=\"auto, (max-width: 1024px) 100vw, 1024px\" \/><\/figure>\n<\/figure>\n\n\n\n<p>\u201c Mire do\u00f1a Ingrid, la situaci\u00f3n que estamos viviendo aqu\u00ed es deplorable, los precios de los productos se han elevado a niveles inimaginables y encima de eso no aparecen, nosotros estamos al borde de la quiebra, no hemos dejado todo botado por nuestras familias, mucho de nosotros lleva d\u00e9cadas aqu\u00ed y le podemos asegurar que lo que estamos viviendo es algo nunca visto\u201d, refiri\u00f3 uno de los comerciantes.<\/p>\n\n\n\n<p>En una de las intervenciones de los empresarios , la vicepresidenta de la FP se not\u00f3 consternada por las grandes vicisitudes que atraviesan los empresarios de Cristo Rey y dem\u00e1s sectores de la circunscripci\u00f3n 2, del D.N.<\/p>\n\n\n\n<p>\u201c Realmente no les puedo ocultar que estoy afligida por las situaciones expuesta por ustedes, y penoso de todo eso es que las actuales autoridades y el gobierno del PRM, pretende vender la idea de que este pa\u00eds es un para\u00edso , cuando la realidad es que la gente la est\u00e1 pasando muy mal y los comerciantes, como es el caso de ustedes tocaron fondo, andan desesperados \u201d, sostuvo Mendoza de Pared.<\/p>\n\n\n\n<p>En esa misma l\u00ednea de pensamiento indic\u00f3, que indudablemente los d\u00edas del PRM y del gobierno est\u00e1n contados.<\/p>\n\n\n\n<p>\u201c En este momento y por instrucciones del presidente de la Fuerza del Pueblo y pr\u00f3ximo presidente de la Rep\u00fablica, doctor Leonel Fern\u00e1ndez, estamos asumiendo un compromiso con ustedes, a partir del 16 de agosto de 2024, le tendremos respuestas a ustedes y a sus familiares sobre su dif\u00edcil situaci\u00f3n y las acciones a tomar \u201d, precis\u00f3.<\/p>\n\n\n\n<p>La candidata vicepresidencial estuvo acompa\u00f1ada por el miembro de la Direcci\u00f3n Pol\u00edtica de la FP, y secretario nacional de Propaganda C\u00e9sar Fern\u00e1ndez, el presidente de la circunscripci\u00f3n 2, Nelson G\u00f3mez, as\u00ed como dem\u00e1s dirigentes y simpatizantes. Cabe precisar que Fern\u00e1ndez funge como director de campa\u00f1a de Mendoza.<\/p>\n","protected":false},"excerpt":{"rendered":"<p>Santo Domingo- La candidata vicepresidencial del partido Fuerza del Pueblo Ingrid Mendoza de Pared, convers\u00f3 la tarde de hoy con comerciantes, y vendedores del populoso de Sector de Cristo Rey de esta ciudad, el recorrido consisti\u00f3 en escuchar ese segmento importante de la ciudadan\u00eda, sus necesidades y expectativas de cara al corto y mediano plazo. [&hellip;]<\/p>\n","protected":false},"author":7,"featured_media":517142,"comment_status":"closed","ping_status":"","sticky":true,"template":"","format":"standard","meta":{"footnotes":""},"categories":[22,27],"tags":[],"class_list":["post-517133","post","type-post","status-publish","format-standard","has-post-thumbnail","hentry","category-politica","category-portada"],"_links":{"self":[{"href":"https:\/\/diariodominicano.com\/index.php?rest_route=\/wp\/v2\/posts\/517133","targetHints":{"allow":["GET"]}}],"collection":[{"href":"https:\/\/diariodominicano.com\/index.php?rest_route=\/wp\/v2\/posts"}],"about":[{"href":"https:\/\/diariodominicano.com\/index.php?rest_route=\/wp\/v2\/types\/post"}],"author":[{"embeddable":true,"href":"https:\/\/diariodominicano.com\/index.php?rest_route=\/wp\/v2\/users\/7"}],"replies":[{"embeddable":true,"href":"https:\/\/diariodominicano.com\/index.php?rest_route=%2Fwp%2Fv2%2Fcomments&post=517133"}],"version-history":[{"count":3,"href":"https:\/\/diariodominicano.com\/index.php?rest_route=\/wp\/v2\/posts\/517133\/revisions"}],"predecessor-version":[{"id":517192,"href":"https:\/\/diariodominicano.com\/index.php?rest_route=\/wp\/v2\/posts\/517133\/revisions\/517192"}],"wp:featuredmedia":[{"embeddable":true,"href":"https:\/\/diariodominicano.com\/index.php?rest_route=\/wp\/v2\/media\/517142"}],"wp:attachment":[{"href":"https:\/\/diariodominicano.com\/index.php?rest_route=%2Fwp%2Fv2%2Fmedia&parent=517133"}],"wp:term":[{"taxonomy":"category","embeddable":true,"href":"https:\/\/diariodominicano.com\/index.php?rest_route=%2Fwp%2Fv2%2Fcategories&post=517133"},{"taxonomy":"post_tag","embeddable":true,"href":"https:\/\/diariodominicano.com\/index.php?rest_route=%2Fwp%2Fv2%2Ftags&post=517133"}],"curies":[{"name":"wp","href":"https:\/\/api.w.org\/{rel}","templated":true}]}}