{"id":517075,"date":"2024-03-20T14:58:21","date_gmt":"2024-03-20T18:58:21","guid":{"rendered":"https:\/\/diariodominicano.com\/?p=517075"},"modified":"2024-03-20T14:58:21","modified_gmt":"2024-03-20T18:58:21","slug":"diagnosis-amplia-area-de-laboratorio-apostando-por-la-innovacion-y-la-comodidad-de-sus-pacientes","status":"publish","type":"post","link":"https:\/\/diariodominicano.com\/?p=517075","title":{"rendered":"Diagnosis ampl\u00eda \u00e1rea de laboratorio, apostando por la innovaci\u00f3n y la comodidad de sus pacientes"},"content":{"rendered":"\n<p><strong>Santiago de los Caballeros, 19 de marzo 2024<\/strong>.-.&nbsp;Diagnosis anunci\u00f3 la ampliaci\u00f3n del \u00e1rea de su laboratorio con cuatro cub\u00edculos individuales, propiciando privacidad en un ambiente acogedor y manifestando su visi\u00f3n de innovaci\u00f3n constante en la calidad de sus servicios e instalaciones.<\/p>\n\n\n\n<p>El nuevo y moderno laboratorio cuenta adem\u00e1s con un \u00e1rea ambientada para tomar muestras a ni\u00f1os y ni\u00f1as, ofreciendo una experiencia m\u00e9dica adaptada a las necesidades emocionales propias de su edad.<\/p>\n\n\n\n<p>El doctor Mauricio Morel, director m\u00e9dico de Diagnosis, asegur\u00f3 que, con la ampliaci\u00f3n del laboratorio, combinan el uso de equipos y materiales de alta calidad con el competente y emp\u00e1tico personal que permite al paciente disfrutar de una experiencia integral de calidad.<\/p>\n\n\n\n<figure class=\"wp-block-image size-large\"><img loading=\"lazy\" decoding=\"async\" width=\"577\" height=\"1024\" src=\"https:\/\/diariodominicano.com\/wp-content\/uploads\/2024\/03\/La-toma-de-muestras-individuales-permiten-mayor-comodidad-577x1024.jpg\" alt=\"\" class=\"wp-image-517107\" srcset=\"https:\/\/diariodominicano.com\/wp-content\/uploads\/2024\/03\/La-toma-de-muestras-individuales-permiten-mayor-comodidad-577x1024.jpg 577w, https:\/\/diariodominicano.com\/wp-content\/uploads\/2024\/03\/La-toma-de-muestras-individuales-permiten-mayor-comodidad-169x300.jpg 169w, https:\/\/diariodominicano.com\/wp-content\/uploads\/2024\/03\/La-toma-de-muestras-individuales-permiten-mayor-comodidad-768x1364.jpg 768w, https:\/\/diariodominicano.com\/wp-content\/uploads\/2024\/03\/La-toma-de-muestras-individuales-permiten-mayor-comodidad-865x1536.jpg 865w, https:\/\/diariodominicano.com\/wp-content\/uploads\/2024\/03\/La-toma-de-muestras-individuales-permiten-mayor-comodidad-1153x2048.jpg 1153w, https:\/\/diariodominicano.com\/wp-content\/uploads\/2024\/03\/La-toma-de-muestras-individuales-permiten-mayor-comodidad-816x1449.jpg 816w, https:\/\/diariodominicano.com\/wp-content\/uploads\/2024\/03\/La-toma-de-muestras-individuales-permiten-mayor-comodidad-scaled.jpg 1441w\" sizes=\"auto, (max-width: 577px) 100vw, 577px\" \/><\/figure>\n\n\n\n<p>Morel agreg\u00f3 que el centro de im\u00e1genes m\u00e9dicas y laboratorio cl\u00ednico opera bajo la rigurosidad de los controles de calidad seg\u00fan el ISO-9001:2015 y este est\u00e1ndar hace de Diagnosis un centro l\u00edder, el cual mantiene su posicionamiento desde hace casi cuatro d\u00e9cadas.<\/p>\n\n\n\n<p>Adem\u00e1s del acierto en los estudios y la innovaci\u00f3n que implementan constantemente, los pacientes no precisan trasladarse a las instalaciones del centro para retirar los resultados de sus ex\u00e1menes m\u00e9dicos, sino que pueden acceder en l\u00ednea a trav\u00e9s de su p\u00e1gina web, si as\u00ed lo prefieren.<\/p>\n\n\n\n<p>De igual manera, Diagnosis se suma a las facilidades tecnol\u00f3gicas de los tel\u00e9fonos inteligentes y pone a disposici\u00f3n de los pacientes un n\u00famero telef\u00f3nico con acceso a WhatsApp, donde los usuarios pueden escribir para recibir informaci\u00f3n sobre sus anal\u00edticas y estudios de im\u00e1genes, as\u00ed como enterarse de los requisitos, cobertura de seguro m\u00e9dico, costos, reautorizaci\u00f3n de estudios, entre otros.<\/p>\n\n\n\n<p><strong>Sobre Diagnosis<\/strong><\/p>\n\n\n\n<p>Es pionera y l\u00edder en el diagn\u00f3stico por im\u00e1genes M\u00e9dicas y Laboratorio Cl\u00ednico de la regi\u00f3n Norte durante&nbsp;36&nbsp;a\u00f1os. Es una instituci\u00f3n de servicios m\u00e9dicos fundada en el a\u00f1o 1987, como un centro para pacientes ambulatorios.&nbsp;Desde sus inicios, la innovaci\u00f3n ha sido un elemento distintivo.&nbsp;Sirve como fuente de diagn\u00f3stico primario y de segunda opini\u00f3n experta para Santiago de los Caballeros y ciudades vecinas del Cibao. Certificaci\u00f3n de Calidad ISO 9001-2015 para estudios garantizados.<\/p>\n\n\n\n<p>benoit181182@gmail.com <\/p>\n","protected":false},"excerpt":{"rendered":"<p>Santiago de los Caballeros, 19 de marzo 2024.-.&nbsp;Diagnosis anunci\u00f3 la ampliaci\u00f3n del \u00e1rea de su laboratorio con cuatro cub\u00edculos individuales, propiciando privacidad en un ambiente acogedor y manifestando su visi\u00f3n de innovaci\u00f3n constante en la calidad de sus servicios e instalaciones. El nuevo y moderno laboratorio cuenta adem\u00e1s con un \u00e1rea ambientada para tomar muestras [&hellip;]<\/p>\n","protected":false},"author":7,"featured_media":517106,"comment_status":"closed","ping_status":"","sticky":true,"template":"","format":"standard","meta":{"footnotes":""},"categories":[20,27],"tags":[],"class_list":["post-517075","post","type-post","status-publish","format-standard","has-post-thumbnail","hentry","category-dominicana-hoy","category-portada"],"_links":{"self":[{"href":"https:\/\/diariodominicano.com\/index.php?rest_route=\/wp\/v2\/posts\/517075","targetHints":{"allow":["GET"]}}],"collection":[{"href":"https:\/\/diariodominicano.com\/index.php?rest_route=\/wp\/v2\/posts"}],"about":[{"href":"https:\/\/diariodominicano.com\/index.php?rest_route=\/wp\/v2\/types\/post"}],"author":[{"embeddable":true,"href":"https:\/\/diariodominicano.com\/index.php?rest_route=\/wp\/v2\/users\/7"}],"replies":[{"embeddable":true,"href":"https:\/\/diariodominicano.com\/index.php?rest_route=%2Fwp%2Fv2%2Fcomments&post=517075"}],"version-history":[{"count":1,"href":"https:\/\/diariodominicano.com\/index.php?rest_route=\/wp\/v2\/posts\/517075\/revisions"}],"predecessor-version":[{"id":517108,"href":"https:\/\/diariodominicano.com\/index.php?rest_route=\/wp\/v2\/posts\/517075\/revisions\/517108"}],"wp:featuredmedia":[{"embeddable":true,"href":"https:\/\/diariodominicano.com\/index.php?rest_route=\/wp\/v2\/media\/517106"}],"wp:attachment":[{"href":"https:\/\/diariodominicano.com\/index.php?rest_route=%2Fwp%2Fv2%2Fmedia&parent=517075"}],"wp:term":[{"taxonomy":"category","embeddable":true,"href":"https:\/\/diariodominicano.com\/index.php?rest_route=%2Fwp%2Fv2%2Fcategories&post=517075"},{"taxonomy":"post_tag","embeddable":true,"href":"https:\/\/diariodominicano.com\/index.php?rest_route=%2Fwp%2Fv2%2Ftags&post=517075"}],"curies":[{"name":"wp","href":"https:\/\/api.w.org\/{rel}","templated":true}]}}