{"id":51707,"date":"2020-07-15T22:44:43","date_gmt":"2020-07-15T22:44:43","guid":{"rendered":"http:\/\/diariodominicano.ddns.net\/?p=51707"},"modified":"2020-07-15T22:44:43","modified_gmt":"2020-07-15T22:44:43","slug":"infotep-da-salto-cualitativo-con-adquisicion-de-plataforma-integrada-a-la-gestion-de-la-formacion-tecnico-profesional-ftp","status":"publish","type":"post","link":"https:\/\/diariodominicano.com\/?p=51707","title":{"rendered":"INFOTEP da salto cualitativo con adquisici\u00f3n de plataforma integrada a la gesti\u00f3n de la Formaci\u00f3n T\u00e9cnico Profesional (FTP)"},"content":{"rendered":"<p><body><\/p>\n<p><img decoding=\"async\" src=\"img3\/Infotep15-7-20.JPG\" \/>  <\/p>\n<p><span class=\"text1noticias\">diariodominicano.com<\/span><\/p>\n<\/p>\n<p><span class=\"text1noticias\">Santo Domingo, R. D., 15 de julio, 2020.- El Instituto Nacional de Formaci\u00f3n T\u00e9cnico Profesional (INFOTEP) licit\u00f3 una plataforma integrada de gesti\u00f3n de la formaci\u00f3n t\u00e9cnica profesional, lo que representa un salto cualitativo hacia la entidad innovadora, tecnol\u00f3gica y de respuestas oportunas, para la que trabaja la presente gesti\u00f3n desde sus inicios, hace casi seis a\u00f1os.<\/span><\/p>\n<p><span class=\"text1noticias\"> <\/span><\/p>\n<p><span class=\"text1noticias\">La plataforma integrada de Gesti\u00f3n de la Formaci\u00f3n T\u00e9cnico Profesional se inscribe en el prop\u00f3sito de aglutinar todos los componentes tecnol\u00f3gicos a ser desarrollados por la instituci\u00f3n en diferentes proyectos con apoyo presupuestarios del Programa de Apoyo a la Educaci\u00f3n y Formaci\u00f3n T\u00e9cnico Profesional en la Rep\u00fablica Dominicana (PRO ETP II), que impulsa el Gobierno Central, con la colaboraci\u00f3n de la Uni\u00f3n Europea.<\/span><\/p>\n<p><span class=\"text1noticias\"> <\/span><\/p>\n<p><span class=\"text1noticias\">Para este proyecto, el INFOTEP recibi\u00f3 una donaci\u00f3n de 90 millones de pesos, erogados a trav\u00e9s del Ministerio de la Presidencia, con un margen de 20 millones para eventualidades, lo que completa un total de 110 millones de pesos.<\/span><\/p>\n<p><span class=\"text1noticias\"> <\/span><\/p>\n<p><span class=\"text1noticias\">El director general del \u00f3rgano rector de la formaci\u00f3n t\u00e9cnico profesional, Rafael Ovalles, explic\u00f3 que la licitaci\u00f3n fue convocada en mayo pasado y desde entonces unas diecinueve empresas mostraron inter\u00e9s, aunque s\u00f3lo dos depositaron sus ofertas este mi\u00e9rcoles 15 de julio, a las doce del mediod\u00eda, cuando venc\u00eda el plazo.<\/span><\/p>\n<p><span class=\"text1noticias\"> <\/span><\/p>\n<p><span class=\"text1noticias\">\u00abEsta plataforma permitir\u00e1 la gesti\u00f3n integral de todas las soluciones institucionales para la prestaci\u00f3n de los servicios de formaci\u00f3n t\u00e9cnico profesional y apoyo a la productividad empresarial, acorde a los requerimientos del Marco Nacional de Cualificaciones y las mejores pr\u00e1cticas integrales de procesos sistematizados\u00bb, precis\u00f3.<\/span><\/p>\n<p><span class=\"text1noticias\"> <\/span><\/p>\n<p><span class=\"text1noticias\">Manifest\u00f3 que, desde el inicio de su gesti\u00f3n, el INFOTEP est\u00e1 comprometido con la consolidaci\u00f3n de una entidad tripartita moderna, con procesos de innovaci\u00f3n tecnol\u00f3gicos y de respuestas precisas y oportunas al sector productivo nacional, as\u00ed como a todos los usuarios y relacionados con la instituci\u00f3n\u00bb.<\/span><\/p>\n<p><span class=\"text1noticias\"> <\/span><\/p>\n<p><span class=\"text1noticias\">En ese sentido, el Comit\u00e9 de Compras y Contrataciones del \u00f3rgano rector de la formaci\u00f3n t\u00e9cnico profesional dio apertura este mi\u00e9rcoles al Sobre A, con las propuestas t\u00e9cnicas de los dos oferentes, representados por Chaidy Espinal y Bartolom\u00e9 Romero, respectivamente.<\/span><\/p>\n<p><span class=\"text1noticias\"> <\/span><\/p>\n<p><span class=\"text1noticias\">El Sobre B, con las propuestas financieras ser\u00e1 abierto el pr\u00f3ximo martes, 28 de julio, en presencia de los participantes, tal como lo establecen los procedimientos de Compras y Contrataciones P\u00fablicas.<\/span><\/p>\n<p><span class=\"text1noticias\"> <\/span><\/p>\n<p><span class=\"text1noticias\">Con esta plataforma, la entidad tripartita, rectora de la formaci\u00f3n t\u00e9cnico profesional en el pa\u00eds trabaja en la creaci\u00f3n de un nuevo INFOTEP, para lo cual prioriza los aspectos de mejora en los \u00e1mbitos docentes, de infraestructura, as\u00ed como de gesti\u00f3n administrativa y de capacitaci\u00f3n del capital humano.<\/span><\/p>\n<p><span class=\"text1noticias\"> <\/span><\/p>\n<p><span class=\"text1noticias\">Alcances del proyecto<\/span><\/p>\n<p><span class=\"text1noticias\"> <\/span><\/p>\n<p><span class=\"text1noticias\">Consiste en el dise\u00f1o, desarrollo e implementaci\u00f3n de una plataforma inform\u00e1tica integral de gesti\u00f3n acad\u00e9mica, gesti\u00f3n de aprendizaje y gesti\u00f3n del desempe\u00f1o institucional; adem\u00e1s de un repositorio de informaci\u00f3n que alimenta todo el ecosistema, lo cual permite contar con informaci\u00f3n pertinente y permanente para la toma de decisiones oportunas.<\/span><\/p>\n<p><span class=\"text1noticias\"> <\/span><\/p>\n<p><span class=\"text1noticias\">Los usuarios de la plataforma tendr\u00e1n acceso a los servicios v\u00eda el portal web de la instituci\u00f3n, realizando consultas, solicitudes y notificaciones desde cualquier dispositivo.<\/span><\/p>\n<p><span class=\"text1noticias\"> <\/span><\/p>\n<p><span class=\"text1noticias\"> Los facilitadores y participantes recibir\u00e1n el servicio al acceder a la intranet institucional y a la plataforma acad\u00e9mica y de aprendizaje, seg\u00fan la necesidad que requieran, generando informaci\u00f3n valiosa para la gesti\u00f3n integral del servicio de FTP que se est\u00e1 prestando.<\/span><\/p>\n<p><span class=\"text1noticias\"> <\/span><\/p>\n<p><span class=\"text1noticias\">El director general del INFOTEP manifest\u00f3 que la situaci\u00f3n creada por la pandemia COVID-19 ha acelerado los procesos de transformaci\u00f3n, modernizaci\u00f3n e innovaci\u00f3n que desarrolla la instituci\u00f3n, para dar respuestas efectivas a los sectores empresarial y productivo del pa\u00eds; as\u00ed como a las necesidades de formaci\u00f3n y capacitaci\u00f3n de la poblaci\u00f3n en general.<\/span><\/p>\n<p><span class=\"text1noticias\"> <\/span><\/p>\n<p><span class=\"text1noticias\">La licitaci\u00f3n p\u00fablica nacional fue convocada con apego a las disposiciones de la Ley 340-06 sobre Compras y Contrataciones P\u00fablicas de bienes, Servicios, Obras y Concesiones.<\/span><\/p>\n<p><span class=\"text1noticias\"> <\/span><\/p>\n<p><span class=\"text1noticias\">Los interesados retiraron el pliego de condiciones espec\u00edficas, en la sede de la entidad, en la calle Paseo de los Aviadores n\u00famero 3, en el Edificio Corporativo Institucional (ECI), en horario de 8:00 de la ma\u00f1ana a 4:00 de la tarde, y tambi\u00e9n pudieron descargarlo de las p\u00e1ginas www.infotep.gob.do o de la de Compras y Contrataciones (www.comprasdominicanas.gob.do).<\/span><\/p>\n<p><span class=\"text1noticias\"> <\/span><\/p>\n<p><span class=\"text1noticias\">De acuerdo a los procedimientos, la recepci\u00f3n de los sobres con las propuestas t\u00e9cnicas y econ\u00f3micas se produjo en el Lobby del edificio Corporativo Institucional, en horarios de 8:00 de la ma\u00f1ana a 12:00 del mediod\u00eda.<\/span><\/p>\n<p><span class=\"text1noticias\"> <\/span><\/p>\n<p><span class=\"text1noticias\">La apertura del sobre A ocurri\u00f3 el mismo d\u00eda, a las dos y 15 minutos de la tarde, en presencia de los participantes, miembros de la Junta de Directores del INFOTEP y un notario p\u00fablico. <\/span><\/p>\n<p><span class=\"text1noticias\"> <\/span><\/p>\n<p><span class=\"text1noticias\"> Fuente: Prensa INFOTEP<\/span><\/p>\n<p><span class=\"text1noticias\">Desiree Mart\u00ednez<\/span><\/p>\n<p><span class=\"text1noticias\">Gerente <\/span>de Comunicaciones y Mercadeo<\/p>\n<h6> 2020-07-15 22:44:43 <\/h6>\n<p><!--\n<link rel=\"stylesheet\" href=\"css\/bootstrap.min.css\">\n\n\n<ul class=\"pagination\">\n\t    \n\t\n\n<li >\n\t<a href='?page_no=411'>Previous<\/a>\n\t<\/li>\n\n\n       \n    \n\n<li><a href='?page_no=1'>1<\/a><\/li>\n\n\n\n<li><a href='?page_no=2'>2<\/a><\/li>\n\n\n\n<li><a>...<\/a><\/li>\n\n\n\n<li><a href='?page_no=410'>410<\/a><\/li>\n\n\n\n<li><a href='?page_no=411'>411<\/a><\/li>\n\n\n\n<li class='active'><a>412<\/a><\/li>\n\n\n\n<li><a href='?page_no=413'>413<\/a><\/li>\n\n\n\n<li><a href='?page_no=414'>414<\/a><\/li>\n\n\n\n<li><a>...<\/a><\/li>\n\n\n\n<li><a href='?page_no=22911'>22911<\/a><\/li>\n\n\n\n<li><a href='?page_no=22912'>22912<\/a><\/li>\n\n    \n\t\n\n<li >\n\t<a href='?page_no=413'>Next<\/a>\n\t<\/li>\n\n\n    \n\n<li><a href='?page_no=22912'>Last &rsaquo;&rsaquo;<\/a><\/li>\n\n<\/ul>\n\n\n--><br \/>\n<\/body><\/p>\n","protected":false},"excerpt":{"rendered":"<p>diariodominicano.com Santo Domingo, R. D., 15 de julio, 2020.- El Instituto Nacional de Formaci\u00f3n T\u00e9cnico Profesional (INFOTEP) licit\u00f3 una plataforma integrada de gesti\u00f3n de la formaci\u00f3n t\u00e9cnica profesional, lo que representa un salto cualitativo hacia la entidad innovadora, tecnol\u00f3gica y de respuestas oportunas, para la que trabaja la presente gesti\u00f3n desde sus inicios, hace casi [&hellip;]<\/p>\n","protected":false},"author":3,"featured_media":0,"comment_status":"open","ping_status":"open","sticky":false,"template":"","format":"standard","meta":{"footnotes":""},"categories":[21],"tags":[],"class_list":["post-51707","post","type-post","status-publish","format-standard","hentry","category-cultura"],"_links":{"self":[{"href":"https:\/\/diariodominicano.com\/index.php?rest_route=\/wp\/v2\/posts\/51707","targetHints":{"allow":["GET"]}}],"collection":[{"href":"https:\/\/diariodominicano.com\/index.php?rest_route=\/wp\/v2\/posts"}],"about":[{"href":"https:\/\/diariodominicano.com\/index.php?rest_route=\/wp\/v2\/types\/post"}],"author":[{"embeddable":true,"href":"https:\/\/diariodominicano.com\/index.php?rest_route=\/wp\/v2\/users\/3"}],"replies":[{"embeddable":true,"href":"https:\/\/diariodominicano.com\/index.php?rest_route=%2Fwp%2Fv2%2Fcomments&post=51707"}],"version-history":[{"count":0,"href":"https:\/\/diariodominicano.com\/index.php?rest_route=\/wp\/v2\/posts\/51707\/revisions"}],"wp:attachment":[{"href":"https:\/\/diariodominicano.com\/index.php?rest_route=%2Fwp%2Fv2%2Fmedia&parent=51707"}],"wp:term":[{"taxonomy":"category","embeddable":true,"href":"https:\/\/diariodominicano.com\/index.php?rest_route=%2Fwp%2Fv2%2Fcategories&post=51707"},{"taxonomy":"post_tag","embeddable":true,"href":"https:\/\/diariodominicano.com\/index.php?rest_route=%2Fwp%2Fv2%2Ftags&post=51707"}],"curies":[{"name":"wp","href":"https:\/\/api.w.org\/{rel}","templated":true}]}}