{"id":517053,"date":"2024-03-20T12:37:33","date_gmt":"2024-03-20T16:37:33","guid":{"rendered":"https:\/\/diariodominicano.com\/?p=517053"},"modified":"2024-03-20T12:37:33","modified_gmt":"2024-03-20T16:37:33","slug":"ministerio-de-la-mujer-reconoce-a-dos-fiscalizadoras-de-las-matas-de-farfan","status":"publish","type":"post","link":"https:\/\/diariodominicano.com\/?p=517053","title":{"rendered":"Ministerio de la Mujer reconoce a dos fiscalizadoras de Las Matas de Farf\u00e1n"},"content":{"rendered":"\n<p>diariodominicano.com<\/p>\n\n\n\n<p><strong>Las Matas de Farf\u00e1n, R. D.,<\/strong>\u200220 de marzo, 2024<strong>.-<\/strong>\u00a0En un emotivo acto con motivo a la conmemoraci\u00f3n del D\u00eda Internacional de la Mujer, la direcci\u00f3n del Ministerio de la Mujer en este municipio, a cargo de Melva Roa Abreu, hizo entrega de dos reconocimientos a las fiscalizadoras Kisenia Castillo y Amelia Suberv\u00ed, de la Fiscal\u00eda de Las Matas de Farf\u00e1n.\u00a0<\/p>\n\n\n\n<p>Las representantes del Ministerio P\u00fablico recibieron el galard\u00f3n en el rengl\u00f3n de Mujeres Profesionales, la actividad fue realizada en las instalaciones de la alcald\u00eda municipal de las Matas de Farf\u00e1n, donde fueron reconocidas varias damas en diferentes renglones, en presencia de autoridades civiles, militares e invitados especiales.<\/p>\n\n\n\n<p>La procuradora fiscal titular Marggie Viloria Caraballo, quien tuvo a su cargo las palabras de motivaci\u00f3n durante el acto, aprovech\u00f3 la ocasi\u00f3n para resaltar el gran trabajo que vienen realizando Kisenia Castillo y Amelia Suberv\u00ed y con ellas todas las damas que colaboran del Ministerio P\u00fablico en este distrito judicial.&nbsp;<\/p>\n\n\n\n<p>Por su parte, Roa Abreu agradeci\u00f3 el apoyo brindado a la instituci\u00f3n y motiv\u00f3 a seguir trabajando a favor de la protecci\u00f3n y proyecci\u00f3n de la mujer desde los diferentes escenarios.<\/p>\n\n\n\n<p><strong>Direcci\u00f3n General de Comunicaci\u00f3n, Prensa, y RRPP<\/strong><strong><\/strong><\/p>\n\n\n\n<p>Ministerio P\u00fablico.&nbsp;R.D.<\/p>\n\n\n\n<p>Mi\u00e9rcoles, 20 de marzo de 2024<\/p>\n\n\n\n<p>Comunicaciones Prensa PGR<\/p>\n\n\n\n<p><a target=\"_blank\" href=\"mailto:comunicaciones@pgr.gob.do\" rel=\"noreferrer noopener\">comunicaciones@pgr.gob.do<\/a><\/p>\n","protected":false},"excerpt":{"rendered":"<p>diariodominicano.com Las Matas de Farf\u00e1n, R. D.,\u200220 de marzo, 2024.-\u00a0En un emotivo acto con motivo a la conmemoraci\u00f3n del D\u00eda Internacional de la Mujer, la direcci\u00f3n del Ministerio de la Mujer en este municipio, a cargo de Melva Roa Abreu, hizo entrega de dos reconocimientos a las fiscalizadoras Kisenia Castillo y Amelia Suberv\u00ed, de la [&hellip;]<\/p>\n","protected":false},"author":5,"featured_media":517054,"comment_status":"closed","ping_status":"","sticky":true,"template":"","format":"standard","meta":{"footnotes":""},"categories":[20,27],"tags":[],"class_list":["post-517053","post","type-post","status-publish","format-standard","has-post-thumbnail","hentry","category-dominicana-hoy","category-portada"],"_links":{"self":[{"href":"https:\/\/diariodominicano.com\/index.php?rest_route=\/wp\/v2\/posts\/517053","targetHints":{"allow":["GET"]}}],"collection":[{"href":"https:\/\/diariodominicano.com\/index.php?rest_route=\/wp\/v2\/posts"}],"about":[{"href":"https:\/\/diariodominicano.com\/index.php?rest_route=\/wp\/v2\/types\/post"}],"author":[{"embeddable":true,"href":"https:\/\/diariodominicano.com\/index.php?rest_route=\/wp\/v2\/users\/5"}],"replies":[{"embeddable":true,"href":"https:\/\/diariodominicano.com\/index.php?rest_route=%2Fwp%2Fv2%2Fcomments&post=517053"}],"version-history":[{"count":1,"href":"https:\/\/diariodominicano.com\/index.php?rest_route=\/wp\/v2\/posts\/517053\/revisions"}],"predecessor-version":[{"id":517055,"href":"https:\/\/diariodominicano.com\/index.php?rest_route=\/wp\/v2\/posts\/517053\/revisions\/517055"}],"wp:featuredmedia":[{"embeddable":true,"href":"https:\/\/diariodominicano.com\/index.php?rest_route=\/wp\/v2\/media\/517054"}],"wp:attachment":[{"href":"https:\/\/diariodominicano.com\/index.php?rest_route=%2Fwp%2Fv2%2Fmedia&parent=517053"}],"wp:term":[{"taxonomy":"category","embeddable":true,"href":"https:\/\/diariodominicano.com\/index.php?rest_route=%2Fwp%2Fv2%2Fcategories&post=517053"},{"taxonomy":"post_tag","embeddable":true,"href":"https:\/\/diariodominicano.com\/index.php?rest_route=%2Fwp%2Fv2%2Ftags&post=517053"}],"curies":[{"name":"wp","href":"https:\/\/api.w.org\/{rel}","templated":true}]}}