{"id":517036,"date":"2024-03-20T11:28:53","date_gmt":"2024-03-20T15:28:53","guid":{"rendered":"https:\/\/diariodominicano.com\/?p=517036"},"modified":"2024-03-20T11:28:53","modified_gmt":"2024-03-20T15:28:53","slug":"fallece-menor-ingresado-en-el-robert-reid-afectado-por-incendio-en-carnaval-salcedo","status":"publish","type":"post","link":"https:\/\/diariodominicano.com\/?p=517036","title":{"rendered":"Fallece menor ingresado en el Robert Reid afectado por incendio en Carnaval Salcedo\u00a0"},"content":{"rendered":"\n<p>diariodominicano.com<\/p>\n\n\n\n<p>Santo Domingo, R. D.,\u200220 de marzo, 2024.- La direcci\u00f3n hospitalaria del Robert Reid Cabral inform\u00f3 el fallecimiento de un joven de 15 a\u00f1os de edad, a causa de quemaduras de tercer grado.<\/p>\n\n\n\n<p>El adolescente, quien hab\u00eda sufrido quemaduras en el 80 por ciento de su cuerpo, perdi\u00f3 la vida este mi\u00e9rcoles en el mencionado centro de salud, donde recibi\u00f3 atenci\u00f3n m\u00e9dica durante los \u00faltimos diez d\u00edas.<\/p>\n\n\n\n<p>El incidente, que involucr\u00f3 a otros cuatro adolescentes de Salcedo, ingresados en el referido centro de salud, mantiene a los dem\u00e1s j\u00f3venes en estado cr\u00edtico, quienes a\u00fan est\u00e1n bajo cuidados m\u00e9dicos intensivos y especializados.<\/p>\n\n\n\n<p>\u00a0Las autoridades m\u00e9dicas aseguraron que se emplean todos los recursos disponibles para brindar la mejor atenci\u00f3n posible y maximizar las posibilidades de recuperaci\u00f3n de los afectados.<\/p>\n\n\n\n<p><strong>Leslie Pacheco Batista<\/strong><\/p>\n\n\n\n<p><strong>Direcci\u00f3n de Comunicaciones SNS<\/strong><\/p>\n\n\n\n<p><strong>20 de marzo 2024<\/strong><\/p>\n","protected":false},"excerpt":{"rendered":"<p>diariodominicano.com Santo Domingo, R. D.,\u200220 de marzo, 2024.- La direcci\u00f3n hospitalaria del Robert Reid Cabral inform\u00f3 el fallecimiento de un joven de 15 a\u00f1os de edad, a causa de quemaduras de tercer grado. El adolescente, quien hab\u00eda sufrido quemaduras en el 80 por ciento de su cuerpo, perdi\u00f3 la vida este mi\u00e9rcoles en el mencionado [&hellip;]<\/p>\n","protected":false},"author":5,"featured_media":515432,"comment_status":"closed","ping_status":"","sticky":true,"template":"","format":"standard","meta":{"footnotes":""},"categories":[20,27],"tags":[],"class_list":["post-517036","post","type-post","status-publish","format-standard","has-post-thumbnail","hentry","category-dominicana-hoy","category-portada"],"_links":{"self":[{"href":"https:\/\/diariodominicano.com\/index.php?rest_route=\/wp\/v2\/posts\/517036","targetHints":{"allow":["GET"]}}],"collection":[{"href":"https:\/\/diariodominicano.com\/index.php?rest_route=\/wp\/v2\/posts"}],"about":[{"href":"https:\/\/diariodominicano.com\/index.php?rest_route=\/wp\/v2\/types\/post"}],"author":[{"embeddable":true,"href":"https:\/\/diariodominicano.com\/index.php?rest_route=\/wp\/v2\/users\/5"}],"replies":[{"embeddable":true,"href":"https:\/\/diariodominicano.com\/index.php?rest_route=%2Fwp%2Fv2%2Fcomments&post=517036"}],"version-history":[{"count":1,"href":"https:\/\/diariodominicano.com\/index.php?rest_route=\/wp\/v2\/posts\/517036\/revisions"}],"predecessor-version":[{"id":517037,"href":"https:\/\/diariodominicano.com\/index.php?rest_route=\/wp\/v2\/posts\/517036\/revisions\/517037"}],"wp:featuredmedia":[{"embeddable":true,"href":"https:\/\/diariodominicano.com\/index.php?rest_route=\/wp\/v2\/media\/515432"}],"wp:attachment":[{"href":"https:\/\/diariodominicano.com\/index.php?rest_route=%2Fwp%2Fv2%2Fmedia&parent=517036"}],"wp:term":[{"taxonomy":"category","embeddable":true,"href":"https:\/\/diariodominicano.com\/index.php?rest_route=%2Fwp%2Fv2%2Fcategories&post=517036"},{"taxonomy":"post_tag","embeddable":true,"href":"https:\/\/diariodominicano.com\/index.php?rest_route=%2Fwp%2Fv2%2Ftags&post=517036"}],"curies":[{"name":"wp","href":"https:\/\/api.w.org\/{rel}","templated":true}]}}