{"id":517020,"date":"2024-03-20T10:52:33","date_gmt":"2024-03-20T14:52:33","guid":{"rendered":"https:\/\/diariodominicano.com\/?p=517020"},"modified":"2024-03-20T10:52:33","modified_gmt":"2024-03-20T14:52:33","slug":"mide-inaugura-escuela-vocacional-de-las-ffaa-y-la-pn","status":"publish","type":"post","link":"https:\/\/diariodominicano.com\/?p=517020","title":{"rendered":"MIDE inaugura Escuela vocacional de las FFAA y la PN"},"content":{"rendered":"\n<p>diariodominicano.com<\/p>\n\n\n\n<p>Azua, R. D.,\u200220 de marzo, 2024.- Una nueva Escuela Vocacional de las Fuerzas Armadas y la Polic\u00eda Nacional fue inaugurada aqu\u00ed, este martes, para favorecer a j\u00f3venes de esta demarcaci\u00f3n quienes a partir de ahora podr\u00e1n recibir formaci\u00f3n en diferentes programas t\u00e9cnico-profesionales.<br><br>El acto fue encabezado por el ministro de la Presidencia, Joel Santos, y el director general de las Escuelas Vocacionales de las FF.AA. y la P.N. (DIGEV), general de brigada, Jorge Luis Morel De Dios, ERD.<\/p>\n\n\n\n<p><br><br>La infraestructura educativa, que fue construida en una extensi\u00f3n de terreno de 8,020 metros cuadrados y 1,500 metros de construcci\u00f3n, consta de cuatro naves con igual n\u00famero de aulas, ba\u00f1os de damas y caballeros.<br><br>Igualmente dispone de tres talleres, un \u00e1rea administrativa con dos ba\u00f1os, cocina, cafeter\u00eda, oficinas del inspector, jefe de estudio, \u00e1rea de archivo, recepci\u00f3n, administraci\u00f3n, almac\u00e9n, consultorio m\u00e9dico y comedor.<br><br>La inauguraci\u00f3n de las nuevas instalaciones, ubicadas en la calle Col\u00f3n, detr\u00e1s de la Fortaleza 19 de marzo, tambi\u00e9n consta de \u00e1reas verdes, parqueos vehiculares, garita de seguridad, caseta de planta el\u00e9ctrica, agua potable y cisterna.<\/p>\n\n\n\n<p><br><br>Esta nueva escuela vocacional tendr\u00e1 una capacidad para 650 estudiantes en el primer semestre y 850 en el segundo para un total de 1,500 al a\u00f1o.<br><br>Los estudiantes podr\u00e1n formarse en ingl\u00e9s b\u00e1sico, barber\u00eda, inform\u00e1tica, farmacia, auxiliar de contabilidad, oratoria y locuci\u00f3n, auxiliar de ventas, visitador m\u00e9dico, auxiliar de belleza, ebanister\u00eda, soldadura industrial, entre otras.<br><br>En su discurso central, el director de la DIGEV, Morel De Dios, indic\u00f3 que, \u201cestas instalaciones servir\u00e1n de plataforma a los planes de inclusi\u00f3n social que viene desarrollando el gobierno a trav\u00e9s de los diferentes programas que tiene en ejecuci\u00f3n el Gabinete de Pol\u00edticas Sociales de la Presidencia, a los fines de seguir mejorando la calidad de vida de los dominicanos\u201d.<br><br>\u201cEste recinto que inauguramos hoy obedece a las pol\u00edticas de consolidaci\u00f3n y espacio de la educaci\u00f3n t\u00e9cnica profesional que lleva a cabo el superior gobierno por instrucciones del excelent\u00edsimo presidente Constitucional de la Rep\u00fablica Luis Rodolfo Abinader Corona quien ha tra\u00eddo este tipo de formaci\u00f3n como eje fundamental para la transformaci\u00f3n de la sociedad dominicana\u00bb, dijo.<\/p>\n\n\n\n<p><br><br>Agreg\u00f3 que \u00abla educaci\u00f3n t\u00e9cnica profesional no s\u00f3lo ofrece habilidades pr\u00e1cticas y conocimientos especializados, sino que tambi\u00e9n abre puertas a las oportunidades econ\u00f3micas y sociales, y es el puente que conecta la teor\u00eda con la pr\u00e1ctica y el aula con el mundo laboral.\u201d<\/p>\n\n\n\n<p><br><br>Manifest\u00f3 \u201cque la oportunidad de crecer y alcanzar el bienestar individual y colectivo descansa en una buena capacitaci\u00f3n y formaci\u00f3n, por lo que la instalaci\u00f3n de esta Escuela Vocacional significa un paso de avance en ese sentido\u201d.<br><br>Por su lado, el ministro Santos expres\u00f3 que \u201cestas instalaciones est\u00e1n dise\u00f1adas para no solamente dotar a los militares de las herramientas de capacitaci\u00f3n necesarias, sino que tambi\u00e9n est\u00e1n abiertas a los civiles, es decir, esto es una obra de la cual se beneficiar\u00e1 todo el pueblo de azua\u00bb.<br><br>Expres\u00f3 que \u00abla formaci\u00f3n vocacional conjuga nuestras habilidades con un oficio que nos permite crecer a trav\u00e9s de lo que hacemos y estas instalaciones contribuyen a fomentar una cultura de excelencia para beneficio de un amplio sector de nuestra poblaci\u00f3n que se desarrollar\u00e1 a trav\u00e9s de la destreza que van a adquirir en este plantel\u201d.<\/p>\n\n\n\n<p><br><br>En el acto estuvieron presentes, el jefe de la polic\u00eda militar electoral mayor general Juan Jos\u00e9 Ota\u00f1o Jim\u00e9nez, ERD; el general de Brigada, Euler E. Sierra P\u00e9rez, FARD, comandante del Comando Conjunto Sur de las Fuerzas Armadas; el viceministro de la presidencia, Benny Metz; la gobernadora provincial de Azua, Grey P\u00e9rez D\u00edaz, y la senadora L\u00eda D\u00edaz Santana.<\/p>\n\n\n\n<p><strong><em>Departamento de Prensa<\/em><\/strong><\/p>\n\n\n\n<p><em><strong>Direcci\u00f3n de Asuntos Civiles del Estado Mayor Conjunto, J5<\/strong><\/em><\/p>\n\n\n\n<p><em><strong>Ministerio de Defensa de Rep\u00fablica Dominicana<\/strong><\/em><\/p>\n","protected":false},"excerpt":{"rendered":"<p>diariodominicano.com Azua, R. D.,\u200220 de marzo, 2024.- Una nueva Escuela Vocacional de las Fuerzas Armadas y la Polic\u00eda Nacional fue inaugurada aqu\u00ed, este martes, para favorecer a j\u00f3venes de esta demarcaci\u00f3n quienes a partir de ahora podr\u00e1n recibir formaci\u00f3n en diferentes programas t\u00e9cnico-profesionales. El acto fue encabezado por el ministro de la Presidencia, Joel Santos, [&hellip;]<\/p>\n","protected":false},"author":5,"featured_media":517021,"comment_status":"closed","ping_status":"","sticky":true,"template":"","format":"standard","meta":{"footnotes":""},"categories":[20,27],"tags":[],"class_list":["post-517020","post","type-post","status-publish","format-standard","has-post-thumbnail","hentry","category-dominicana-hoy","category-portada"],"_links":{"self":[{"href":"https:\/\/diariodominicano.com\/index.php?rest_route=\/wp\/v2\/posts\/517020","targetHints":{"allow":["GET"]}}],"collection":[{"href":"https:\/\/diariodominicano.com\/index.php?rest_route=\/wp\/v2\/posts"}],"about":[{"href":"https:\/\/diariodominicano.com\/index.php?rest_route=\/wp\/v2\/types\/post"}],"author":[{"embeddable":true,"href":"https:\/\/diariodominicano.com\/index.php?rest_route=\/wp\/v2\/users\/5"}],"replies":[{"embeddable":true,"href":"https:\/\/diariodominicano.com\/index.php?rest_route=%2Fwp%2Fv2%2Fcomments&post=517020"}],"version-history":[{"count":1,"href":"https:\/\/diariodominicano.com\/index.php?rest_route=\/wp\/v2\/posts\/517020\/revisions"}],"predecessor-version":[{"id":517022,"href":"https:\/\/diariodominicano.com\/index.php?rest_route=\/wp\/v2\/posts\/517020\/revisions\/517022"}],"wp:featuredmedia":[{"embeddable":true,"href":"https:\/\/diariodominicano.com\/index.php?rest_route=\/wp\/v2\/media\/517021"}],"wp:attachment":[{"href":"https:\/\/diariodominicano.com\/index.php?rest_route=%2Fwp%2Fv2%2Fmedia&parent=517020"}],"wp:term":[{"taxonomy":"category","embeddable":true,"href":"https:\/\/diariodominicano.com\/index.php?rest_route=%2Fwp%2Fv2%2Fcategories&post=517020"},{"taxonomy":"post_tag","embeddable":true,"href":"https:\/\/diariodominicano.com\/index.php?rest_route=%2Fwp%2Fv2%2Ftags&post=517020"}],"curies":[{"name":"wp","href":"https:\/\/api.w.org\/{rel}","templated":true}]}}