{"id":516880,"date":"2024-03-20T00:56:42","date_gmt":"2024-03-20T04:56:42","guid":{"rendered":"https:\/\/diariodominicano.com\/?p=516880"},"modified":"2024-03-20T00:59:14","modified_gmt":"2024-03-20T04:59:14","slug":"presidente-abinader-y-ministro-bonilla-inauguran-nuevo-centro-regional-de-la-uasd-en-azua","status":"publish","type":"post","link":"https:\/\/diariodominicano.com\/?p=516880","title":{"rendered":"Presidente Abinader y Ministro Bonilla inauguran Centro Regional de la UASD en Azua\u00a0"},"content":{"rendered":"\n<p><em>Con esta entrega, el MIVED termina con d\u00e9cadas de espera por parte de los estudiantes azuanos del nivel superior\u00a0<\/em> <\/p>\n\n\n\n<p><strong>Azua. &#8211;<\/strong><em> <\/em>El Presidente de la Rep\u00fablica, Luis Abinader, y el Ministro de la Vivienda y Edificaciones, Carlos Bonilla, inauguraron este martes el nuevo Centro Regional de la Universidad Aut\u00f3noma de Santo Domingo (UASD) en&nbsp; la provincia Azua.&nbsp;<\/p>\n\n\n\n<p>Con esta moderna edificaci\u00f3n educativa, construida por el MIVED, miles de estudiantes de Azua ser\u00e1n impactados de manera positiva, terminando as\u00ed con d\u00e9cadas a la espera de un centro de estudio en esa provincia del sur del pa\u00eds.&nbsp;<\/p>\n\n\n\n<p>Este centro regional, levantado en tiempo r\u00e9cord, cont\u00f3 con una inversi\u00f3n superior a los RD$1,229 millones y est\u00e1 compuesto por dos edificios docentes de tres niveles que juntos tienen capacidad para albergar a 1,908 estudiantes, lo que aporta 36 nuevas aulas al sistema de educaci\u00f3n superior de la Rep\u00fablica Dominicana.&nbsp;<\/p>\n\n\n\n<figure class=\"wp-block-gallery has-nested-images columns-default is-cropped wp-block-gallery-1 is-layout-flex wp-block-gallery-is-layout-flex\">\n<figure class=\"wp-block-image size-large\"><img loading=\"lazy\" decoding=\"async\" width=\"1024\" height=\"696\" data-id=\"516897\" src=\"https:\/\/diariodominicano.com\/wp-content\/uploads\/2024\/03\/Presidente-Abinader-y-Ministro-Bonilla-inauguran-nuevo-Centro-Regional-UASD-en-Azua-1024x696.jpg\" alt=\"\" class=\"wp-image-516897\" srcset=\"https:\/\/diariodominicano.com\/wp-content\/uploads\/2024\/03\/Presidente-Abinader-y-Ministro-Bonilla-inauguran-nuevo-Centro-Regional-UASD-en-Azua-1024x696.jpg 1024w, https:\/\/diariodominicano.com\/wp-content\/uploads\/2024\/03\/Presidente-Abinader-y-Ministro-Bonilla-inauguran-nuevo-Centro-Regional-UASD-en-Azua-300x204.jpg 300w, https:\/\/diariodominicano.com\/wp-content\/uploads\/2024\/03\/Presidente-Abinader-y-Ministro-Bonilla-inauguran-nuevo-Centro-Regional-UASD-en-Azua-768x522.jpg 768w, https:\/\/diariodominicano.com\/wp-content\/uploads\/2024\/03\/Presidente-Abinader-y-Ministro-Bonilla-inauguran-nuevo-Centro-Regional-UASD-en-Azua-1536x1044.jpg 1536w, https:\/\/diariodominicano.com\/wp-content\/uploads\/2024\/03\/Presidente-Abinader-y-Ministro-Bonilla-inauguran-nuevo-Centro-Regional-UASD-en-Azua-2048x1392.jpg 2048w, https:\/\/diariodominicano.com\/wp-content\/uploads\/2024\/03\/Presidente-Abinader-y-Ministro-Bonilla-inauguran-nuevo-Centro-Regional-UASD-en-Azua-816x555.jpg 816w\" sizes=\"auto, (max-width: 1024px) 100vw, 1024px\" \/><\/figure>\n<\/figure>\n\n\n\n<p>Durante la inauguraci\u00f3n, el Presidente Abinader expres\u00f3 que: \u201cesta ciudad universitaria m\u00e1s all\u00e1 de las clases y la docencia se convierte en el centro de la cultura de la provincia Azua, pero adem\u00e1s pienso en los miles de estudiantes que tienen que desplazarse a otras extensiones y que ya no tendr\u00e1n que hacerlo, representando ahorro y seguridad para ellos y sus familias. Aprovecho la ocasi\u00f3n para anunciar que en dos semanas el Ministerio de la Vivienda estar\u00e1 subiendo la licitaci\u00f3n para la construcci\u00f3n de la UASD-Santo Domingo Este\u201d.<\/p>\n\n\n\n<p>Por su parte, el Ministro Carlos Bonilla manifest\u00f3 que \u201cestamos convencidos de que la base sobre la que se construye el futuro de un pa\u00eds es la educaci\u00f3n. Un joven capacitado suma al desarrollo de una naci\u00f3n y aqu\u00ed est\u00e1 esta administraci\u00f3n para cumplir con la promesa de construir un mejor futuro para la Rep\u00fablica Dominicana\u201d.<\/p>\n\n\n\n<figure class=\"wp-block-gallery has-nested-images columns-default is-cropped wp-block-gallery-2 is-layout-flex wp-block-gallery-is-layout-flex\">\n<figure class=\"wp-block-image size-large\"><img loading=\"lazy\" decoding=\"async\" width=\"1024\" height=\"683\" data-id=\"516896\" src=\"https:\/\/diariodominicano.com\/wp-content\/uploads\/2024\/03\/Presidente-Abinader-y-Ministro-Bonilla-inauguran-nuevo-Centro-Regional-de-la-UASD-en-Azua-1024x683.jpg\" alt=\"\" class=\"wp-image-516896\" srcset=\"https:\/\/diariodominicano.com\/wp-content\/uploads\/2024\/03\/Presidente-Abinader-y-Ministro-Bonilla-inauguran-nuevo-Centro-Regional-de-la-UASD-en-Azua-1024x683.jpg 1024w, https:\/\/diariodominicano.com\/wp-content\/uploads\/2024\/03\/Presidente-Abinader-y-Ministro-Bonilla-inauguran-nuevo-Centro-Regional-de-la-UASD-en-Azua-300x200.jpg 300w, https:\/\/diariodominicano.com\/wp-content\/uploads\/2024\/03\/Presidente-Abinader-y-Ministro-Bonilla-inauguran-nuevo-Centro-Regional-de-la-UASD-en-Azua-768x512.jpg 768w, https:\/\/diariodominicano.com\/wp-content\/uploads\/2024\/03\/Presidente-Abinader-y-Ministro-Bonilla-inauguran-nuevo-Centro-Regional-de-la-UASD-en-Azua-1536x1024.jpg 1536w, https:\/\/diariodominicano.com\/wp-content\/uploads\/2024\/03\/Presidente-Abinader-y-Ministro-Bonilla-inauguran-nuevo-Centro-Regional-de-la-UASD-en-Azua-2048x1366.jpg 2048w, https:\/\/diariodominicano.com\/wp-content\/uploads\/2024\/03\/Presidente-Abinader-y-Ministro-Bonilla-inauguran-nuevo-Centro-Regional-de-la-UASD-en-Azua-816x544.jpg 816w\" sizes=\"auto, (max-width: 1024px) 100vw, 1024px\" \/><\/figure>\n<\/figure>\n\n\n\n<p>La UASD-Azua est\u00e1 construida sobre un \u00e1rea de 19,500 metros cuadrados en los que alberga 6 laboratorios, auditorio, un aula virtual, biblioteca, zona de postgrado, plaza patri\u00f3tica, cancha mixta y grader\u00edas, edificio administrativo y de servicios estudiantiles.&nbsp;<\/p>\n\n\n\n<figure class=\"wp-block-gallery has-nested-images columns-default is-cropped wp-block-gallery-3 is-layout-flex wp-block-gallery-is-layout-flex\">\n<figure class=\"wp-block-image size-large\"><img loading=\"lazy\" decoding=\"async\" width=\"683\" height=\"1024\" data-id=\"516895\" src=\"https:\/\/diariodominicano.com\/wp-content\/uploads\/2024\/03\/Presidente-Abinader-y-Ministro-Bonilla-inauguran-nuevo-Centro-Regional-de-la-UASD-Azua-683x1024.jpg\" alt=\"\" class=\"wp-image-516895\" srcset=\"https:\/\/diariodominicano.com\/wp-content\/uploads\/2024\/03\/Presidente-Abinader-y-Ministro-Bonilla-inauguran-nuevo-Centro-Regional-de-la-UASD-Azua-683x1024.jpg 683w, https:\/\/diariodominicano.com\/wp-content\/uploads\/2024\/03\/Presidente-Abinader-y-Ministro-Bonilla-inauguran-nuevo-Centro-Regional-de-la-UASD-Azua-200x300.jpg 200w, https:\/\/diariodominicano.com\/wp-content\/uploads\/2024\/03\/Presidente-Abinader-y-Ministro-Bonilla-inauguran-nuevo-Centro-Regional-de-la-UASD-Azua-768x1152.jpg 768w, https:\/\/diariodominicano.com\/wp-content\/uploads\/2024\/03\/Presidente-Abinader-y-Ministro-Bonilla-inauguran-nuevo-Centro-Regional-de-la-UASD-Azua-1024x1536.jpg 1024w, https:\/\/diariodominicano.com\/wp-content\/uploads\/2024\/03\/Presidente-Abinader-y-Ministro-Bonilla-inauguran-nuevo-Centro-Regional-de-la-UASD-Azua-1366x2048.jpg 1366w, https:\/\/diariodominicano.com\/wp-content\/uploads\/2024\/03\/Presidente-Abinader-y-Ministro-Bonilla-inauguran-nuevo-Centro-Regional-de-la-UASD-Azua-816x1224.jpg 816w, https:\/\/diariodominicano.com\/wp-content\/uploads\/2024\/03\/Presidente-Abinader-y-Ministro-Bonilla-inauguran-nuevo-Centro-Regional-de-la-UASD-Azua-scaled.jpg 1707w\" sizes=\"auto, (max-width: 683px) 100vw, 683px\" \/><\/figure>\n<\/figure>\n\n\n\n<p>Tambi\u00e9n cuenta con verja perimetral, planta de tratamiento, caseta de desechos, caseta generadora, \u00e1rea de servicios de carga y descarga, caseta de dep\u00f3sito, acceso principal peatonal y vehicular, almac\u00e9n, cisterna, planta de tratamiento, 110 plazas de estacionamiento vehicular para veh\u00edculos livianos, motocicletas y veh\u00edculos de personas minusv\u00e1lidas.&nbsp;<\/p>\n\n\n\n<p>Mientras, el Rector de la UASD, Editrudis Beltr\u00e1n, indic\u00f3 que \u201clos j\u00f3venes de Guayabal no tendr\u00e1n que desplazarse al Recinto de San Juan, ni los de Padre las Casas a Barahona, porque la UASD lleg\u00f3 para acercarse a sus aspiraciones profesionales. La UASD para que los bachilleres de Las Charcas, Las Yayas, Peralta, Sabana Yegua, Pueblo Viejo y Esteban\u00eda tengan acceso a esta infraestructura con modernos laboratorios, aulas amigables e iluminadas, aulas inteligentes y a un moderno auditorio, el cual est\u00e1 siendo testigo de este memorable acto inaugural.<\/p>\n\n\n\n<figure class=\"wp-block-gallery has-nested-images columns-default is-cropped wp-block-gallery-4 is-layout-flex wp-block-gallery-is-layout-flex\">\n<figure class=\"wp-block-image size-large\"><img loading=\"lazy\" decoding=\"async\" width=\"1024\" height=\"660\" data-id=\"516894\" src=\"https:\/\/diariodominicano.com\/wp-content\/uploads\/2024\/03\/Presidente-Abinader-y-Ministro-Bonilla-inauguran-Centro-Regional-de-la-UASD-en-Azua-1024x660.jpg\" alt=\"\" class=\"wp-image-516894\" srcset=\"https:\/\/diariodominicano.com\/wp-content\/uploads\/2024\/03\/Presidente-Abinader-y-Ministro-Bonilla-inauguran-Centro-Regional-de-la-UASD-en-Azua-1024x660.jpg 1024w, https:\/\/diariodominicano.com\/wp-content\/uploads\/2024\/03\/Presidente-Abinader-y-Ministro-Bonilla-inauguran-Centro-Regional-de-la-UASD-en-Azua-300x193.jpg 300w, https:\/\/diariodominicano.com\/wp-content\/uploads\/2024\/03\/Presidente-Abinader-y-Ministro-Bonilla-inauguran-Centro-Regional-de-la-UASD-en-Azua-768x495.jpg 768w, https:\/\/diariodominicano.com\/wp-content\/uploads\/2024\/03\/Presidente-Abinader-y-Ministro-Bonilla-inauguran-Centro-Regional-de-la-UASD-en-Azua-1536x991.jpg 1536w, https:\/\/diariodominicano.com\/wp-content\/uploads\/2024\/03\/Presidente-Abinader-y-Ministro-Bonilla-inauguran-Centro-Regional-de-la-UASD-en-Azua-2048x1321.jpg 2048w, https:\/\/diariodominicano.com\/wp-content\/uploads\/2024\/03\/Presidente-Abinader-y-Ministro-Bonilla-inauguran-Centro-Regional-de-la-UASD-en-Azua-816x526.jpg 816w\" sizes=\"auto, (max-width: 1024px) 100vw, 1024px\" \/><\/figure>\n\n\n\n<figure class=\"wp-block-image size-large\"><img loading=\"lazy\" decoding=\"async\" width=\"1024\" height=\"683\" data-id=\"516893\" src=\"https:\/\/diariodominicano.com\/wp-content\/uploads\/2024\/03\/Presidente-Abinader-y-Ministro-Bonilla-inauguran-Centro-Regional-de-la-UASD-Azua-1024x683.jpg\" alt=\"\" class=\"wp-image-516893\" srcset=\"https:\/\/diariodominicano.com\/wp-content\/uploads\/2024\/03\/Presidente-Abinader-y-Ministro-Bonilla-inauguran-Centro-Regional-de-la-UASD-Azua-1024x683.jpg 1024w, https:\/\/diariodominicano.com\/wp-content\/uploads\/2024\/03\/Presidente-Abinader-y-Ministro-Bonilla-inauguran-Centro-Regional-de-la-UASD-Azua-300x200.jpg 300w, https:\/\/diariodominicano.com\/wp-content\/uploads\/2024\/03\/Presidente-Abinader-y-Ministro-Bonilla-inauguran-Centro-Regional-de-la-UASD-Azua-768x512.jpg 768w, https:\/\/diariodominicano.com\/wp-content\/uploads\/2024\/03\/Presidente-Abinader-y-Ministro-Bonilla-inauguran-Centro-Regional-de-la-UASD-Azua-1536x1024.jpg 1536w, https:\/\/diariodominicano.com\/wp-content\/uploads\/2024\/03\/Presidente-Abinader-y-Ministro-Bonilla-inauguran-Centro-Regional-de-la-UASD-Azua-2048x1366.jpg 2048w, https:\/\/diariodominicano.com\/wp-content\/uploads\/2024\/03\/Presidente-Abinader-y-Ministro-Bonilla-inauguran-Centro-Regional-de-la-UASD-Azua-816x544.jpg 816w\" sizes=\"auto, (max-width: 1024px) 100vw, 1024px\" \/><\/figure>\n<\/figure>\n\n\n\n<p>En este nuevo centro de estudios se impartir\u00e1n las carreras de Ingenier\u00eda en Inform\u00e1tica, Educaci\u00f3n Inicial, Psicolog\u00eda Escolar, Educaci\u00f3n F\u00edsica, Agronom\u00eda menci\u00f3n Producci\u00f3n Cultivo, Orientaci\u00f3n Acad\u00e9mica, Hoteler\u00eda y Turismo, Administraci\u00f3n de Empresas, Contabilidad, Mercadotecnia, Educaci\u00f3n B\u00e1sica, Bioan\u00e1lisis, Prem\u00e9dica y Derecho.<\/p>\n\n\n\n<p>La construcci\u00f3n de la obra inici\u00f3 en junio del 2022 y, en menos de dos a\u00f1os, el MIVED entreg\u00f3 a los azuanos su tan esperada Universidad Aut\u00f3noma de Santo Domingo.&nbsp;<\/p>\n\n\n\n<p>Este es la segunda entrega de las varias extensiones de la Universidad UASD que construye el Ministerio de la Vivienda y Edificaciones en distintas demarcaciones del pa\u00eds, con el objetivo de descongestionar la sede central en la capital, adem\u00e1s de fomentar la competitividad y productividad de las provincias impactadas.<\/p>\n\n\n\n<p>En febrero de este a\u00f1o, el Presidente Luis Abinader y el Ministro Carlos Bonilla inauguraron la extensi\u00f3n de la UASD en Ban\u00ed. Actualmente, el MIVED construye extensiones de la UASD en las provincias Hato Mayor, Bahoruco, Santiago Rodr\u00edguez y S\u00e1nchez Ram\u00edrez.&nbsp;<\/p>\n\n\n\n<p>Durante la inauguraci\u00f3n, acompa\u00f1aron al Presidente Abinader y al Ministro Carlos Bonilla: el expresidente de la Rep\u00fablica, Hip\u00f3lito Mej\u00eda; la gobernadora de la provincia Azua, \u00c1ngela P\u00e9rez D\u00edaz; la senadora de Azua, Lia Inocencia D\u00edaz; el rector de la UASD, Editrudis Beltr\u00e1n; el Ministro Administrativo de la Presidencia, Igor Rodr\u00edguez Dur\u00e1n; el Ministro de Educaci\u00f3n Superior, Franklin Garc\u00eda Ferm\u00edn; el alcalde actual de Azua, Ruddy Gonz\u00e1lez; el alcalde electo de Azua, Rafael Hidalgo; la gobernadora de Ocoa, Oliva Castillo; los diputados Carlos Ram\u00edrez Filpo,&nbsp; Brenda Ogando; el director del Centro UASD-Azua, Marcial Figuereo; y el monse\u00f1or em\u00e9rito Jos\u00e9 D\u00f3lore Grull\u00f3n Estrada, de la Di\u00f3cesis de San Juan, Azua, y El\u00edas Pi\u00f1a.&nbsp;<\/p>\n\n\n\n<h3 class=\"wp-block-heading\"><strong>Carmen Luz Beato&nbsp;<\/strong><\/h3>\n","protected":false},"excerpt":{"rendered":"<p>Con esta entrega, el MIVED termina con d\u00e9cadas de espera por parte de los estudiantes azuanos del nivel superior\u00a0 Azua. &#8211; El Presidente de la Rep\u00fablica, Luis Abinader, y el Ministro de la Vivienda y Edificaciones, Carlos Bonilla, inauguraron este martes el nuevo Centro Regional de la Universidad Aut\u00f3noma de Santo Domingo (UASD) en&nbsp; la [&hellip;]<\/p>\n","protected":false},"author":7,"featured_media":516897,"comment_status":"closed","ping_status":"","sticky":true,"template":"","format":"standard","meta":{"footnotes":""},"categories":[20,27],"tags":[],"class_list":["post-516880","post","type-post","status-publish","format-standard","has-post-thumbnail","hentry","category-dominicana-hoy","category-portada"],"_links":{"self":[{"href":"https:\/\/diariodominicano.com\/index.php?rest_route=\/wp\/v2\/posts\/516880","targetHints":{"allow":["GET"]}}],"collection":[{"href":"https:\/\/diariodominicano.com\/index.php?rest_route=\/wp\/v2\/posts"}],"about":[{"href":"https:\/\/diariodominicano.com\/index.php?rest_route=\/wp\/v2\/types\/post"}],"author":[{"embeddable":true,"href":"https:\/\/diariodominicano.com\/index.php?rest_route=\/wp\/v2\/users\/7"}],"replies":[{"embeddable":true,"href":"https:\/\/diariodominicano.com\/index.php?rest_route=%2Fwp%2Fv2%2Fcomments&post=516880"}],"version-history":[{"count":4,"href":"https:\/\/diariodominicano.com\/index.php?rest_route=\/wp\/v2\/posts\/516880\/revisions"}],"predecessor-version":[{"id":516905,"href":"https:\/\/diariodominicano.com\/index.php?rest_route=\/wp\/v2\/posts\/516880\/revisions\/516905"}],"wp:featuredmedia":[{"embeddable":true,"href":"https:\/\/diariodominicano.com\/index.php?rest_route=\/wp\/v2\/media\/516897"}],"wp:attachment":[{"href":"https:\/\/diariodominicano.com\/index.php?rest_route=%2Fwp%2Fv2%2Fmedia&parent=516880"}],"wp:term":[{"taxonomy":"category","embeddable":true,"href":"https:\/\/diariodominicano.com\/index.php?rest_route=%2Fwp%2Fv2%2Fcategories&post=516880"},{"taxonomy":"post_tag","embeddable":true,"href":"https:\/\/diariodominicano.com\/index.php?rest_route=%2Fwp%2Fv2%2Ftags&post=516880"}],"curies":[{"name":"wp","href":"https:\/\/api.w.org\/{rel}","templated":true}]}}