{"id":51685,"date":"2020-07-16T08:50:44","date_gmt":"2020-07-16T08:50:44","guid":{"rendered":"http:\/\/diariodominicano.ddns.net\/?p=51685"},"modified":"2020-07-16T08:50:44","modified_gmt":"2020-07-16T08:50:44","slug":"con-respaldo-de-francia-santana-consumo-golpe-y-tomo-el-control-de-la-junta-central-gubernativa","status":"publish","type":"post","link":"https:\/\/diariodominicano.com\/?p=51685","title":{"rendered":"Con respaldo de Francia Santana consum\u00f3 golpe y tom\u00f3 el control de la Junta Central Gubernativa"},"content":{"rendered":"<p><body><\/p>\n<p><img decoding=\"async\" src=\"img3\/Santana00.jpg\" \/>  <\/p>\n<p><strong>Diariodominicano.com<\/strong><\/p>\n<p><strong>Con respaldo de Francia Santana consum\u00f3 golpe y tom\u00f3 el control de la Junta Central Gubernativa <\/strong><\/p>\n<p>Pedro Santana  asumi\u00f3 la Presidencia del organismo de Gobierno y reintegr\u00f3 a los miembros que desalojaron los trinitarios el d\u00eda 9 de junio de 1844, cuando dieron un golpe y nombraron Presidente a Francisco del Rosario S\u00e1nchez.<\/p>\n<\/p>\n<p><strong>Por H\u00e9ctor Tineo Nolasco<\/strong><\/p>\n<p><strong>Diariodominicano.com<\/strong><\/p>\n<p><strong>     <\/strong><\/p>\n<p><strong>SANTO DOMINGO,  el 16 de julio de 1844,<\/strong> a las 3 de la tarde, el general Pedro Santana, consum\u00f3 el golpe contra los miembros de la Junta Central Gubernativa, que presid\u00eda el pr\u00f3cer Francisco del Rosario S\u00e1nchez.<\/p>\n<\/p>\n<p>   Santana  asumi\u00f3 la Presidencia del organismo de Gobierno y reintegr\u00f3 a los miembros que desalojaron los trinitarios el d\u00eda 9 de junio de 1844, cuando dieron un golpe y nombraron Presidente a Francisco del Rosario S\u00e1nchez.<\/p>\n<\/p>\n<p>    La toma de la Junta Central Gubernativa se produjo en un ambiente de tensi\u00f3n, ya que se manten\u00eda la resistencia de los trinitarios y Pedro Santana ten\u00eda la ciudad militarizada.<\/p>\n<\/p>\n<p>El  general  Santana, jefe del Ej\u00e9rcito del Sur, entr\u00f3 con sus tropas a la ciudad de Santo Domingo, el 12 de julio de 1844. <\/p>\n<\/p>\n<p>  Con su llegada a la ciudad  inici\u00f3 un plan para derrocar a la Junta Central Gubernativa que presid\u00eda el pr\u00f3cer Francisco del Rosario S\u00e1nchez.<\/p>\n<\/p>\n<p>    Santana logr\u00f3 su objetivo con el apoyo del c\u00f3nsul de Francia, Saint Denys, quien advirti\u00f3 a Francisco del Rosario S\u00e1nchez, que si enfrentaba con violencia al jefe militar del sur, se iba a retirar con sus barcos de guerra.<\/p>\n<\/p>\n<p>   Francisco del \u00abRosario S\u00e1nchez tambi\u00e9n se encontr\u00f3 con la dificultad de que el Comandante de Armas de la Plaza de Santo Domingo, general Jos\u00e9 Joaqu\u00edn Puello, se neg\u00f3 a enfrentar a Santana que hab\u00eda salido con su ej\u00e9rcito desde Azua para tomar a la Capital.<\/p>\n<\/p>\n<p>   Pedro Santana acus\u00f3 a la Junta Central Gubernativa de haberle negado el apoyo que necesitaba el ej\u00e9rcito cuando estaba en campa\u00f1a en Azua. <\/p>\n<\/p>\n<p>   Al entrar a la ciudad, los militares  fueron concentrados en la Plaza de Armas. All\u00ed el coronel Antonio Abad Alfau, encabez\u00f3 a los oficiales que empezaron a expresar:<\/p>\n<\/p>\n<p>   \u00abAbajo la Junta, viva el General Santana, Jefe Supremo del Pueblo\u00bb, lo que dej\u00f3 claro que la reci\u00e9n fundada Rep\u00fablica estaba a punto de ver un nuevo golpe contra la Junta Central Gubernativa.<\/p>\n<\/p>\n<p>   El prop\u00f3sito de Santana era instalarse como Dictador, pero el c\u00f3nsul Saint Denys, lo convenci\u00f3 de que lo m\u00e1s conveniente era que sacara a los miembros de la Junta Central Gubernativa que encabezaba S\u00e1nchez y se reintegrara a los que integraban el organismo cuando lo presid\u00eda Tom\u00e1s Bobadilla y Briones.<\/p>\n<p><strong>    Saint Denys calific\u00f3 de ilegales a los miembros de la Junta que fueron escogidos cuando S\u00e1nchez fue declarado  Presidente.<\/strong><\/p>\n<\/p>\n<p>   El golpe que llev\u00f3 a los trinitarios a controlar la Junta fue ejecutado el d\u00eda 9 de junio, lo hicieron para sacar del organismo a los  conservadores que controlaban la Junta Central Gubernativa, presidida por Tom\u00e1s Bobadilla, quien deseaban convertir la naciente Rep\u00fablica Dominicana en un protectorado de Francia.<\/p>\n<\/p>\n<p>      Los trinitarios estimaban que Tom\u00e1s Bobadilla y los miembros de la Junta Central Gubernativa, Jos\u00e9 Mar\u00eda Caminero, Francisco Javier Abreu y Francisco Ru\u00edz, eran culpables de conspirar contra la soberan\u00eda nacional al mantener negociaciones encaminadas a obtener la protecci\u00f3n de los franceses.<\/p>\n<\/p>\n<p>    Al consumarse el golpe de Estado contra la Junta Central  Gubernativa, el pr\u00f3cer Francisco del Rosario S\u00e1nchez, fue escogido Presidente en lugar de  Bobadilla.<\/p>\n<\/p>\n<p>  Como dem\u00e1s miembros de la Junta Central Gubernativa, fueron designados los trinitarios Pedro Alejandro Pina, Manuel Mar\u00eda Valverde y Juan Isidro P\u00e9rez.<\/p>\n<\/p>\n<p>    El general  Santana al tomar  el control del organismo el 16 de julio de 1844, desat\u00f3 un movimiento de represi\u00f3n que llev\u00f3 al pelot\u00f3n de fusilamiento y al exilio a los principales exponentes del pensamiento trinitario, incluido el  pr\u00f3cer Duarte que muri\u00f3 exiliado en Caracas, Venezuela, el 15 de julio de 1876.<\/p>\n<\/p>\n<h6> 2020-07-16 08:50:44 <\/h6>\n<p><!--\n<link rel=\"stylesheet\" href=\"css\/bootstrap.min.css\">\n\n\n<ul class=\"pagination\">\n\t    \n\t\n\n<li >\n\t<a href='?page_no=409'>Previous<\/a>\n\t<\/li>\n\n\n       \n    \n\n<li><a href='?page_no=1'>1<\/a><\/li>\n\n\n\n<li><a href='?page_no=2'>2<\/a><\/li>\n\n\n\n<li><a>...<\/a><\/li>\n\n\n\n<li><a href='?page_no=408'>408<\/a><\/li>\n\n\n\n<li><a href='?page_no=409'>409<\/a><\/li>\n\n\n\n<li class='active'><a>410<\/a><\/li>\n\n\n\n<li><a href='?page_no=411'>411<\/a><\/li>\n\n\n\n<li><a href='?page_no=412'>412<\/a><\/li>\n\n\n\n<li><a>...<\/a><\/li>\n\n\n\n<li><a href='?page_no=22911'>22911<\/a><\/li>\n\n\n\n<li><a href='?page_no=22912'>22912<\/a><\/li>\n\n    \n\t\n\n<li >\n\t<a href='?page_no=411'>Next<\/a>\n\t<\/li>\n\n\n    \n\n<li><a href='?page_no=22912'>Last &rsaquo;&rsaquo;<\/a><\/li>\n\n<\/ul>\n\n\n--><br \/>\n<\/body><\/p>\n","protected":false},"excerpt":{"rendered":"<p>Diariodominicano.com Con respaldo de Francia Santana consum\u00f3 golpe y tom\u00f3 el control de la Junta Central Gubernativa Pedro Santana asumi\u00f3 la Presidencia del organismo de Gobierno y reintegr\u00f3 a los miembros que desalojaron los trinitarios el d\u00eda 9 de junio de 1844, cuando dieron un golpe y nombraron Presidente a Francisco del Rosario S\u00e1nchez. Por [&hellip;]<\/p>\n","protected":false},"author":3,"featured_media":0,"comment_status":"open","ping_status":"open","sticky":false,"template":"","format":"standard","meta":{"footnotes":""},"categories":[21],"tags":[],"class_list":["post-51685","post","type-post","status-publish","format-standard","hentry","category-cultura"],"_links":{"self":[{"href":"https:\/\/diariodominicano.com\/index.php?rest_route=\/wp\/v2\/posts\/51685","targetHints":{"allow":["GET"]}}],"collection":[{"href":"https:\/\/diariodominicano.com\/index.php?rest_route=\/wp\/v2\/posts"}],"about":[{"href":"https:\/\/diariodominicano.com\/index.php?rest_route=\/wp\/v2\/types\/post"}],"author":[{"embeddable":true,"href":"https:\/\/diariodominicano.com\/index.php?rest_route=\/wp\/v2\/users\/3"}],"replies":[{"embeddable":true,"href":"https:\/\/diariodominicano.com\/index.php?rest_route=%2Fwp%2Fv2%2Fcomments&post=51685"}],"version-history":[{"count":0,"href":"https:\/\/diariodominicano.com\/index.php?rest_route=\/wp\/v2\/posts\/51685\/revisions"}],"wp:attachment":[{"href":"https:\/\/diariodominicano.com\/index.php?rest_route=%2Fwp%2Fv2%2Fmedia&parent=51685"}],"wp:term":[{"taxonomy":"category","embeddable":true,"href":"https:\/\/diariodominicano.com\/index.php?rest_route=%2Fwp%2Fv2%2Fcategories&post=51685"},{"taxonomy":"post_tag","embeddable":true,"href":"https:\/\/diariodominicano.com\/index.php?rest_route=%2Fwp%2Fv2%2Ftags&post=51685"}],"curies":[{"name":"wp","href":"https:\/\/api.w.org\/{rel}","templated":true}]}}