{"id":51684,"date":"2020-11-18T01:55:51","date_gmt":"2020-11-18T01:55:51","guid":{"rendered":"http:\/\/diariodominicano.ddns.net\/?p=51684"},"modified":"2020-11-18T01:55:51","modified_gmt":"2020-11-18T01:55:51","slug":"juan-bosch-renuncia-a-la-presidencia-y-militancia-del-prd-2","status":"publish","type":"post","link":"https:\/\/diariodominicano.com\/?p=51684","title":{"rendered":"Juan Bosch renuncia a la presidencia y militancia del PRD"},"content":{"rendered":"<p><body><\/p>\n<p><img decoding=\"async\" src=\"img3\/Juan-Bosch-1.jpg\" \/>  <\/p>\n<p><strong>Juan Bosch renuncia a la presidencia y militancia del PRD<\/strong><\/p>\n<p><strong>SANTO DOMINGO, el  18 de noviembre de 1973<\/strong> se produjo la  renuncia del Profesor Juan Bosch de la Presidencia y membres\u00eda del Partido Revolucionario Dominicano, con un peque\u00f1o grupo de dirigentes, con los que  fund\u00f3 el Partido de la Liberaci\u00f3n Dominicana en el mes de diciembre del mismo a\u00f1o.<\/p>\n<\/p>\n<p>La decisi\u00f3n de Bosch  dio origen a la organizaci\u00f3n pol\u00edtica de mayores triunfos electorales en la historia democr\u00e1tica de Rep\u00fablica Dominicana, el PLD.  <\/p>\n<\/p>\n<p>Se ha resaltado el gran valor y la determinaci\u00f3n de Bosch, quien teniendo sesenta y cuatro a\u00f1os de edad se embarc\u00f3 en la tarea de organizar un nuevo partido pol\u00edtico, que luego de consolidarse como fuerza pol\u00edtica, le llam\u00f3 \u00abUn Partido \u00danico en Am\u00e9rica Latina\u00bb.<\/p>\n<\/p>\n<p>Franklin Almeyda, actual miembro del Comit\u00e9 Pol\u00edtico, en cuya casa se decidi\u00f3 el nombre del nuevo partido y se adopt\u00f3 la decisi\u00f3n de crearlo, apunta que ya el ex presidente ten\u00eda el esquema de lo que ser\u00eda la nueva entidad partidaria, su l\u00ednea organizativa y sus prop\u00f3sitos educativos en pol\u00edtica.<\/p>\n<\/p>\n<p>Recuerda que, presidiendo una reuni\u00f3n de la direcci\u00f3n del PRD, Bosch fue impactado por la forma en que uno de sus integrantes enfocaba uno de los temas tratados y opt\u00f3 por retirarse de la misma: \u00abDon Juan se levant\u00f3 de la reuni\u00f3n y dijo de forma determinante que no regresaba\u00bb declar\u00f3 Almeyda explicando que el ex presidente  descendi\u00f3 la escalera del sal\u00f3n de reuniones  en la segunda planta del anexo del patio de la sede nacional, junto al \u00e1rbol de limoncillo.<\/p>\n<\/p>\n<p>Al renunciar de la presidencia y militancia perrede\u00edsta, el profesor Juan Bosch aleg\u00f3 que el PRD hab\u00eda cumplido su misi\u00f3n hist\u00f3rica: \u00abEfectivamente, ya el PRD cumpli\u00f3 su papel hist\u00f3rico en la pol\u00edtica nacional\u00bb, dijo  Bosch en unas declaraciones que ofreciera a la prensa el 18 de noviembre.<\/p>\n<\/p>\n<p>En su libro \u00abEl PLD y las Fuerzas Sociales\u00bb, Franklin Almeyda precisa que la renuncia de Bosch \u00abtuvo varias causas, una de ellas ha sido vista, se trata de el efecto emocional que produjo en el profesor Bosch el derrocamiento y muerte del presidente Salvador Allende (Chile, 11 de septiembre de 1973), lo cual constituy\u00f3 un hecho tr\u00e1gico pero que dolorosamente confirmaba su tesis de que era imposible que una fuerza progresista asumiera el poder, aun por la v\u00eda electoral, y se mantuviera en \u00e9l, en esos tiempos de bipolaridad capitalismo versus socialismo\u00bb.<\/p>\n<\/p>\n<p>Sostiene Almeyda que el Golpe de Allende y su muerte \u00abfue un factor emocional decisivo, puesto que en su dolorosa primera reacci\u00f3n Bosch recordaba que se lo hab\u00eda hecho saber, teniendo como respuesta del presidente Allende que \u00e9l confiaba en la profesionalidad de las fuerzas armadas, la misma que lo derroc\u00f3 y lo llev\u00f3 a la muerte\u00bb.<\/p>\n<\/p>\n<h6> 2020-11-18 01:55:51 <\/h6>\n<p><!--\n<link rel=\"stylesheet\" href=\"css\/bootstrap.min.css\">\n\n\n<ul class=\"pagination\">\n\t    \n\t\n\n<li >\n\t<a href='?page_no=40'>Previous<\/a>\n\t<\/li>\n\n\n       \n    \n\n<li><a href='?page_no=1'>1<\/a><\/li>\n\n\n\n<li><a href='?page_no=2'>2<\/a><\/li>\n\n\n\n<li><a>...<\/a><\/li>\n\n\n\n<li><a href='?page_no=39'>39<\/a><\/li>\n\n\n\n<li><a href='?page_no=40'>40<\/a><\/li>\n\n\n\n<li class='active'><a>41<\/a><\/li>\n\n\n\n<li><a href='?page_no=42'>42<\/a><\/li>\n\n\n\n<li><a href='?page_no=43'>43<\/a><\/li>\n\n\n\n<li><a>...<\/a><\/li>\n\n\n\n<li><a href='?page_no=22911'>22911<\/a><\/li>\n\n\n\n<li><a href='?page_no=22912'>22912<\/a><\/li>\n\n    \n\t\n\n<li >\n\t<a href='?page_no=42'>Next<\/a>\n\t<\/li>\n\n\n    \n\n<li><a href='?page_no=22912'>Last &rsaquo;&rsaquo;<\/a><\/li>\n\n<\/ul>\n\n\n--><br \/>\n<\/body><\/p>\n","protected":false},"excerpt":{"rendered":"<p>Juan Bosch renuncia a la presidencia y militancia del PRD SANTO DOMINGO, el 18 de noviembre de 1973 se produjo la renuncia del Profesor Juan Bosch de la Presidencia y membres\u00eda del Partido Revolucionario Dominicano, con un peque\u00f1o grupo de dirigentes, con los que fund\u00f3 el Partido de la Liberaci\u00f3n Dominicana en el mes de [&hellip;]<\/p>\n","protected":false},"author":3,"featured_media":0,"comment_status":"open","ping_status":"open","sticky":false,"template":"","format":"standard","meta":{"footnotes":""},"categories":[21],"tags":[],"class_list":["post-51684","post","type-post","status-publish","format-standard","hentry","category-cultura"],"_links":{"self":[{"href":"https:\/\/diariodominicano.com\/index.php?rest_route=\/wp\/v2\/posts\/51684","targetHints":{"allow":["GET"]}}],"collection":[{"href":"https:\/\/diariodominicano.com\/index.php?rest_route=\/wp\/v2\/posts"}],"about":[{"href":"https:\/\/diariodominicano.com\/index.php?rest_route=\/wp\/v2\/types\/post"}],"author":[{"embeddable":true,"href":"https:\/\/diariodominicano.com\/index.php?rest_route=\/wp\/v2\/users\/3"}],"replies":[{"embeddable":true,"href":"https:\/\/diariodominicano.com\/index.php?rest_route=%2Fwp%2Fv2%2Fcomments&post=51684"}],"version-history":[{"count":0,"href":"https:\/\/diariodominicano.com\/index.php?rest_route=\/wp\/v2\/posts\/51684\/revisions"}],"wp:attachment":[{"href":"https:\/\/diariodominicano.com\/index.php?rest_route=%2Fwp%2Fv2%2Fmedia&parent=51684"}],"wp:term":[{"taxonomy":"category","embeddable":true,"href":"https:\/\/diariodominicano.com\/index.php?rest_route=%2Fwp%2Fv2%2Fcategories&post=51684"},{"taxonomy":"post_tag","embeddable":true,"href":"https:\/\/diariodominicano.com\/index.php?rest_route=%2Fwp%2Fv2%2Ftags&post=51684"}],"curies":[{"name":"wp","href":"https:\/\/api.w.org\/{rel}","templated":true}]}}