{"id":516819,"date":"2024-03-19T21:03:01","date_gmt":"2024-03-20T01:03:01","guid":{"rendered":"https:\/\/diariodominicano.com\/?p=516819"},"modified":"2024-03-19T21:03:01","modified_gmt":"2024-03-20T01:03:01","slug":"el-artista-colombiano-venesti-recibe-su-primera-nominacion-a-los-latin-american-music-awards-como-nuevo-artista-del-ano","status":"publish","type":"post","link":"https:\/\/diariodominicano.com\/?p=516819","title":{"rendered":"El Artista Colombiano Venesti Recibe su Primera Nominaci\u00f3n a los Latin American Music Awards como \u00abNuevo Artista del A\u00f1o\u00bb"},"content":{"rendered":"\n<p>Miami, Florida | 19 de marzo del 2024 | En un a\u00f1o repleto de \u00e9xitos y reconocimientos, el destacado artista colombiano Venesti agrega un nuevo hito a su ascendente carrera musical al recibir su primera nominaci\u00f3n a los prestigiosos Latin American Music Awards. Compitiendo en la codiciada categor\u00eda de \u00abNuevo Artista del A\u00f1o\u00bb, Venesti se encuentra en la distinguida compa\u00f1\u00eda de talentos emergentes de la escena musical latina, como Peso Pluma, Yng Lvcas, Young Miko y Zhamira Zambrano.<\/p>\n\n\n\n<p>La ceremonia de entrega de los Latin American Music Awards est\u00e1 programada para llevarse a cabo el pr\u00f3ximo 25 de abril en el emblem\u00e1tico MGM Grand Garden Arena en Las Vegas, Nevada. Este evento promete ser una celebraci\u00f3n espectacular de la m\u00fasica latina, reuniendo a las figuras m\u00e1s influyentes de la industria en una noche llena de actuaciones memorables y reconocimientos a los logros art\u00edsticos del a\u00f1o.<\/p>\n\n\n\n<p>La nominaci\u00f3n de Venesti a \u00abNuevo Artista del A\u00f1o\u00bb no solo es un testamento de su talento excepcional y su impacto en la escena musical, sino tambi\u00e9n una invitaci\u00f3n para que sus fan\u00e1ticos y seguidores participen activamente en su trayectoria hacia el \u00e9xito. Los admiradores del artista tienen la oportunidad de apoyarlo votando a trav\u00e9s del portal web oficial de los premios: www.lamasvota.com\/vota.<\/p>\n\n\n\n<p>Venesti ha dominado las listas de m\u00fasica y capturado la atenci\u00f3n del p\u00fablico internacional con su sencillo \u00abNo Es Normal\u00bb, una colaboraci\u00f3n vibrante con el \u00edcono venezolano Nacho y el renombrado productor dominicano Maffio. Manteniendo la primera posici\u00f3n en la lista Latin Airplay de Billboard durante 10 semanas.<\/p>\n\n\n\n<p>Con esta nominaci\u00f3n, el artista colombiano est\u00e1 listo para continuar su trayectoria ascendente en la industria, llevando su talento y pasi\u00f3n por la m\u00fasica a nuevos horizontes<\/p>\n","protected":false},"excerpt":{"rendered":"<p>Miami, Florida | 19 de marzo del 2024 | En un a\u00f1o repleto de \u00e9xitos y reconocimientos, el destacado artista colombiano Venesti agrega un nuevo hito a su ascendente carrera musical al recibir su primera nominaci\u00f3n a los prestigiosos Latin American Music Awards. Compitiendo en la codiciada categor\u00eda de \u00abNuevo Artista del A\u00f1o\u00bb, Venesti se [&hellip;]<\/p>\n","protected":false},"author":7,"featured_media":516840,"comment_status":"closed","ping_status":"","sticky":true,"template":"","format":"standard","meta":{"footnotes":""},"categories":[25,27],"tags":[],"class_list":["post-516819","post","type-post","status-publish","format-standard","has-post-thumbnail","hentry","category-gente","category-portada"],"_links":{"self":[{"href":"https:\/\/diariodominicano.com\/index.php?rest_route=\/wp\/v2\/posts\/516819","targetHints":{"allow":["GET"]}}],"collection":[{"href":"https:\/\/diariodominicano.com\/index.php?rest_route=\/wp\/v2\/posts"}],"about":[{"href":"https:\/\/diariodominicano.com\/index.php?rest_route=\/wp\/v2\/types\/post"}],"author":[{"embeddable":true,"href":"https:\/\/diariodominicano.com\/index.php?rest_route=\/wp\/v2\/users\/7"}],"replies":[{"embeddable":true,"href":"https:\/\/diariodominicano.com\/index.php?rest_route=%2Fwp%2Fv2%2Fcomments&post=516819"}],"version-history":[{"count":1,"href":"https:\/\/diariodominicano.com\/index.php?rest_route=\/wp\/v2\/posts\/516819\/revisions"}],"predecessor-version":[{"id":516841,"href":"https:\/\/diariodominicano.com\/index.php?rest_route=\/wp\/v2\/posts\/516819\/revisions\/516841"}],"wp:featuredmedia":[{"embeddable":true,"href":"https:\/\/diariodominicano.com\/index.php?rest_route=\/wp\/v2\/media\/516840"}],"wp:attachment":[{"href":"https:\/\/diariodominicano.com\/index.php?rest_route=%2Fwp%2Fv2%2Fmedia&parent=516819"}],"wp:term":[{"taxonomy":"category","embeddable":true,"href":"https:\/\/diariodominicano.com\/index.php?rest_route=%2Fwp%2Fv2%2Fcategories&post=516819"},{"taxonomy":"post_tag","embeddable":true,"href":"https:\/\/diariodominicano.com\/index.php?rest_route=%2Fwp%2Fv2%2Ftags&post=516819"}],"curies":[{"name":"wp","href":"https:\/\/api.w.org\/{rel}","templated":true}]}}