{"id":516814,"date":"2024-03-19T18:03:38","date_gmt":"2024-03-19T22:03:38","guid":{"rendered":"https:\/\/diariodominicano.com\/?p=516814"},"modified":"2024-03-19T19:31:15","modified_gmt":"2024-03-19T23:31:15","slug":"la-importancia-que-amerita-la-principal-provincia-turistica","status":"publish","type":"post","link":"https:\/\/diariodominicano.com\/?p=516814","title":{"rendered":"La importancia que amerita la principal provincia tur\u00edstica"},"content":{"rendered":"\n<p><strong><em>Juan Julio Campos, candidato a Senador de la Altagracia<\/em><\/strong><em>, desglosa en debate sus planes de mejora para la provincia<\/em><\/p>\n\n\n\n<p><strong>El candidato a senador del Partido de la Liberaci\u00f3n Dominicana por la provincia de La Altagracia, Juan Julio Campos,<\/strong> prometi\u00f3 que trabajar\u00e1 para mejorar la seguridad de los turistas y los mun\u00edcipes de esa demarcaci\u00f3n y manifest\u00f3 su preocupaci\u00f3n por el deterioro del medio ambiente en esa provincia tur\u00edstica. <\/p>\n\n\n\n<p>Campos explic\u00f3 que Altagracia es la zona tur\u00edstica m\u00e1s importante de la Rep\u00fablica Dominicana, que cuenta con 75 hoteles y m\u00e1s de 45 mil habitaciones.<\/p>\n\n\n\n<p>El actual diputado del PLD expuso sus puntos de vista sobre este y otros temas al participar en el debate pol\u00edtico organizado por el Consejo de Desarrollo Econ\u00f3mico y Social (CODESSCD) y transmitido por el canal estatal y diferentes plataformas digitales.<\/p>\n\n\n\n<p>Reiter\u00f3 la necesidad de mejorar la seguridad en la provincia y promover una imagen positiva a nivel internacional ya que el turismo genera ingresos econ\u00f3micos y fuentes de empleos.<\/p>\n\n\n\n<p>\u201cLa provincia La Altagracia genera el 70 % de los d\u00f3lares al Estado dominicano y es la responsable de recibir el 65 % de los turistas que ingresan al pa\u00eds a trav\u00e9s del aeropuerto internacional de Punta Cana\u201d, resalt\u00f3.<\/p>\n\n\n\n<p>El ex vocero del bloque de diputados del PLD tambi\u00e9n se refiri\u00f3 al tema de medioambiente y desarrollo sostenible se\u00f1alando el descuido de los r\u00edos en la ciudad de Hig\u00fcey, que han sufrido un grave deterioro debido a la falta de medidas de conservaci\u00f3n.<\/p>\n\n\n\n<p>Campos destac\u00f3 la importancia del cuidado del medioambiente para el desarrollo sostenible de la provincia. \u201cTenemos que proteger \u00e1reas naturales como Los Pozos de la Matilla mediante legislaci\u00f3n adecuada\u201d.<\/p>\n\n\n\n<p>El candidato a senador expres\u00f3 su preocupaci\u00f3n por el deterioro de los r\u00edos y la falta de pol\u00edticas efectivas para su conservaci\u00f3n y critic\u00f3 el descuido de las autoridades locales respecto al manejo adecuado de los recursos naturales en La Altagracia.<\/p>\n\n\n\n<p>Ante la creciente&nbsp;escasez&nbsp;de agua en la regi\u00f3n, prometi\u00f3 impulsar la creaci\u00f3n de la Corporaci\u00f3n de Agua y Alcantarillado de la provincia, para remediar el d\u00e9ficit de agua en esa provincia.<\/p>\n\n\n\n<p>En alusi\u00f3n a su competidor por la senadur\u00eda Juan Julio Campos inform\u00f3 de su tiempo en la c\u00e1mara baja y militancia leal al partido que le llev\u00f3 a esa curul, muy por el contrario, a su competidor.<\/p>\n\n\n\n<p>\u201cTenemos 18 a\u00f1os en el Congreso, pero han sido 18 a\u00f1os productivos, y hemos estado de manera ININTERRUMPIDA en una SOLA ORGANIZACI\u00d3N POL\u00cdTICA\u00bb, apunt\u00f3.<\/p>\n\n\n\n<p><strong>SECRETARIA DE COMUNICACIONES<\/strong><\/p>\n","protected":false},"excerpt":{"rendered":"<p>Juan Julio Campos, candidato a Senador de la Altagracia, desglosa en debate sus planes de mejora para la provincia El candidato a senador del Partido de la Liberaci\u00f3n Dominicana por la provincia de La Altagracia, Juan Julio Campos, prometi\u00f3 que trabajar\u00e1 para mejorar la seguridad de los turistas y los mun\u00edcipes de esa demarcaci\u00f3n y [&hellip;]<\/p>\n","protected":false},"author":7,"featured_media":516798,"comment_status":"closed","ping_status":"","sticky":true,"template":"","format":"standard","meta":{"footnotes":""},"categories":[22,27],"tags":[],"class_list":["post-516814","post","type-post","status-publish","format-standard","has-post-thumbnail","hentry","category-politica","category-portada"],"_links":{"self":[{"href":"https:\/\/diariodominicano.com\/index.php?rest_route=\/wp\/v2\/posts\/516814","targetHints":{"allow":["GET"]}}],"collection":[{"href":"https:\/\/diariodominicano.com\/index.php?rest_route=\/wp\/v2\/posts"}],"about":[{"href":"https:\/\/diariodominicano.com\/index.php?rest_route=\/wp\/v2\/types\/post"}],"author":[{"embeddable":true,"href":"https:\/\/diariodominicano.com\/index.php?rest_route=\/wp\/v2\/users\/7"}],"replies":[{"embeddable":true,"href":"https:\/\/diariodominicano.com\/index.php?rest_route=%2Fwp%2Fv2%2Fcomments&post=516814"}],"version-history":[{"count":2,"href":"https:\/\/diariodominicano.com\/index.php?rest_route=\/wp\/v2\/posts\/516814\/revisions"}],"predecessor-version":[{"id":516829,"href":"https:\/\/diariodominicano.com\/index.php?rest_route=\/wp\/v2\/posts\/516814\/revisions\/516829"}],"wp:featuredmedia":[{"embeddable":true,"href":"https:\/\/diariodominicano.com\/index.php?rest_route=\/wp\/v2\/media\/516798"}],"wp:attachment":[{"href":"https:\/\/diariodominicano.com\/index.php?rest_route=%2Fwp%2Fv2%2Fmedia&parent=516814"}],"wp:term":[{"taxonomy":"category","embeddable":true,"href":"https:\/\/diariodominicano.com\/index.php?rest_route=%2Fwp%2Fv2%2Fcategories&post=516814"},{"taxonomy":"post_tag","embeddable":true,"href":"https:\/\/diariodominicano.com\/index.php?rest_route=%2Fwp%2Fv2%2Ftags&post=516814"}],"curies":[{"name":"wp","href":"https:\/\/api.w.org\/{rel}","templated":true}]}}