{"id":516762,"date":"2024-03-19T16:55:44","date_gmt":"2024-03-19T20:55:44","guid":{"rendered":"https:\/\/diariodominicano.com\/?p=516762"},"modified":"2024-03-19T16:55:44","modified_gmt":"2024-03-19T20:55:44","slug":"alcalde-nyc-inaugura-en-el-bronx-instalaciones-vision-global-tv-propiedad-de-dominicano","status":"publish","type":"post","link":"https:\/\/diariodominicano.com\/?p=516762","title":{"rendered":"Alcalde NYC inaugura en El Bronx instalaciones Visi\u00f3n Global TV propiedad de dominicano\u00a0"},"content":{"rendered":"\n<p><strong>Por Ram\u00f3n Mercedes<\/strong><\/p>\n\n\n\n<p><strong>NUEVA YORK.-<\/strong>&nbsp;El alcalde de esta ciudad, Eric Adams, inaugur\u00f3 el pasado fin de semana las nuevas instalaciones de Grupo de Medios Global, Inc., que preside el periodista y empresario dominicano Erick Guti\u00e9rrez.<\/p>\n\n\n\n<p>El Grupo de Medios aloja el canal televisivo Visi\u00f3n Global, la estaci\u00f3n de radio Supra 97.3 FM, tres amplios y confortables estudios, la sala de redacci\u00f3n del peri\u00f3dico El Siglo y un sal\u00f3n de conferencia, con capacidad para m\u00e1s de 100 personas.<\/p>\n\n\n\n<p>Adams, tras realizar el corte de la cinta, defini\u00f3 al periodista Guti\u00e9rrez como un incansable empresario de gran visi\u00f3n que ha logrado realizar un aporte extraordinario a la comunicaci\u00f3n internacional al crear un canal de televisi\u00f3n que est\u00e1 a la altura de las m\u00e1s grandes plataformas televisivas.<\/p>\n\n\n\n<p>Por su parte, Guti\u00e9rrez agradeci\u00f3 al ejecutivo municipal por su apoyo moral y haber encabezado el solemne acto.<\/p>\n\n\n\n<p>Afirm\u00f3 que siempre ha estado enfocado en que los dominicanos y latinos en general tengan una mejor plataforma televisiva a su alcance, lo que le llev\u00f3 a trabajar incansablemente para lograr este gran sue\u00f1o.<\/p>\n\n\n\n<p>Expres\u00f3 que Visi\u00f3n Global TV ofrece a los productores de televisi\u00f3n todas las comodidades y herramientas necesarias para realizar producciones de alta calidad, incluyendo tres estudios de televisi\u00f3n, sal\u00f3n de conferencias, camerinos y mucho m\u00e1s.<\/p>\n\n\n\n<p>Este relanzamiento demuestra que los dominicanos en NYC tienen un canal que no tiene nada que envidiar a los grandes medios, que constituye la opci\u00f3n ideal para cualquier productor que busque un lugar donde realizar sus programas con todas las facilidades necesarias, dijo.<\/p>\n\n\n\n<p>Entre los presentes en el acto estuvieron Frederick Mart\u00ednez (El Pacha) y su productora Katia de los Santos, quienes son parte fundamental de la empresa, sostuvo Guti\u00e9rrez.<\/p>\n\n\n\n<p>Las nuevas instalaciones de Grupo de Medios Global, Inc. est\u00e1n ubicadas en el 448 E. de la calle 173, casi esquina la avenida Park, segundo piso, en El Bronx.<\/p>\n","protected":false},"excerpt":{"rendered":"<p>Por Ram\u00f3n Mercedes NUEVA YORK.-&nbsp;El alcalde de esta ciudad, Eric Adams, inaugur\u00f3 el pasado fin de semana las nuevas instalaciones de Grupo de Medios Global, Inc., que preside el periodista y empresario dominicano Erick Guti\u00e9rrez. El Grupo de Medios aloja el canal televisivo Visi\u00f3n Global, la estaci\u00f3n de radio Supra 97.3 FM, tres amplios y [&hellip;]<\/p>\n","protected":false},"author":28,"featured_media":516763,"comment_status":"closed","ping_status":"","sticky":false,"template":"","format":"standard","meta":{"footnotes":""},"categories":[36,25],"tags":[],"class_list":["post-516762","post","type-post","status-publish","format-standard","has-post-thumbnail","hentry","category-hombresmujeresycosas","category-gente"],"_links":{"self":[{"href":"https:\/\/diariodominicano.com\/index.php?rest_route=\/wp\/v2\/posts\/516762","targetHints":{"allow":["GET"]}}],"collection":[{"href":"https:\/\/diariodominicano.com\/index.php?rest_route=\/wp\/v2\/posts"}],"about":[{"href":"https:\/\/diariodominicano.com\/index.php?rest_route=\/wp\/v2\/types\/post"}],"author":[{"embeddable":true,"href":"https:\/\/diariodominicano.com\/index.php?rest_route=\/wp\/v2\/users\/28"}],"replies":[{"embeddable":true,"href":"https:\/\/diariodominicano.com\/index.php?rest_route=%2Fwp%2Fv2%2Fcomments&post=516762"}],"version-history":[{"count":1,"href":"https:\/\/diariodominicano.com\/index.php?rest_route=\/wp\/v2\/posts\/516762\/revisions"}],"predecessor-version":[{"id":516764,"href":"https:\/\/diariodominicano.com\/index.php?rest_route=\/wp\/v2\/posts\/516762\/revisions\/516764"}],"wp:featuredmedia":[{"embeddable":true,"href":"https:\/\/diariodominicano.com\/index.php?rest_route=\/wp\/v2\/media\/516763"}],"wp:attachment":[{"href":"https:\/\/diariodominicano.com\/index.php?rest_route=%2Fwp%2Fv2%2Fmedia&parent=516762"}],"wp:term":[{"taxonomy":"category","embeddable":true,"href":"https:\/\/diariodominicano.com\/index.php?rest_route=%2Fwp%2Fv2%2Fcategories&post=516762"},{"taxonomy":"post_tag","embeddable":true,"href":"https:\/\/diariodominicano.com\/index.php?rest_route=%2Fwp%2Fv2%2Ftags&post=516762"}],"curies":[{"name":"wp","href":"https:\/\/api.w.org\/{rel}","templated":true}]}}