{"id":516703,"date":"2024-03-19T12:31:29","date_gmt":"2024-03-19T16:31:29","guid":{"rendered":"https:\/\/diariodominicano.com\/?p=516703"},"modified":"2024-03-19T12:31:29","modified_gmt":"2024-03-19T16:31:29","slug":"erick-hernandez-machado-nuevo-coordinador-general-de-participacion-ciudadana","status":"publish","type":"post","link":"https:\/\/diariodominicano.com\/?p=516703","title":{"rendered":"Erick Hern\u00e1ndez Machado, nuevo coordinador general de Participaci\u00f3n Ciudadana"},"content":{"rendered":"\n<p>diariodominicano.com<\/p>\n\n\n\n<p><em>Santo Domingo, R. D., 19 de marzo, 2024.-<\/em>\u00a0\u00a0El Consejo Nacional del movimiento c\u00edvico y cap\u00edtulo dominicano de Transparencia Internacional, Participaci\u00f3n Ciudadana, eligi\u00f3 a Erick Hern\u00e1ndez Machado, como el nuevo coordinador general de la instituci\u00f3n para el periodo 2024-2025.<\/p>\n\n\n\n<p>Erick Hern\u00e1ndez Machado Doctor en Derecho, con una maestr\u00eda en Legislaci\u00f3n Empresarial y Econ\u00f3mica y en Derecho Inmobiliario, con Postgrados en Derecho Civil, Derecho Regulatorio, Derecho Constitucional, Justicia Constitucional, Derechos Fundamentales y Procesos de Amparo.<\/p>\n\n\n\n<p>Se desempe\u00f1\u00f3 como juez Presidente de Corte por 14 a\u00f1os; miembro del Consejo Directivo de la Escuela Nacional de la Judicatura y en la Cooperativa de Servidores Judiciales. Funcionario certificado de Conciliador y Liquidador Ley No. 141-15 de Reestructuraci\u00f3n y Liquidaci\u00f3n de Empresas y Personas F\u00edsicas Comerciantes; Ha sido consultor de la Organizaci\u00f3n Internacional de Trabajo -OIT-;&nbsp;Consultor de la USAID-El Salvador y&nbsp;Asesor Honor\u00edfico del Parlamento Centroamericano. Oficial de Cumplimiento Certificado-Especialidad en Casinos.<\/p>\n\n\n\n<p>Ha publicado obras en diversos temas vinculadas a su ejercicio profesional.<\/p>\n\n\n\n<p>Adem\u00e1s, fue coordinador de la Comisi\u00f3n de Justicia y miembro de la Comisi\u00f3n de Transparencia. Ha tenido reconocimiento del C\u00edrculo de Egresados de UNIBE \u201cEgresado Distinguido\u201d y el Colegio de Abogados de la Rep\u00fablica Dominicana por \u201clos m\u00e9ritos de su brillante trayectoria profesional\u201d.<\/p>\n\n\n\n<p>Un Consejo Nacional renovado<\/p>\n\n\n\n<p>En su XXX Asamblea General Ordinaria, Participaci\u00f3n Ciudadana, renov\u00f3 su Consejo Nacional,&nbsp;\u00f3rgano m\u00e1ximo de direcci\u00f3n que ostenta la representaci\u00f3n de la entidad.&nbsp;Este a\u00f1o fueron electos:&nbsp;Betty del Villar, Erick Hern\u00e1ndez Machado, Jacinta Valdez, Josefina Arvelo y Joseph Abreu, adem\u00e1s de Leidy Blanco, Ram\u00f3n Stalin Montero y Wilfredo De Le\u00f3n, sumado a \u00c1lvaro Caama\u00f1o, quien completar\u00e1 su segundo a\u00f1o ante ese organismo, tras su elecci\u00f3n en la pasada Asamblea de 2023.&nbsp;&nbsp;&nbsp;<\/p>\n\n\n\n<p>La renovaci\u00f3n del Consejo Nacional de Participaci\u00f3n Ciudadana&nbsp;forma parte de las acciones que se realizan anualmente durante la Asamblea General Ordinaria del movimiento c\u00edvico, en la cual participa la membres\u00eda activa de la organizaci\u00f3n.<\/p>\n\n\n\n<p><strong>Consejo Nacional<\/strong><\/p>\n\n\n\n<p><strong>19 de marzo, 2024<\/strong><\/p>\n","protected":false},"excerpt":{"rendered":"<p>diariodominicano.com Santo Domingo, R. D., 19 de marzo, 2024.-\u00a0\u00a0El Consejo Nacional del movimiento c\u00edvico y cap\u00edtulo dominicano de Transparencia Internacional, Participaci\u00f3n Ciudadana, eligi\u00f3 a Erick Hern\u00e1ndez Machado, como el nuevo coordinador general de la instituci\u00f3n para el periodo 2024-2025. Erick Hern\u00e1ndez Machado Doctor en Derecho, con una maestr\u00eda en Legislaci\u00f3n Empresarial y Econ\u00f3mica y en [&hellip;]<\/p>\n","protected":false},"author":5,"featured_media":516704,"comment_status":"closed","ping_status":"","sticky":true,"template":"","format":"standard","meta":{"footnotes":""},"categories":[20,27],"tags":[],"class_list":["post-516703","post","type-post","status-publish","format-standard","has-post-thumbnail","hentry","category-dominicana-hoy","category-portada"],"_links":{"self":[{"href":"https:\/\/diariodominicano.com\/index.php?rest_route=\/wp\/v2\/posts\/516703","targetHints":{"allow":["GET"]}}],"collection":[{"href":"https:\/\/diariodominicano.com\/index.php?rest_route=\/wp\/v2\/posts"}],"about":[{"href":"https:\/\/diariodominicano.com\/index.php?rest_route=\/wp\/v2\/types\/post"}],"author":[{"embeddable":true,"href":"https:\/\/diariodominicano.com\/index.php?rest_route=\/wp\/v2\/users\/5"}],"replies":[{"embeddable":true,"href":"https:\/\/diariodominicano.com\/index.php?rest_route=%2Fwp%2Fv2%2Fcomments&post=516703"}],"version-history":[{"count":1,"href":"https:\/\/diariodominicano.com\/index.php?rest_route=\/wp\/v2\/posts\/516703\/revisions"}],"predecessor-version":[{"id":516705,"href":"https:\/\/diariodominicano.com\/index.php?rest_route=\/wp\/v2\/posts\/516703\/revisions\/516705"}],"wp:featuredmedia":[{"embeddable":true,"href":"https:\/\/diariodominicano.com\/index.php?rest_route=\/wp\/v2\/media\/516704"}],"wp:attachment":[{"href":"https:\/\/diariodominicano.com\/index.php?rest_route=%2Fwp%2Fv2%2Fmedia&parent=516703"}],"wp:term":[{"taxonomy":"category","embeddable":true,"href":"https:\/\/diariodominicano.com\/index.php?rest_route=%2Fwp%2Fv2%2Fcategories&post=516703"},{"taxonomy":"post_tag","embeddable":true,"href":"https:\/\/diariodominicano.com\/index.php?rest_route=%2Fwp%2Fv2%2Ftags&post=516703"}],"curies":[{"name":"wp","href":"https:\/\/api.w.org\/{rel}","templated":true}]}}