{"id":516700,"date":"2024-03-19T12:24:10","date_gmt":"2024-03-19T16:24:10","guid":{"rendered":"https:\/\/diariodominicano.com\/?p=516700"},"modified":"2024-03-19T12:24:10","modified_gmt":"2024-03-19T16:24:10","slug":"presidente-abinader-invita-a-elon-musk-a-visitar-republica-dominicana-para-explorar-oportunidades-tecnologicas","status":"publish","type":"post","link":"https:\/\/diariodominicano.com\/?p=516700","title":{"rendered":"Presidente Abinader invita a Elon Musk a visitar Rep\u00fablica Dominicana para explorar oportunidades tecnol\u00f3gicas"},"content":{"rendered":"\n<p>diariodominicano.com<\/p>\n\n\n\n<p>Santo Domingo, R. D.,\u200219 de marzo, 2024.-\u00a0<strong>El presidente Luis Abinader<\/strong>\u00a0respondi\u00f3 a una publicaci\u00f3n de\u00a0<strong>Elon Musk en X (antes Twitter)<\/strong>, en la que el famoso emprendedor catalog\u00f3 como \u00abinteresante\u00bb la iniciativa de la\u00a0<strong>verja perimetral inteligente entre Rep\u00fablica Dominicana y Hait\u00ed<\/strong>. En su respuesta, el mandatario dominicano extendi\u00f3 una cordial\u00a0<strong>invitaci\u00f3n a Musk para visitar el pa\u00eds\u00a0<\/strong>para explorar las\u00a0<strong>capacidades tecnol\u00f3gicas<\/strong>\u00a0y de\u00a0<strong>manufactura avanzada.<\/strong><\/p>\n\n\n\n<p><em>\u00abTiene raz\u00f3n, @elonmusk. Nuestra iniciativa de verja perimetral inteligente entre Rep\u00fablica Dominicana y Hait\u00ed es, de hecho, un proyecto interesante que se est\u00e1 implementando en este momento, ayudando a mantener seguro nuestro pa\u00eds\u00bb,<\/em>&nbsp;expres\u00f3 el presidente Abinader.<\/p>\n\n\n\n<p>El mandatario resalt\u00f3 que las capacidades tecnol\u00f3gicas y de manufactura en las&nbsp;<strong>zonas francas&nbsp;<\/strong>resultar\u00edan a\u00fan m\u00e1s fascinantes para el visionario empresario.<em>&nbsp;\u00abCreo que encontrar\u00e1 a\u00fan m\u00e1s fascinantes nuestras capacidades de fabricaci\u00f3n tecnol\u00f3gica en las zonas francas. Contamos con una fuerza laboral altamente calificada y una infraestructura s\u00f3lida lista para apoyar la manufactura avanzada\u00bb.<\/em><\/p>\n\n\n\n<p>El presidente Abinader finaliz\u00f3 extendiendo la invitaci\u00f3n:&nbsp;<em>\u00abLo invito a visitarnos en Rep\u00fablica Dominicana cuando quiera para que lo vea por s\u00ed mismo y explore oportunidades potenciales\u00bb<\/em>. Utiliz\u00f3 adem\u00e1s el hashtag #DRisOpenForBusiness, dejando claro el&nbsp;<strong>inter\u00e9s nacional<\/strong>&nbsp;por atraer inversiones de&nbsp;<strong>empresas punteras<\/strong>.<\/p>\n\n\n\n<p>Esta invitaci\u00f3n se enmarca en los esfuerzos continuos del gobierno por posicionar a Rep\u00fablica Dominicana como un&nbsp;<strong>destino atractivo para la innovaci\u00f3n y manufactura de alta tecnolog\u00eda&nbsp;<\/strong>en la regi\u00f3n.<\/p>\n\n\n\n<p>\u00a0<\/p>\n\n\n\n<p>Fuente: Direcci\u00f3n de Estrategia y Comunicaci\u00f3n<\/p>\n\n\n\n<p>Ministerio Administrativo de la Presidencia de la Rep\u00fablica Dominicana<\/p>\n","protected":false},"excerpt":{"rendered":"<p>diariodominicano.com Santo Domingo, R. D.,\u200219 de marzo, 2024.-\u00a0El presidente Luis Abinader\u00a0respondi\u00f3 a una publicaci\u00f3n de\u00a0Elon Musk en X (antes Twitter), en la que el famoso emprendedor catalog\u00f3 como \u00abinteresante\u00bb la iniciativa de la\u00a0verja perimetral inteligente entre Rep\u00fablica Dominicana y Hait\u00ed. En su respuesta, el mandatario dominicano extendi\u00f3 una cordial\u00a0invitaci\u00f3n a Musk para visitar el pa\u00eds\u00a0para [&hellip;]<\/p>\n","protected":false},"author":5,"featured_media":516701,"comment_status":"closed","ping_status":"","sticky":true,"template":"","format":"standard","meta":{"footnotes":""},"categories":[20,18,27],"tags":[],"class_list":["post-516700","post","type-post","status-publish","format-standard","has-post-thumbnail","hentry","category-dominicana-hoy","category-economia","category-portada"],"_links":{"self":[{"href":"https:\/\/diariodominicano.com\/index.php?rest_route=\/wp\/v2\/posts\/516700","targetHints":{"allow":["GET"]}}],"collection":[{"href":"https:\/\/diariodominicano.com\/index.php?rest_route=\/wp\/v2\/posts"}],"about":[{"href":"https:\/\/diariodominicano.com\/index.php?rest_route=\/wp\/v2\/types\/post"}],"author":[{"embeddable":true,"href":"https:\/\/diariodominicano.com\/index.php?rest_route=\/wp\/v2\/users\/5"}],"replies":[{"embeddable":true,"href":"https:\/\/diariodominicano.com\/index.php?rest_route=%2Fwp%2Fv2%2Fcomments&post=516700"}],"version-history":[{"count":1,"href":"https:\/\/diariodominicano.com\/index.php?rest_route=\/wp\/v2\/posts\/516700\/revisions"}],"predecessor-version":[{"id":516702,"href":"https:\/\/diariodominicano.com\/index.php?rest_route=\/wp\/v2\/posts\/516700\/revisions\/516702"}],"wp:featuredmedia":[{"embeddable":true,"href":"https:\/\/diariodominicano.com\/index.php?rest_route=\/wp\/v2\/media\/516701"}],"wp:attachment":[{"href":"https:\/\/diariodominicano.com\/index.php?rest_route=%2Fwp%2Fv2%2Fmedia&parent=516700"}],"wp:term":[{"taxonomy":"category","embeddable":true,"href":"https:\/\/diariodominicano.com\/index.php?rest_route=%2Fwp%2Fv2%2Fcategories&post=516700"},{"taxonomy":"post_tag","embeddable":true,"href":"https:\/\/diariodominicano.com\/index.php?rest_route=%2Fwp%2Fv2%2Ftags&post=516700"}],"curies":[{"name":"wp","href":"https:\/\/api.w.org\/{rel}","templated":true}]}}