{"id":516695,"date":"2024-03-19T12:06:12","date_gmt":"2024-03-19T16:06:12","guid":{"rendered":"https:\/\/diariodominicano.com\/?p=516695"},"modified":"2024-03-19T12:16:38","modified_gmt":"2024-03-19T16:16:38","slug":"conferencia-episcopal-de-haiti-llama-a-poner-fin-a-violencia-mientras-queda-fuera-del-consejo-presidencial-de-transicion-en-haiti","status":"publish","type":"post","link":"https:\/\/diariodominicano.com\/?p=516695","title":{"rendered":"Conferencia Episcopal de Hait\u00ed\u00a0llama a poner fin a  violencia mientras, queda fuera del Consejo Presidencial de Transici\u00f3n en Hait\u00ed"},"content":{"rendered":"\n<p>diariodominicano.com<\/p>\n\n\n\n<p>Puerto Pr\u00edncipe, 19 mar (Prensa Latina) El futuro Consejo Presidencial de Transici\u00f3n (CPT) de Hait\u00ed funcionar\u00e1 sin la presencia del sector religioso, el cual estaba invitado a participar como observador, pero hoy prefiere mantener distancia de la vida pol\u00edtica de la naci\u00f3n caribe\u00f1a.<\/p>\n\n\n\n<p>La Conferencia Episcopal de Hait\u00ed (CEH), que re\u00fane a los obispos de la Iglesia cat\u00f3lica en el pa\u00eds antillano se rehus\u00f3 acogerse a ese aparato y decidi\u00f3 seguir cumpliendo con su misi\u00f3n apost\u00f3lica.<\/p>\n\n\n\n<p>En una nota difundida aqu\u00ed, la CEH expres\u00f3 su deseo de que las conversaciones en curso conduzcan a \u00abun acuerdo patri\u00f3tico genuino, inclusivo y duradero\u00bb en beneficio del pueblo haitiano.<\/p>\n\n\n\n<p>La CEH tambi\u00e9n alienta los esfuerzos de todos los sectores para encontrar una soluci\u00f3n a la crisis actual y restablecer la paz y la seguridad para todos los hijos de la naci\u00f3n, dotando al pa\u00eds de una forma de gobierno de transici\u00f3n inclusiva.<\/p>\n\n\n\n<p>EL ente religioso llam\u00f3 a poner fin a la escalada de violencia que enfrenta Hait\u00ed, pues la destrucci\u00f3n hace retroceder el territorio nacional en su marcha hacia el progreso que todos quieren.<\/p>\n\n\n\n<p>mem\/joe<\/p>\n","protected":false},"excerpt":{"rendered":"<p>diariodominicano.com Puerto Pr\u00edncipe, 19 mar (Prensa Latina) El futuro Consejo Presidencial de Transici\u00f3n (CPT) de Hait\u00ed funcionar\u00e1 sin la presencia del sector religioso, el cual estaba invitado a participar como observador, pero hoy prefiere mantener distancia de la vida pol\u00edtica de la naci\u00f3n caribe\u00f1a. La Conferencia Episcopal de Hait\u00ed (CEH), que re\u00fane a los obispos [&hellip;]<\/p>\n","protected":false},"author":5,"featured_media":516698,"comment_status":"closed","ping_status":"","sticky":true,"template":"","format":"standard","meta":{"footnotes":""},"categories":[112,23,27],"tags":[],"class_list":["post-516695","post","type-post","status-publish","format-standard","has-post-thumbnail","hentry","category-haiti","category-internacional","category-portada"],"_links":{"self":[{"href":"https:\/\/diariodominicano.com\/index.php?rest_route=\/wp\/v2\/posts\/516695","targetHints":{"allow":["GET"]}}],"collection":[{"href":"https:\/\/diariodominicano.com\/index.php?rest_route=\/wp\/v2\/posts"}],"about":[{"href":"https:\/\/diariodominicano.com\/index.php?rest_route=\/wp\/v2\/types\/post"}],"author":[{"embeddable":true,"href":"https:\/\/diariodominicano.com\/index.php?rest_route=\/wp\/v2\/users\/5"}],"replies":[{"embeddable":true,"href":"https:\/\/diariodominicano.com\/index.php?rest_route=%2Fwp%2Fv2%2Fcomments&post=516695"}],"version-history":[{"count":2,"href":"https:\/\/diariodominicano.com\/index.php?rest_route=\/wp\/v2\/posts\/516695\/revisions"}],"predecessor-version":[{"id":516699,"href":"https:\/\/diariodominicano.com\/index.php?rest_route=\/wp\/v2\/posts\/516695\/revisions\/516699"}],"wp:featuredmedia":[{"embeddable":true,"href":"https:\/\/diariodominicano.com\/index.php?rest_route=\/wp\/v2\/media\/516698"}],"wp:attachment":[{"href":"https:\/\/diariodominicano.com\/index.php?rest_route=%2Fwp%2Fv2%2Fmedia&parent=516695"}],"wp:term":[{"taxonomy":"category","embeddable":true,"href":"https:\/\/diariodominicano.com\/index.php?rest_route=%2Fwp%2Fv2%2Fcategories&post=516695"},{"taxonomy":"post_tag","embeddable":true,"href":"https:\/\/diariodominicano.com\/index.php?rest_route=%2Fwp%2Fv2%2Ftags&post=516695"}],"curies":[{"name":"wp","href":"https:\/\/api.w.org\/{rel}","templated":true}]}}