{"id":516692,"date":"2024-03-19T11:57:41","date_gmt":"2024-03-19T15:57:41","guid":{"rendered":"https:\/\/diariodominicano.com\/?p=516692"},"modified":"2024-03-19T11:57:41","modified_gmt":"2024-03-19T15:57:41","slug":"mide-continua-brindando-apoyo-a-operaciones-de-evacuacion-nacionales-y-personal-de-misiones-diplomaticas","status":"publish","type":"post","link":"https:\/\/diariodominicano.com\/?p=516692","title":{"rendered":"MIDE, contin\u00faa brindando apoyo a operaciones de evacuaci\u00f3n  nacionales y personal de misiones diplom\u00e1ticas"},"content":{"rendered":"\n<p>diariodominicano.com<\/p>\n\n\n\n<p>Santo Domingo, R. D.,\u200219 de marzo, 2024.- El Ministerio de Defensa (MIDE)informa que contin\u00faa brindando apoyo a las operaciones de evacuaci\u00f3n preventiva o de emergencia de ciudadanos nacionales, personal de misiones diplom\u00e1ticas y organismos internacionales desde territorio haitiano.<br><br>A trav\u00e9s de estas operaciones de evacuaci\u00f3n, se ha trasladado al territorio dominicano personal que laboraba en la Uni\u00f3n Europea, el Banco Mundial, la Embajada de Canad\u00e1, el Fondo Monetario Internacional, las Naciones Unidas y la Embajada de Cuba. Hasta la fecha, se han transportado 174 hombres, 105 mujeres, 9 ni\u00f1as y 8 ni\u00f1os, para un total de 296 personas.<br><br>Ante el aumento de solicitudes de traslado para el personal de varias misiones diplom\u00e1ticas, el Ministerio de Defensa ha recibido solicitudes de apoyo de los Estados Unidos y Canad\u00e1 para apoyar las misiones diplom\u00e1ticas en la regi\u00f3n de ambas naciones amigas mientras responden a la situaci\u00f3n incierta de seguridad en Hait\u00ed.<br><br>Los dos pa\u00edses solicitaron el permiso para tener acceso temporal de personal y equipamiento, incluyendo aeronaves, para apoyar estos objetivos y \u00a0 el equipamiento estar\u00e1 llegando en los pr\u00f3ximos d\u00edas y semanas. El Ministerio de Defensa de la Rep\u00fablica Dominicana colaborar\u00e1, como viene haciendo hasta ahora, para que estos operativos de evacuaci\u00f3n se ejecuten con eficiencia y cumplan los objetivos determinados.<\/p>\n\n\n\n<p><strong><em>Departamento de Prensa<\/em><\/strong><\/p>\n\n\n\n<p><em><strong>Direcci\u00f3n de Asuntos Civiles del Estado Mayor Conjunto, J5<\/strong><\/em><\/p>\n\n\n\n<p><em><strong>Ministerio de Defensa de Rep\u00fablica Dominicana<\/strong><\/em><\/p>\n","protected":false},"excerpt":{"rendered":"<p>diariodominicano.com Santo Domingo, R. D.,\u200219 de marzo, 2024.- El Ministerio de Defensa (MIDE)informa que contin\u00faa brindando apoyo a las operaciones de evacuaci\u00f3n preventiva o de emergencia de ciudadanos nacionales, personal de misiones diplom\u00e1ticas y organismos internacionales desde territorio haitiano. A trav\u00e9s de estas operaciones de evacuaci\u00f3n, se ha trasladado al territorio dominicano personal que laboraba [&hellip;]<\/p>\n","protected":false},"author":5,"featured_media":516693,"comment_status":"closed","ping_status":"","sticky":true,"template":"","format":"standard","meta":{"footnotes":""},"categories":[20,27],"tags":[],"class_list":["post-516692","post","type-post","status-publish","format-standard","has-post-thumbnail","hentry","category-dominicana-hoy","category-portada"],"_links":{"self":[{"href":"https:\/\/diariodominicano.com\/index.php?rest_route=\/wp\/v2\/posts\/516692","targetHints":{"allow":["GET"]}}],"collection":[{"href":"https:\/\/diariodominicano.com\/index.php?rest_route=\/wp\/v2\/posts"}],"about":[{"href":"https:\/\/diariodominicano.com\/index.php?rest_route=\/wp\/v2\/types\/post"}],"author":[{"embeddable":true,"href":"https:\/\/diariodominicano.com\/index.php?rest_route=\/wp\/v2\/users\/5"}],"replies":[{"embeddable":true,"href":"https:\/\/diariodominicano.com\/index.php?rest_route=%2Fwp%2Fv2%2Fcomments&post=516692"}],"version-history":[{"count":1,"href":"https:\/\/diariodominicano.com\/index.php?rest_route=\/wp\/v2\/posts\/516692\/revisions"}],"predecessor-version":[{"id":516694,"href":"https:\/\/diariodominicano.com\/index.php?rest_route=\/wp\/v2\/posts\/516692\/revisions\/516694"}],"wp:featuredmedia":[{"embeddable":true,"href":"https:\/\/diariodominicano.com\/index.php?rest_route=\/wp\/v2\/media\/516693"}],"wp:attachment":[{"href":"https:\/\/diariodominicano.com\/index.php?rest_route=%2Fwp%2Fv2%2Fmedia&parent=516692"}],"wp:term":[{"taxonomy":"category","embeddable":true,"href":"https:\/\/diariodominicano.com\/index.php?rest_route=%2Fwp%2Fv2%2Fcategories&post=516692"},{"taxonomy":"post_tag","embeddable":true,"href":"https:\/\/diariodominicano.com\/index.php?rest_route=%2Fwp%2Fv2%2Ftags&post=516692"}],"curies":[{"name":"wp","href":"https:\/\/api.w.org\/{rel}","templated":true}]}}