{"id":516689,"date":"2024-03-19T11:45:33","date_gmt":"2024-03-19T15:45:33","guid":{"rendered":"https:\/\/diariodominicano.com\/?p=516689"},"modified":"2024-03-19T11:45:33","modified_gmt":"2024-03-19T15:45:33","slug":"jose-ruben-conell-cosme-no-vislumbra-que-leyes-de-cine-y-de-mecenazgo-vayan-a-ser-anuladas-con-una-nueva-reforma-fiscal","status":"publish","type":"post","link":"https:\/\/diariodominicano.com\/?p=516689","title":{"rendered":"Jos\u00e9 Ruben Conell Cosme no vislumbra que leyes de Cine y de Mecenazgo vayan a ser anuladas con una nueva reforma fiscal"},"content":{"rendered":"\n<p>diariodominicano.com<\/p>\n\n\n\n<p>Santo Domingo, R. D.,\u200219 de marzo, 2024.-\u2002El director general de la Oficina Nacional de Derecho de Autor (ONDA), Jos\u00e9 Rub\u00e9n Gonell Cosme, descart\u00f3 que el presidente Luis Abinader acoja cualquier sugerencia que vaya a afectar los aportes que hace el Estado a la industria creativa nacional, y muy en especial, las leyes de Cine y Mecenazgo, las que ha venido apoyando de manera decidida en sus cuatro a\u00f1os de gesti\u00f3n gubernamental.<\/p>\n\n\n\n<p>Gonell Cosme hizo el comentario al referirse a lo planteado en el seminario organizado por la Academia Dominicana de Periodistas de Arte y Espect\u00e1culos (ADOPAE), celebrado el pasado jueves, en el que productores de cine se refirieron a una eventual reforma fiscal que conllevar\u00eda la eliminaci\u00f3n de la Ley General de Cine, que facilita incentivos a ese sector creativo nacional.<\/p>\n\n\n\n<p>El funcionario no descart\u00f3 que haya sectores dentro y fuera del sector p\u00fablico con recelos sobre los incentivos que recibe o pueda recibir la industria creativa nacional, y dud\u00f3 que entre quienes as\u00ed piensan en el Estado est\u00e9 el presidente Abinader.<\/p>\n\n\n\n<p>Al respecto, agreg\u00f3 que quienes pudieran estar pensando en eliminar tales incentivos \u201clo hacen porque ignoran que este es un sector que genera riqueza, genera empleos y divisas, y que est\u00e1 en pleno desarrollo, por lo que la ley que lo incentiva debe mantenerse\u201d.<\/p>\n\n\n\n<p>Manifest\u00f3 que quienes emprenden proyectos destinados a crear bienes y servicios culturales est\u00e1n frente al desaf\u00edo de aquellos que insisten en presentar la cultura como accesorio de la econom\u00eda y no como un rubro de la econom\u00eda que motoriza riqueza a lo largo y ancho de la naci\u00f3n.<\/p>\n\n\n\n<p>Subray\u00f3 la importancia de entender que la industria creativa no solo es un generador de riqueza, empleo y divisas para el pa\u00eds, sino que se encuentra en una fase de crecimiento robusto que justifica la continuaci\u00f3n de pol\u00edticas de apoyo. Este sector, lejos de ser un mero aditamento, es un motor econ\u00f3mico que impulsa el desarrollo nacional y refuerza la identidad dominicana en el escenario global.<\/p>\n\n\n\n<p>Gonell Cosme destac\u00f3 proyectos emblem\u00e1ticos como el emprendido por One Race Films, del reconocido actor Vin Diesel, en Punta Bergant\u00edn, con la construcci\u00f3n de un moderno estudio de cine y un centro de formaci\u00f3n. Estas iniciativas evidencian la confianza y el potencial visto en la industria cinematogr\u00e1fica dominicana.<\/p>\n\n\n\n<p>Se refiri\u00f3 a los datos aportados por Marianna Vargas Gurilieva, directora general de la DGCINE, en mismo el foro de ADOPAE, los que dijo ilustran el impacto positivo de la ley de cine, especialmente en el crecimiento econ\u00f3mico post-COVID-19, con una movilizaci\u00f3n superior a los RD$25,000 millones entre 2022 y 2023.<\/p>\n\n\n\n<p>El legado de esta legislaci\u00f3n incluye la creaci\u00f3n de cinco estudios, un tanque de agua de 65,000 pies cuadrados, y m\u00e1s de 26,000 empleos directos e indirectos, beneficiando a 350 empresas especializadas y proveedores de servicios.<\/p>\n\n\n\n<p>Adem\u00e1s, se destac\u00f3 el impacto significativo en las micro y peque\u00f1as empresas, con una revitalizaci\u00f3n notable en las principales locaciones de filmaci\u00f3n del pa\u00eds, lideradas por Santo Domingo, Saman\u00e1, La Romana, Juan Dolio, Boca Chica y Puerto Plata, demostrando el amplio alcance y la influencia positiva de la industria cinematogr\u00e1fica en la econom\u00eda dominicana.<\/p>\n\n\n\n<p>Gonell Cosme concluy\u00f3 se\u00f1alando que la firmeza y claridad en la posici\u00f3n del gobierno reafirma el reconocimiento de la cultura y la creatividad como uno de los ejes centrales del desarrollo econ\u00f3mico y social de Rep\u00fablica Dominicana, asegurando un futuro prometedor para la industria del cine y, por extensi\u00f3n, para la cultura dominicana en el panorama global, por lo que, a su entender, el sector cultural y creativo en general no tiene por qu\u00e9 temer.<\/p>\n\n\n\n<p>Departamento de Comunicaciones de la ONDA<\/p>\n","protected":false},"excerpt":{"rendered":"<p>diariodominicano.com Santo Domingo, R. D.,\u200219 de marzo, 2024.-\u2002El director general de la Oficina Nacional de Derecho de Autor (ONDA), Jos\u00e9 Rub\u00e9n Gonell Cosme, descart\u00f3 que el presidente Luis Abinader acoja cualquier sugerencia que vaya a afectar los aportes que hace el Estado a la industria creativa nacional, y muy en especial, las leyes de Cine [&hellip;]<\/p>\n","protected":false},"author":5,"featured_media":516690,"comment_status":"closed","ping_status":"","sticky":true,"template":"","format":"standard","meta":{"footnotes":""},"categories":[20,27],"tags":[],"class_list":["post-516689","post","type-post","status-publish","format-standard","has-post-thumbnail","hentry","category-dominicana-hoy","category-portada"],"_links":{"self":[{"href":"https:\/\/diariodominicano.com\/index.php?rest_route=\/wp\/v2\/posts\/516689","targetHints":{"allow":["GET"]}}],"collection":[{"href":"https:\/\/diariodominicano.com\/index.php?rest_route=\/wp\/v2\/posts"}],"about":[{"href":"https:\/\/diariodominicano.com\/index.php?rest_route=\/wp\/v2\/types\/post"}],"author":[{"embeddable":true,"href":"https:\/\/diariodominicano.com\/index.php?rest_route=\/wp\/v2\/users\/5"}],"replies":[{"embeddable":true,"href":"https:\/\/diariodominicano.com\/index.php?rest_route=%2Fwp%2Fv2%2Fcomments&post=516689"}],"version-history":[{"count":1,"href":"https:\/\/diariodominicano.com\/index.php?rest_route=\/wp\/v2\/posts\/516689\/revisions"}],"predecessor-version":[{"id":516691,"href":"https:\/\/diariodominicano.com\/index.php?rest_route=\/wp\/v2\/posts\/516689\/revisions\/516691"}],"wp:featuredmedia":[{"embeddable":true,"href":"https:\/\/diariodominicano.com\/index.php?rest_route=\/wp\/v2\/media\/516690"}],"wp:attachment":[{"href":"https:\/\/diariodominicano.com\/index.php?rest_route=%2Fwp%2Fv2%2Fmedia&parent=516689"}],"wp:term":[{"taxonomy":"category","embeddable":true,"href":"https:\/\/diariodominicano.com\/index.php?rest_route=%2Fwp%2Fv2%2Fcategories&post=516689"},{"taxonomy":"post_tag","embeddable":true,"href":"https:\/\/diariodominicano.com\/index.php?rest_route=%2Fwp%2Fv2%2Ftags&post=516689"}],"curies":[{"name":"wp","href":"https:\/\/api.w.org\/{rel}","templated":true}]}}