{"id":516685,"date":"2024-03-19T11:36:07","date_gmt":"2024-03-19T15:36:07","guid":{"rendered":"https:\/\/diariodominicano.com\/?p=516685"},"modified":"2024-03-19T11:36:07","modified_gmt":"2024-03-19T15:36:07","slug":"proponen-al-caricom-a-louis-gerald-gilles-lider-del-noulha-para-formar-parte-del-consejo-presidencial-de-transicion-en-haiti","status":"publish","type":"post","link":"https:\/\/diariodominicano.com\/?p=516685","title":{"rendered":"Proponen al Caricom a Louis G\u00e9rald Gilles, l\u00edder del NOULHA para formar parte del Consejo Presidencial de Transici\u00f3n en Hait\u00ed"},"content":{"rendered":"\n<p>diariodominicano.com<\/p>\n\n\n\n<p>Puerto Pr\u00edncipe, 19 mar (Prensa Latina) Hait\u00ed est\u00e1 hoy mucho m\u00e1s cerca de contar con un Consejo Presidencial de Transici\u00f3n (CPT), luego que una agrupaci\u00f3n lograra un consenso sobre sus candidatos.<\/p>\n\n\n\n<p>El l\u00edder del partido pol\u00edtico NOULHA y firmante del Acuerdo del 21 de diciembre, Louis G\u00e9rald Gilles fue designado por las diversas ramas de este grupo para formar parte del CPT.<\/p>\n\n\n<div class=\"wp-block-image\">\n<figure class=\"alignleft size-full is-resized\"><img loading=\"lazy\" decoding=\"async\" width=\"1024\" height=\"673\" src=\"https:\/\/diariodominicano.com\/wp-content\/uploads\/2024\/03\/caricom-haiti-consejo-de-transicion-19-3-24.jpg\" alt=\"\" class=\"wp-image-516687\" style=\"width:303px;height:auto\" srcset=\"https:\/\/diariodominicano.com\/wp-content\/uploads\/2024\/03\/caricom-haiti-consejo-de-transicion-19-3-24.jpg 1024w, https:\/\/diariodominicano.com\/wp-content\/uploads\/2024\/03\/caricom-haiti-consejo-de-transicion-19-3-24-300x197.jpg 300w, https:\/\/diariodominicano.com\/wp-content\/uploads\/2024\/03\/caricom-haiti-consejo-de-transicion-19-3-24-768x505.jpg 768w, https:\/\/diariodominicano.com\/wp-content\/uploads\/2024\/03\/caricom-haiti-consejo-de-transicion-19-3-24-816x536.jpg 816w\" sizes=\"auto, (max-width: 1024px) 100vw, 1024px\" \/><\/figure>\n<\/div>\n\n\n<p>Su nombre fue enviado la v\u00edspera a la Comunidad del Caribe (Caricom), que ahora tiene oficialmente seis personalidades para el CPT.<\/p>\n\n\n\n<p>\u00abS\u00ed, hemos llegado a un acuerdo con el bloque minoritario del Acuerdo 21 de Diciembre para nombrar a Louis G\u00e9rald Gilles en el Consejo Presidencial\u00bb, dijo el exdiputado Vikerson Garnier, quien se postul\u00f3 para el CPT.<\/p>\n\n\n\n<p>El exdiputado Abel Descolines, que apoy\u00f3 la candidatura de Vikerson Garnier, tambi\u00e9n confirm\u00f3 el consenso alcanzado en torno a Gilles.<\/p>\n\n\n\n<p>\u00abLevaillant Louis-Jeune y Vikerson Garnier, los dos candidatos del Acuerdo de 21 de diciembre, se reunieron y llegaron a un acuerdo sobre Louis G\u00e9rald Gilles como nuestro representante en el Consejo Presidencial\u00bb, confirm\u00f3 al diario Le Nouvelliste el exsenador, Sorel Jacinthe.<\/p>\n\n\n\n<p>El exparlamentario explic\u00f3 que todo lo relacionado con Gilles fue enviado a la Caricom para el seguimiento necesario.<\/p>\n\n\n\n<p>Ahora todos est\u00e1n a la espera del pr\u00f3ximo paso de la Caricom, para que el CPT comience a funcionar, pero de seguro, lo primero ser\u00e1 publicar la lista de dicho grupo que trabajar\u00e1n bajo la \u00e9gida de Michel Patrick Boisvert,al frente del Consejo de Ministros.<\/p>\n\n\n\n<p>El CPT est\u00e1 integrado ahora por seis miembros, entre ellos est\u00e1n, el Colectivo de Partidos Pol\u00edticos del 30 de enero que nomin\u00f3 a Edgard Leblanc; Fanmi Lavalas nomin\u00f3 a Leslie Voltaire; Marie Ghislaine Mompremier es la representante del grupo EDE, RED y Compromiso Hist\u00f3rico.<\/p>\n\n\n\n<p>El Acuerdo de Montana eligi\u00f3 a Fritz Alphonse, Laurent St Cyr fue nombrado por el sector privado y Louis G\u00e9rald Gilles representa el Acuerdo del 21 de diciembre.<\/p>\n\n\n\n<p>La Caricom est\u00e1 tratando de instalar el consejo antes del despliegue de la Misi\u00f3n Multinacional de Apoyo a la Seguridad en Hait\u00ed.<\/p>\n\n\n\n<p>El CPT una vez en funciones, tendr\u00e1 que nombrar a un Primer Ministro; formar un gobierno concertado con \u00e9l.<\/p>\n\n\n\n<p>Tambi\u00e9n conformar el Consejo Electoral Provisional; formular necesidades adicionales para que las fuerzas de seguridad nacionales ordinarias se dirijan a la comunidad internacional y establecer un Consejo de Seguridad Nacional.<\/p>\n\n\n\n<p>Asimismo, firmar\u00e1 decretos y \u00f3rdenes dictados por el Consejo de Ministros; y la continuaci\u00f3n de las relaciones con Kenya en el marco de la Misi\u00f3n Internacional de Apoyo a la Seguridad.<\/p>\n\n\n\n<p>El consejo gozar\u00e1 de todas las atribuciones presidenciales conferidas por la Constituci\u00f3n.<\/p>\n\n\n\n<p>mem\/joe<\/p>\n","protected":false},"excerpt":{"rendered":"<p>diariodominicano.com Puerto Pr\u00edncipe, 19 mar (Prensa Latina) Hait\u00ed est\u00e1 hoy mucho m\u00e1s cerca de contar con un Consejo Presidencial de Transici\u00f3n (CPT), luego que una agrupaci\u00f3n lograra un consenso sobre sus candidatos. El l\u00edder del partido pol\u00edtico NOULHA y firmante del Acuerdo del 21 de diciembre, Louis G\u00e9rald Gilles fue designado por las diversas ramas [&hellip;]<\/p>\n","protected":false},"author":5,"featured_media":516686,"comment_status":"closed","ping_status":"","sticky":true,"template":"","format":"standard","meta":{"footnotes":""},"categories":[112,23,27],"tags":[],"class_list":["post-516685","post","type-post","status-publish","format-standard","has-post-thumbnail","hentry","category-haiti","category-internacional","category-portada"],"_links":{"self":[{"href":"https:\/\/diariodominicano.com\/index.php?rest_route=\/wp\/v2\/posts\/516685","targetHints":{"allow":["GET"]}}],"collection":[{"href":"https:\/\/diariodominicano.com\/index.php?rest_route=\/wp\/v2\/posts"}],"about":[{"href":"https:\/\/diariodominicano.com\/index.php?rest_route=\/wp\/v2\/types\/post"}],"author":[{"embeddable":true,"href":"https:\/\/diariodominicano.com\/index.php?rest_route=\/wp\/v2\/users\/5"}],"replies":[{"embeddable":true,"href":"https:\/\/diariodominicano.com\/index.php?rest_route=%2Fwp%2Fv2%2Fcomments&post=516685"}],"version-history":[{"count":1,"href":"https:\/\/diariodominicano.com\/index.php?rest_route=\/wp\/v2\/posts\/516685\/revisions"}],"predecessor-version":[{"id":516688,"href":"https:\/\/diariodominicano.com\/index.php?rest_route=\/wp\/v2\/posts\/516685\/revisions\/516688"}],"wp:featuredmedia":[{"embeddable":true,"href":"https:\/\/diariodominicano.com\/index.php?rest_route=\/wp\/v2\/media\/516686"}],"wp:attachment":[{"href":"https:\/\/diariodominicano.com\/index.php?rest_route=%2Fwp%2Fv2%2Fmedia&parent=516685"}],"wp:term":[{"taxonomy":"category","embeddable":true,"href":"https:\/\/diariodominicano.com\/index.php?rest_route=%2Fwp%2Fv2%2Fcategories&post=516685"},{"taxonomy":"post_tag","embeddable":true,"href":"https:\/\/diariodominicano.com\/index.php?rest_route=%2Fwp%2Fv2%2Ftags&post=516685"}],"curies":[{"name":"wp","href":"https:\/\/api.w.org\/{rel}","templated":true}]}}