{"id":516665,"date":"2024-03-19T10:36:43","date_gmt":"2024-03-19T14:36:43","guid":{"rendered":"https:\/\/diariodominicano.com\/?p=516665"},"modified":"2024-03-19T10:36:43","modified_gmt":"2024-03-19T14:36:43","slug":"republica-dominicana-defiende-la-paz-y-la-convivencia-en-la-unesco","status":"publish","type":"post","link":"https:\/\/diariodominicano.com\/?p=516665","title":{"rendered":"Rep\u00fablica Dominicana defiende la paz y la convivencia en la Unesco"},"content":{"rendered":"\n<p>diariodominicano.com<\/p>\n\n\n\n<p>Par\u00eds, 19 mar (Prensa Latina) El delegado permanente de la Rep\u00fablica Dominicana Andr\u00e9s Mateo llam\u00f3 hoy en el Consejo Ejecutivo de la Unesco a apostar por la paz y la convivencia frente a los grandes desaf\u00edos de la humanidad.<\/p>\n\n\n\n<p>Al intervenir en la Sesi\u00f3n 219 del \u00f3rgano de gobernanza, del cual Dominicana es uno de sus 58 miembros, subray\u00f3 el rechaz\u00f3 en\u00e9rgico de su pa\u00eds al terrorismo y a los cr\u00edmenes que se cometen contra el pueblo palestino.<\/p>\n\n\n\n<p>Adem\u00e1s de la guerra entre Rusia y Ucrania, nos encontramos con la situaci\u00f3n de la Franja de Gaza, cuyo espect\u00e1culo de exterminio deja despavoridos a cuantos hemos abrazado el concepto de la humanidad como una sublime conquista del conglomerado social, subray\u00f3 a prop\u00f3sito de la agresi\u00f3n israel\u00ed en represalia por los ataques de Hamas del 7 de octubre.<\/p>\n\n\n\n<p>El diplom\u00e1tico record\u00f3 que el planeta viene de un siglo XX de \u201camarguras extremas, de reordenamiento del mundo, de dos grandes guerras mundiales, desplegadas fundamentalmente en territorio europeo y de una concentraci\u00f3n polarizada de la riqueza y el saber\u201d.<\/p>\n\n\n\n<p>En su defensa de la paz, resalt\u00f3 el papel de la Unesco y el compromiso dominicano con su consecuci\u00f3n.<\/p>\n\n\n\n<p>Asimismo, abord\u00f3 como otro de los desaf\u00edos actuales de la humanidad el empobrecimiento acelerado de la inteligencia natural frente a lo que consider\u00f3 un control inexorable del mundo por los algoritmos.<\/p>\n\n\n\n<p>\u201cHablamos ya casi en un lenguaje binario, el no me gusta, el me gusta, o el like, como la gran construcci\u00f3n cognitiva del intelecto del mundo posmoderno\u201d, advirti\u00f3. A juicio del embajador Mateo, urge con el aporte de la Unesco la creaci\u00f3n de un nuevo contrato social para la sobrevivencia del g\u00e9nero humano.<\/p>\n\n\n\n<p>mem\/wmr<\/p>\n","protected":false},"excerpt":{"rendered":"<p>diariodominicano.com Par\u00eds, 19 mar (Prensa Latina) El delegado permanente de la Rep\u00fablica Dominicana Andr\u00e9s Mateo llam\u00f3 hoy en el Consejo Ejecutivo de la Unesco a apostar por la paz y la convivencia frente a los grandes desaf\u00edos de la humanidad. Al intervenir en la Sesi\u00f3n 219 del \u00f3rgano de gobernanza, del cual Dominicana es uno [&hellip;]<\/p>\n","protected":false},"author":5,"featured_media":516667,"comment_status":"closed","ping_status":"","sticky":true,"template":"","format":"standard","meta":{"footnotes":""},"categories":[20,27],"tags":[],"class_list":["post-516665","post","type-post","status-publish","format-standard","has-post-thumbnail","hentry","category-dominicana-hoy","category-portada"],"_links":{"self":[{"href":"https:\/\/diariodominicano.com\/index.php?rest_route=\/wp\/v2\/posts\/516665","targetHints":{"allow":["GET"]}}],"collection":[{"href":"https:\/\/diariodominicano.com\/index.php?rest_route=\/wp\/v2\/posts"}],"about":[{"href":"https:\/\/diariodominicano.com\/index.php?rest_route=\/wp\/v2\/types\/post"}],"author":[{"embeddable":true,"href":"https:\/\/diariodominicano.com\/index.php?rest_route=\/wp\/v2\/users\/5"}],"replies":[{"embeddable":true,"href":"https:\/\/diariodominicano.com\/index.php?rest_route=%2Fwp%2Fv2%2Fcomments&post=516665"}],"version-history":[{"count":1,"href":"https:\/\/diariodominicano.com\/index.php?rest_route=\/wp\/v2\/posts\/516665\/revisions"}],"predecessor-version":[{"id":516668,"href":"https:\/\/diariodominicano.com\/index.php?rest_route=\/wp\/v2\/posts\/516665\/revisions\/516668"}],"wp:featuredmedia":[{"embeddable":true,"href":"https:\/\/diariodominicano.com\/index.php?rest_route=\/wp\/v2\/media\/516667"}],"wp:attachment":[{"href":"https:\/\/diariodominicano.com\/index.php?rest_route=%2Fwp%2Fv2%2Fmedia&parent=516665"}],"wp:term":[{"taxonomy":"category","embeddable":true,"href":"https:\/\/diariodominicano.com\/index.php?rest_route=%2Fwp%2Fv2%2Fcategories&post=516665"},{"taxonomy":"post_tag","embeddable":true,"href":"https:\/\/diariodominicano.com\/index.php?rest_route=%2Fwp%2Fv2%2Ftags&post=516665"}],"curies":[{"name":"wp","href":"https:\/\/api.w.org\/{rel}","templated":true}]}}