{"id":516656,"date":"2024-03-19T10:10:39","date_gmt":"2024-03-19T14:10:39","guid":{"rendered":"https:\/\/diariodominicano.com\/?p=516656"},"modified":"2024-03-19T11:17:20","modified_gmt":"2024-03-19T15:17:20","slug":"presidente-abinader-descarta-suspension-temporal-reunion-con-prensa","status":"publish","type":"post","link":"https:\/\/diariodominicano.com\/?p=516656","title":{"rendered":"Presidente Abinader no acoge sugerencia de Participaci\u00f3n Ciudadana de suspender actividades como La Semanal por per\u00edodo de campa\u00f1a Electoral"},"content":{"rendered":"\n<p>diariodominicano.com<\/p>\n\n\n\n<p>Santo Domingo, 19 mar El presidente Luis Abinader, no acogi\u00f3  la sugerencia de Participaci\u00f3n Ciudadana (PC) de suspender actividades de manera temporal, por el per\u00edodo de campa\u00f1a electoral como las inauguraciones y  el encuentro que encabeza cada lunes: La Semanal,  con la prensa nacional para para responder preguntas de los representantes de medios de comunicaci\u00f3n. <\/p>\n\n\n\n<p>El pasado d\u00eda 13 el movimiento c\u00edvico no partidista PC pidi\u00f3 al presidente  Abinader interrumpir de manera temporal \u201cLa Semanal\u201d, y retomar ese espacio despu\u00e9s de las las elecciones presidenciales y congresuales del 19 de mayo pr\u00f3ximo pues entiende que esa reuni\u00f3n ayuda a la promoci\u00f3n electoral.<\/p>\n\n\n\n<p>El Presidente Abinader sostuvo  que no ve motivos para suspender el encuentro porque en esa conferencia de los lunes \u00abrespondo a las quejas, a los requerimientos y a las informaciones de toda la poblaci\u00f3n\u00bb.<\/p>\n\n\n\n<p>Dijo  que si la excusa es que a LA Semanal acude la prensa, a todos los lugares donde \u00abvaya el presidente, va a estar la prensa\u00bb.<\/p>\n\n\n\n<p>Plante\u00f3 que en el mundo actual lo que las sociedades reclaman son gobernantes que hablen y eso es lo que \u00e9l est\u00e1 haciendo, \u00aba pecho abierto\u00bb.<\/p>\n\n\n\n<p>En un comunicado de prensa, PC inst\u00f3 a Abinader a colaborar con la transparencia y equidad de la Constituci\u00f3n nacional a prop\u00f3sito de los pr\u00f3ximos comicios.<\/p>\n\n\n\n<p>\u201cLa actividad citada promueve su obra de gobierno y contribuye a su promoci\u00f3n electoral, colocando a los dem\u00e1s candidatos a la presidencia en una situaci\u00f3n de desigualdad, pues genera mucha publicidad al encontrarse todos los medios convocados a la sede del gobierno central\u201d, se\u00f1al\u00f3  el 13 de marzo Participaci\u00f3n Ciudadana en comunicado de prensa..<\/p>\n\n\n\n<p>Manifest\u00f3 que la suspensi\u00f3n de La Semanal ser\u00eda coherente con el contenido de su Decreto No. 1-24, que dispone la prohibici\u00f3n de \u201cusar publicidad que tenga por objeto o efecto destacar los logros de gesti\u00f3n o los objetivos alcanzados, salvo en el per\u00edodo de rendici\u00f3n de cuentas ante el Congreso Nacional\u201d.<\/p>\n\n\n\n<p><strong>Participaci\u00f3n Ciudadana expres\u00f3 posici\u00f3n en dos comunicados de prensa<\/strong>: <\/p>\n\n\n<p><span lang=ES-DO style='mso-ansi-language:ES-DO'>Santo Domingo, RD.-<br \/>\nParticipaci\u00f3n Ciudadana, solicit\u00f3<\/span>\u2002<span lang=ES-DO style='mso-ansi-language:\nES-DO'>al presidente Luis Abinader el mi\u00e9rcoles 13 de marzo de 2024 <span\nstyle='mso-spacerun:yes'>\u00a0<\/span>su colaboraci\u00f3n con la finalidad de que la<br \/>\npresente campa\u00f1a electoral se lleve a cabo dentro de los par\u00e1metros de<br \/>\ntransparencia y equidad que manda la Constituci\u00f3n de la Rep\u00fablica Dominicana.<o:p><\/o:p><\/span><\/p>\n<p><!-- \/wp:post-content --><!-- wp:paragraph --><\/p>\n<p><span lang=ES-DO style='mso-ansi-language:ES-DO'>PC expuso al presidente<br \/>\nAbinader en un comunicado que \u201ctenga a bien suspender, hasta despu\u00e9s de<br \/>\nterminado el proceso electoral, la actividad que lleva a cabo todos los lunes,<br \/>\ndenominada \u2018La Semanal\u2019, en la que informa al pa\u00eds sobre su labor de gobierno,<br \/>\nla cual valoramos en tanto acerca el presidente a la ciudadan\u00eda\u201d.<o:p><\/o:p><\/span><\/p>\n<p><!-- \/wp:paragraph --><!-- wp:paragraph --><\/p>\n<p><span lang=ES-DO style='mso-ansi-language:ES-DO'>En la comunicaci\u00f3n enviada<br \/>\nal Presidente Abinader, Participaci\u00f3n Ciudadana plantea que \u2018La Semanal\u2019<br \/>\npromueve su obra de gobierno y contribuye a su promoci\u00f3n electoral, colocando a<br \/>\nlos dem\u00e1s candidatos a la presidencia en una situaci\u00f3n de desigualdad, pues<br \/>\ngenera mucha publicidad al encontrarse todos los medios convocados a la sede<br \/>\ndel gobierno central.<o:p><\/o:p><\/span><\/p>\n<p><!-- \/wp:paragraph --><!-- wp:paragraph --><\/p>\n<p><span lang=ES-DO style='mso-ansi-language:ES-DO'>A juicio de PC, la<br \/>\nsuspensi\u00f3n de esta actividad ser\u00eda coherente con el contenido de su Decreto<br \/>\n&nbsp;&nbsp;&nbsp;&nbsp;&nbsp;&nbsp;&nbsp;&nbsp;&nbsp;&nbsp;&nbsp;&nbsp;&nbsp;&nbsp;&nbsp;&nbsp;&nbsp;&nbsp;&nbsp;&nbsp;&nbsp;&nbsp;&nbsp;&nbsp;No.<br \/>\n1-24, que es un excelente instrumento para regular la publicidad oficial y<br \/>\ndispone en su art\u00edculo 5, literal h, la prohibici\u00f3n de \u201cusar publicidad que<br \/>\ntenga por objeto o efecto destacar los logros de gesti\u00f3n o los objetivos<br \/>\nalcanzados, salvo en el marco del per\u00edodo de rendici\u00f3n de cuentas ante el<br \/>\nCongreso Nacional\u201d.<o:p><\/o:p><\/span><\/p>\n<p><!-- \/wp:paragraph --><!-- wp:paragraph --><\/p>\n<p><span lang=ES-DO style='mso-ansi-language:ES-DO'>Participaci\u00f3n Ciudadana<br \/>\ntambi\u00e9n invit\u00f3 a suspender la inauguraci\u00f3n o actividades p\u00fablicas para iniciar<br \/>\nobras del gobierno, hasta despu\u00e9s de las elecciones de mayo.<o:p><\/o:p><\/span><\/p>\n<p><!-- \/wp:paragraph --><!-- wp:paragraph --><\/p>\n<p><span lang=ES-DO style='mso-ansi-language:ES-DO'>Al hacer la invitaci\u00f3n a<br \/>\nsuspender la actividad, PC expresa al Presidente Abinader: \u201cReconocemos su<br \/>\nderecho a llevar a cabo estas actividades hasta 60 d\u00edas antes de las<br \/>\nelecciones, es decir hasta el 20 de marzo, para lo que faltan escasos d\u00edas,<br \/>\npero ser\u00eda un gesto importante que contribuir\u00eda a mejorar el ambiente<br \/>\nelectoral, adem\u00e1s de ayudar a la equidad, pues otros candidatos y candidatas a<br \/>\nla presidencia no tienen esta oportunidad que, qui\u00e9rase o no, genera favor<br \/>\nelectoral\u201d.<o:p><\/o:p><\/span><\/p>\n<p><b style='mso-bidi-font-weight:normal'><span lang=ES-DO style='mso-ansi-language:\nES-DO'>Presidente Abinader tiene gran oportunidad<o:p><\/o:p><\/span><\/b><\/p>\n<p><!-- \/wp:paragraph --><!-- wp:paragraph --><\/p>\n<p><span lang=ES-DO style='mso-ansi-language:ES-DO'>El Movimiento C\u00edvico<br \/>\nParticipaci\u00f3n Ciudadana se\u00f1ala est\u00e1 convencido de que el mandatario valorar\u00e1<br \/>\nlas peticiones que ha hecho en su justa dimensi\u00f3n, \u201cya que s\u00f3lo nos mueve el<br \/>\nprop\u00f3sito de seguir contribuyendo al avance y fortalecimiento del sistema<br \/>\nelectoral de nuestro pa\u00eds\u201d, lo cual ha sido expresado por el jefe de Estado<br \/>\nreiteradamente<o:p><\/o:p><\/span><\/p>\n<p><!-- \/wp:paragraph --><\/p>\n<p class=MsoNormal><b style='mso-bidi-font-weight:normal'><span lang=ES-DO\nstyle='mso-ansi-language:ES-DO'><span style='mso-spacerun:yes'>\u00a0<\/span>Participaci\u00f3n<br \/>\nCiudadana: Domingo 17 de marzo de 2024<o:p><\/o:p><\/span><\/b><\/p>\n<p><span lang=ES-DO style='mso-ansi-language:ES-DO'>El domingo 17 de marzo de<br \/>\n2024, a trav\u00e9s de un comunicado de prensa PC record\u00f3 que las elecciones<br \/>\nmunicipales del 18 de febrero mostraron niveles de organizaci\u00f3n que muchos<br \/>\npa\u00edses ambicionan.<strong> Pero tambi\u00e9n mostraron que persisten acciones que<br \/>\nhace a\u00f1os est\u00e1n prohibidas y que se sostienen por la impunidad y se realizan a<br \/>\nla vista de todo el mundo, sin que ninguna autoridad intervenga para<br \/>\ndetenerlas.<\/strong><o:p><\/o:p><\/span><\/p>\n<p><!-- \/wp:paragraph --><!-- wp:paragraph --><\/p>\n<p><span lang=ES-DO style='mso-ansi-language:ES-DO'>En este sentido, la<br \/>\nAsamblea de Participaci\u00f3n Ciudadana proclam\u00f3 un conjunto de propuestas<br \/>\ndirigidas a diferentes instituciones, con las que reclaman a las entidades que<br \/>\ncumplan con las atribuciones que las leyes le confieren, como en el caso de la<br \/>\nJunta Central Electoral, que en calidad de organismo rector del proceso, adem\u00e1s<br \/>\nde asegurarse de los aspectos log\u00edsticos y administrativos debe tomar todas las<br \/>\nmedidas de lugar para la aplicaci\u00f3n firme de las consecuencias que la ley prev\u00e9<br \/>\npara garantizar la limpieza y la equidad que son pilares fundamentales de los<br \/>\nreg\u00edmenes democr\u00e1ticos.<o:p><\/o:p><\/span><\/p>\n<p><!-- \/wp:paragraph --><!-- wp:paragraph --><\/p>\n<p><span lang=ES-DO style='mso-ansi-language:ES-DO'>De igual modo la Asamblea<\/span>\u2002<span\nlang=ES-DO style='mso-ansi-language:ES-DO'>de PC llam\u00f3 a todos los partidos<br \/>\npol\u00edticos a elevar el nivel del debate y hacer una campa\u00f1a con m\u00e1s contenido<br \/>\nsocial, mostrando un firme compromiso con el avance de la naci\u00f3n y, sobre todo,<br \/>\ncumplir las leyes electorales y de partidos; mientras que de la Procuradur\u00eda<br \/>\nEspecializada contra los Delitos Electorales,<strong> reclamaron mayor<br \/>\npresencia y un<s>a<\/s>&nbsp;accionar m\u00e1s contundente en la persecuci\u00f3n y documentaci\u00f3n<br \/>\nde los delitos electorales, y que junto a la polic\u00eda electoral, pueda jugar un<br \/>\npapel m\u00e1s efectivo en la prevenci\u00f3n, disuasi\u00f3n y castigo, sin los cuales los<br \/>\nllamados al orden son in\u00fatiles.<\/strong><o:p><\/o:p><\/span><\/p>\n<p><!-- \/wp:paragraph --><!-- wp:paragraph --><\/p>\n<p><span lang=ES-DO style='mso-ansi-language:ES-DO'>El voluntariado tambi\u00e9n<br \/>\nreiter\u00f3 al presidente Luis Abinader que tiene una gran oportunidad de hacer una<br \/>\ndiferencia, tal como ha prometido, recordando que las reelecciones o intentos<br \/>\nde reelecci\u00f3n se constituyeron en el pasado en derroches de recursos a favor de<br \/>\nlos candidatos oficiales y una fuente de enriquecimiento para unos pocos,<br \/>\nsituaci\u00f3n de la que dieron testimonio p\u00fablico algunos actores, por lo cual<br \/>\nParticipaci\u00f3n Ciudadana espera que no sea as\u00ed y que el presidente ejerza<br \/>\npositivamente su liderazgo para disuadir cualquier intento de repetir una<br \/>\npr\u00e1ctica que es da\u00f1ina a la democracia y est\u00e1 prohibida por la Constituci\u00f3n y<br \/>\nlas leyes.<o:p><\/o:p><\/span><\/p>\n<p><!-- \/wp:paragraph --><\/p>\n<p class=MsoNormal><span lang=ES-DO style='mso-ansi-language:ES-DO'><o:p>&nbsp;<\/o:p><\/span><\/p>\n<p class=MsoNormal><span lang=ES-DO style='mso-ansi-language:ES-DO'><o:p>&nbsp;<\/o:p><\/span><\/p>","protected":false},"excerpt":{"rendered":"<p>diariodominicano.com Santo Domingo, 19 mar El presidente Luis Abinader, no acogi\u00f3 la sugerencia de Participaci\u00f3n Ciudadana (PC) de suspender actividades de manera temporal, por el per\u00edodo de campa\u00f1a electoral como las inauguraciones y el encuentro que encabeza cada lunes: La Semanal, con la prensa nacional para para responder preguntas de los representantes de medios de [&hellip;]<\/p>\n","protected":false},"author":5,"featured_media":516659,"comment_status":"closed","ping_status":"","sticky":true,"template":"","format":"standard","meta":{"footnotes":""},"categories":[20,27],"tags":[],"class_list":["post-516656","post","type-post","status-publish","format-standard","has-post-thumbnail","hentry","category-dominicana-hoy","category-portada"],"_links":{"self":[{"href":"https:\/\/diariodominicano.com\/index.php?rest_route=\/wp\/v2\/posts\/516656","targetHints":{"allow":["GET"]}}],"collection":[{"href":"https:\/\/diariodominicano.com\/index.php?rest_route=\/wp\/v2\/posts"}],"about":[{"href":"https:\/\/diariodominicano.com\/index.php?rest_route=\/wp\/v2\/types\/post"}],"author":[{"embeddable":true,"href":"https:\/\/diariodominicano.com\/index.php?rest_route=\/wp\/v2\/users\/5"}],"replies":[{"embeddable":true,"href":"https:\/\/diariodominicano.com\/index.php?rest_route=%2Fwp%2Fv2%2Fcomments&post=516656"}],"version-history":[{"count":8,"href":"https:\/\/diariodominicano.com\/index.php?rest_route=\/wp\/v2\/posts\/516656\/revisions"}],"predecessor-version":[{"id":516683,"href":"https:\/\/diariodominicano.com\/index.php?rest_route=\/wp\/v2\/posts\/516656\/revisions\/516683"}],"wp:featuredmedia":[{"embeddable":true,"href":"https:\/\/diariodominicano.com\/index.php?rest_route=\/wp\/v2\/media\/516659"}],"wp:attachment":[{"href":"https:\/\/diariodominicano.com\/index.php?rest_route=%2Fwp%2Fv2%2Fmedia&parent=516656"}],"wp:term":[{"taxonomy":"category","embeddable":true,"href":"https:\/\/diariodominicano.com\/index.php?rest_route=%2Fwp%2Fv2%2Fcategories&post=516656"},{"taxonomy":"post_tag","embeddable":true,"href":"https:\/\/diariodominicano.com\/index.php?rest_route=%2Fwp%2Fv2%2Ftags&post=516656"}],"curies":[{"name":"wp","href":"https:\/\/api.w.org\/{rel}","templated":true}]}}